{"id":2585,"date":"2012-09-09T13:59:20","date_gmt":"2012-09-09T13:59:20","guid":{"rendered":"http:\/\/imediata.org\/?p=2585"},"modified":"2012-09-09T13:59:20","modified_gmt":"2012-09-09T13:59:20","slug":"a-revolucao-nao-sera-teletransmitida-intelectuais-em-apoio-a-chavez","status":"publish","type":"post","link":"https:\/\/imediata.org\/?p=2585","title":{"rendered":">> A Revolu\u00e7\u00e3o n\u00e3o ser\u00e1 teletransmitida + Intelectuais em apoio a Ch\u00e1vez"},"content":{"rendered":"<p><\/br><br \/>\n<strong>A Revolu\u00e7\u00e3o n\u00e3o ser\u00e1 tele transmitida + Intelectuais em apoio a Ch\u00e1vez<br \/>\n<\/br><br \/>\nA Revolu\u00e7\u00e3o n\u00e3o ser\u00e1 tele transmitida<\/strong><br \/>\n<strong>(60 minutos \u2013 Venezuela \u2013 abril de 2002 \u2013 em ingl\u00eas e espanhol, com legendas em italiano)<\/strong><br \/>\n<iframe loading=\"lazy\" src=\"http:\/\/player.vimeo.com\/video\/12898332?title=0&amp;byline=0&amp;portrait=0&amp;color=f20511\" width=\"500\" height=\"375\" frameborder=\"0\" webkitAllowFullScreen mozallowfullscreen allowFullScreen><\/iframe> <\/p>\n<p><a href=\"http:\/\/vimeo.com\/12898332\">La Rivoluzione non sar\u00e0 Teletrasmessa<\/a> from <a href=\"http:\/\/vimeo.com\/user4145345\">Alf<\/a> on <a href=\"http:\/\/vimeo.com\">Vimeo<\/a>.<\/p>\n<p><\/br><br \/>\nVia: <a href=\"http:\/\/www.stampalibera.com\/\">stampalibera<\/a>, de onde foi extra\u00eddo o texto abaixo. Para ler o texto integral (em italiano), onde se tra\u00e7am paralelos com outros tipo de \u201cgolpes\u201d, onde s\u00e3o impostos governos n\u00e3o-eleitos: <a href=\"http:\/\/www.stampalibera.com\/?p=51701#more-51701\">http:\/\/www.stampalibera.com\/?p=51701#more-51701<\/a><br \/>\n<\/br><\/p>\n<p>Um document\u00e1rio extraordin\u00e1rio. Quando a realidade supera a fic\u00e7\u00e3o cinematogr\u00e1fica.<br \/>\n<\/br><\/p>\n<p>Uma trupa europeia, empenhada em filmar o movimento bolivariano, acabou sendo involunt\u00e1ria testemunha e cronista de um golpe de estado pelo qual a \u201cchamada\u201d oposi\u00e7\u00e3o democr\u00e1tica tentou remover Hugo Ch\u00e1vez do governo da Venezuela.<br \/>\n<\/br><\/p>\n<p>O governo golpista de Pedro Carmona durou apenas tr\u00eas dias, derrubado pela mobiliza\u00e7\u00e3o popular que imp\u00f4s o retorno de Ch\u00e1vez e pela escolha da maioria do ex\u00e9rcito de permanecer fiel \u00e0 Constitui\u00e7\u00e3o, mas inicialmente, foi reconhecido como leg\u00edtimo pelos EUA, pelo governo Aznar da Espanha e pelo PD na It\u00e1lia, entre outros.<br \/>\n<\/br><br \/>\nNo filme pode-se apreciar tamb\u00e9m o papel golpista desempenhado pelos meios de comunica\u00e7\u00e3o de massas na Venezuela. Nenhuma das redes de tev\u00ea golpista foi fechada, por\u00e9m. Depois de anos, n\u00e3o foram renovadas as licen\u00e7as para as frequ\u00eancias nacionais para a RCTV, o que fez com que \u201cdemocratas\u201d do mundo todo (talvez os mesmos que tinham apoiado o golpe) qualificassem isso de esc\u00e2ndalo e atentado \u00e0 pluralidade de informa\u00e7\u00f5es.<br \/>\n<\/br><\/p>\n<p>O comovente filme \u00e9 muito importante e deve ser visto. Revela que os criminosos servos dos bancos podem ser expulsos, nos ensina que o povo deve ser soberano e vigiar.<\/p>\n<p><\/br><\/p>\n<p><strong>Intelectuais do mundo inteiro em apoio a Ch\u00e1vez<\/strong><br \/>\n<\/br><\/p>\n<p><strong>Fonte: <a href=\"http:\/\/pcb.org.br\/portal\/index.php?option=com_content&#038;view=article&#038;id=4681:intelectuais-do-mundo-inteiro-em-apoio-a-chavez&#038;catid=54:venezuela\">PCB<\/a><\/strong><\/p>\n<p><\/br><\/p>\n<p>Nossa solidariedade com a Venezuela bolivariana<br \/>\n<\/br><\/p>\n<p>Ocorrer\u00e3o elei\u00e7\u00f5es na Venezuela no pr\u00f3ximo 07 de outubro. Esse dia vai decidir o destino de uma revolu\u00e7\u00e3o que retirou a maioria das pessoas deste pa\u00eds da marginaliza\u00e7\u00e3o e do estado de abandono em que viviam, e ao mesmo tempo fez contribui\u00e7\u00f5es decisivas para a integra\u00e7\u00e3o da Am\u00e9rica Latina e do Caribe, assim como ao processo de transforma\u00e7\u00e3o nesta \u00e1rea.<br \/>\n<\/br><\/p>\n<p>Ao longo destes anos e, particularmente, durante a presente campanha eleitoral, os Estados Unidos colocaram em pr\u00e1tica na Venezuela as mais diversas formas de interfer\u00eancia, seja de uma maneira expl\u00edcita ou atrav\u00e9s de entidades supostamente aut\u00f4nomas. Ao mesmo tempo, os meios de comunica\u00e7\u00e3o, a servi\u00e7o da rea\u00e7\u00e3o interna e dos interesses imperialistas, t\u00eam trabalhado sem parar para prejudicar a imagem da revolu\u00e7\u00e3o bolivariana e, em particular, a imagem do seu l\u00edder, o presidente Hugo Ch\u00e1vez Frias. Ele foi acusado de ser antidemocr\u00e1tico, sem se levar em conta que, durante seu governo, ele foi treze vezes submetido a referendos e elei\u00e7\u00f5es. Eles t\u00eam inclusive recorrido a inf\u00e2mias associadas ao seu estado de sa\u00fade. Agora tamb\u00e9m est\u00e3o tentando minimizar a legitimidade do Conselho Nacional Eleitoral, para criar uma atmosfera de desconfian\u00e7a em torno das elei\u00e7\u00f5es e seus resultados, definindo as bases para poss\u00edveis a\u00e7\u00f5es em vista de uma futura desestabiliza\u00e7\u00e3o.<br \/>\n<\/br><\/p>\n<p>Consciente da import\u00e2ncia deste momento hist\u00f3rico para a Venezuela, a Am\u00e9rica Latina, o Caribe e o mundo, n\u00f3s declaramos a nossa solidariedade com a evolu\u00e7\u00e3o bolivariana e seu presidente, exigindo respeito \u00e0 soberania do povo venezuelano e chamamos intelectuais, artistas e ativistas sociais para apoiarem esta iniciativa.<br \/>\n<\/br><\/p>\n<p>Assinam intelectuais, artistas e ativistas sociais da rede &#8220;Em defesa da humanidade&#8221;.<br \/>\n<\/br><\/p>\n<p>Adolfo P\u00e9rez Esquivel, Argentina; Oscar Niemeyer, Brasil; Alicia Alonso, Cuba; Samir Amir, Egipto; Roberto Fern\u00e1ndez Retamar, Cuba; Pablo Gonz\u00e1lez Casanova, M\u00e9xico; Miguel Barnet, Cuba; Alfonso Sastre, Espa\u00f1a; Leo Brouwer, Cuba; Padre Miguel d&#8217;Escoto, Nicaragua; Danny Glover, EE.UU.; Frei Betto, Brasil; Graziella Pogolotti, Cuba; Ignacio Ramonet, Espa\u00f1a\/Francia, Ramsey Clak, EEUU; Alfredo Guevara, Cuba; Luis Britto Garc\u00eda, Venezuela; Fernando Mart\u00ednez Heredia, Cuba; Rafael Cancel Miranda, Puerto Rico; Thiago de Mello, Brasil; Atilio Bor\u00f3n, Argentina; Rev. Ra\u00fal Su\u00e1rez, Cuba; Daniel Viglietti, Uruguay; Andy Monta\u00f1ez, Puerto Rico; Andr\u00e9s Sorel, Espa\u00f1a; Eduardo Torres Cuevas, Cuba; Cindy Sheehan, EEUU; Fran\u00e7ois Houtart, B\u00e9lgica; Pablo Armando Fern\u00e1ndez, Cuba; Pablo Guayasam\u00edn, Ecuador; Manuel Cabieses, Chile; Osvaldo Mart\u00ednez, Cuba; William Blum, EE.UU.; Stella Calloni, Argentina; Luciano Vasapollo, Italia; Danny Rivera, Puerto Rico; V\u00edctor Heredia, Argentina; Santiago Alba Rico, Espa\u00f1a; Luis Carbonell, Cuba; Carmen Boh\u00f3rquez, Venezuela; Michael Parenti, EEUU; Camille Chalmer, Hait\u00ed; Ram\u00f3n Chao, Espa\u00f1a\/Francia; H\u00e9ctor D\u00edaz-Polanco, M\u00e9xico; Ramiro Guerra, Cuba; Franz Hinkelammert, Alemania\/C.Rica; Alicia Hermida, Espa\u00f1a; Bernard Cassen, Francia; Mart\u00edn Almada, Paraguay; Jorge Ibarra, Cuba; Willie Toledo, Espa\u00f1a; Oscar Zanetti, Cuba; Carlos Fern\u00e1ndez Liria, Espa\u00f1a; Red Ronnie, Italia; Carlos Molina, El Salvador; Ricardo Flecha, Paraguay; Jorge Perugorr\u00eda, Cuba; Luis Alegre Zahonero, Espa\u00f1a; Flora Fong, Cuba; Digna Guerra, Cuba; Boris Kagarlitsky, Rusia; Sa\u00fal Landau, EE.UU.; Adalberto \u00c1lvar ez, Cuba; Fernando Buen Abad, M\u00e9xico; Jaime Losada, Espa\u00f1a; Gilberto L\u00f3pez y Rivas, M\u00e9xico; Hugo Moldiz, Bolivia; Marilia Guimaraes, Brasil; Ana Esther Cece\u00f1a, M\u00e9xico; Hildebrando P\u00e9rez Granda, Per\u00fa; Carlo Frabetti, Italia\/Espa\u00f1a, Roberto M\u00e9ndez, Cuba, Pascual Serrano, Espa\u00f1a; Salim Lamrani, Francia; Irene Amador, Colombia\/Espa\u00f1a; Corina Mestre, Cuba; Fernando Rend\u00f3n, Colombia; Arturo Corcuera, Per\u00fa; Ra\u00fal P\u00e9rez Torres, Ecuador; Gennaro Carotenuto, Italia; Hernando Calvo Ospina, Colombia\/Francia; Lesbia Vent Dumois, Cuba; Javier Couso, Espa\u00f1a; Cecilia Todd, Venezuela; Rigoberto L\u00f3pez, Cuba; Eva Golinger, EEUU\/Venezuela; Francisco Villa, Chile; Jane Franklin, EEUU; Adamos Katsantonis, Chipre.<\/p>\n","protected":false},"excerpt":{"rendered":"<p>A Revolu\u00e7\u00e3o n\u00e3o ser\u00e1 tele transmitida + Intelectuais em apoio a Ch\u00e1vez A Revolu\u00e7\u00e3o n\u00e3o ser\u00e1 tele transmitida (60 minutos \u2013 Venezuela \u2013 abril de 2002 \u2013 em ingl\u00eas e espanhol, com legendas em italiano) La Rivoluzione non sar\u00e0 Teletrasmessa from Alf on Vimeo. Via: stampalibera, de onde foi extra\u00eddo o texto abaixo. Para ler [&hellip;]<\/p>\n","protected":false},"author":1,"featured_media":0,"comment_status":"open","ping_status":"open","sticky":false,"template":"","format":"standard","meta":{"footnotes":""},"categories":[9],"tags":[1478,1479,452,1480,472],"class_list":["post-2585","post","type-post","status-publish","format-standard","hentry","category-lance-de-dados","tag-a-revolucao-nao-sera-teletransmitida","tag-golpe-contra-hugo-chavez","tag-hugo-chavez","tag-solidariedade-dos-intelectuais-a-hugo-chavez","tag-venezuela"],"_links":{"self":[{"href":"https:\/\/imediata.org\/index.php?rest_route=\/wp\/v2\/posts\/2585","targetHints":{"allow":["GET"]}}],"collection":[{"href":"https:\/\/imediata.org\/index.php?rest_route=\/wp\/v2\/posts"}],"about":[{"href":"https:\/\/imediata.org\/index.php?rest_route=\/wp\/v2\/types\/post"}],"author":[{"embeddable":true,"href":"https:\/\/imediata.org\/index.php?rest_route=\/wp\/v2\/users\/1"}],"replies":[{"embeddable":true,"href":"https:\/\/imediata.org\/index.php?rest_route=%2Fwp%2Fv2%2Fcomments&post=2585"}],"version-history":[{"count":1,"href":"https:\/\/imediata.org\/index.php?rest_route=\/wp\/v2\/posts\/2585\/revisions"}],"predecessor-version":[{"id":2586,"href":"https:\/\/imediata.org\/index.php?rest_route=\/wp\/v2\/posts\/2585\/revisions\/2586"}],"wp:attachment":[{"href":"https:\/\/imediata.org\/index.php?rest_route=%2Fwp%2Fv2%2Fmedia&parent=2585"}],"wp:term":[{"taxonomy":"category","embeddable":true,"href":"https:\/\/imediata.org\/index.php?rest_route=%2Fwp%2Fv2%2Fcategories&post=2585"},{"taxonomy":"post_tag","embeddable":true,"href":"https:\/\/imediata.org\/index.php?rest_route=%2Fwp%2Fv2%2Ftags&post=2585"}],"curies":[{"name":"wp","href":"https:\/\/api.w.org\/{rel}","templated":true}]}}