{"id":2551,"date":"2012-09-06T13:36:58","date_gmt":"2012-09-06T13:36:58","guid":{"rendered":"http:\/\/imediata.org\/?p=2551"},"modified":"2012-09-06T13:36:59","modified_gmt":"2012-09-06T13:36:59","slug":"grecia-%e2%80%93-cobaia-para-o-massacre-social-europeu-%e2%80%93-para-sair-da-crise-trabalhem-como-escravos-por-debora-billi","status":"publish","type":"post","link":"https:\/\/imediata.org\/?p=2551","title":{"rendered":">> Gr\u00e9cia \u2013 cobaia para o massacre social europeu \u2013 para sair da crise, trabalhem como escravos, por Debora Billi"},"content":{"rendered":"<p><\/br><br \/>\n<strong>Gr\u00e9cia \u2013 cobaia para o massacre social europeu \u2013 para sair da crise, trabalhem como escravos<\/strong><br \/>\n<\/br><br \/>\n<a href=\"http:\/\/imediata.org\/wp-content\/uploads\/2012\/09\/1.jpg\"><img loading=\"lazy\" decoding=\"async\" src=\"http:\/\/imediata.org\/wp-content\/uploads\/2012\/09\/1.jpg\" alt=\"\" title=\"1\" width=\"640\" height=\"457\" class=\"alignright size-full wp-image-2552\" srcset=\"https:\/\/imediata.org\/wp-content\/uploads\/2012\/09\/1.jpg 640w, https:\/\/imediata.org\/wp-content\/uploads\/2012\/09\/1-300x214.jpg 300w\" sizes=\"auto, (max-width: 640px) 100vw, 640px\" \/><\/a><br \/>\ncharge via <a href=\"http:\/\/ouropel.blogspot.com.br\/\">Quatro Almas<\/a><br \/>\n<\/br><br \/>\n<strong>Carta da Gr\u00e9cia: para sair da crise, trabalhem como escravos<br \/>\nFONTE: <a href=\"http:\/\/www.RAINEWS24.RAI.IT\">RAINEWS24.RAI.IT<\/a> de 5.09.2012 via <a href=\"http:\/\/www.ilribelle.com \">il ribelle<\/a><br \/>\nTradu\u00e7\u00e3o: Mario S. Mieli<\/strong><br \/>\n<\/br><br \/>\nEis os pontos salientes de uma missiva recebida por Samaras e enviada pelo BCE,  pelo FMI e pela Comiss\u00e3o Europeia com \u201csugest\u00f5es\u201d para que o Pa\u00eds saia da crise. Denominador comum: quebrar as costas dos cidad\u00e3os.<br \/>\n<\/br><br \/>\nA) Incremento da flexibilidade dos hor\u00e1rios de trabalho: em todos os setores se deveria passar de cinco a seis dias de trabalho por semana.<br \/>\n<\/br><br \/>\nB) Reduzir o descanso di\u00e1rio para um m\u00e1ximo de 11 horas: as horas de trabalho deveriam, assim, ser 13. Eliminar qualquer restri\u00e7\u00e3o de hor\u00e1rio m\u00e1ximo entre a parte da manh\u00e3 e da tarde.<br \/>\n<\/br><br \/>\nD) Reduzir a uma s\u00f3 tipologia (e cifra) o sal\u00e1rio m\u00ednimo: n\u00e3o se especifica qual seria o montante \u201cideal\u201d, mas se enfatiza que em um Pa\u00eds como a Gr\u00e9cia, no qual o desemprego \u00e9 t\u00e3o elevado, \u00e9 preciso desincentiv\u00e1-lo, tornando-o menos \u201cconveniente\u201d.  <\/p>\n<p><\/br><br \/>\n<a href=\"http:\/\/imediata.org\/wp-content\/uploads\/2012\/09\/t_29_08_2012.jpg\"><img loading=\"lazy\" decoding=\"async\" src=\"http:\/\/imediata.org\/wp-content\/uploads\/2012\/09\/t_29_08_2012.jpg\" alt=\"\" title=\"t_29_08_2012\" width=\"350\" height=\"227\" class=\"alignright size-full wp-image-2553\" srcset=\"https:\/\/imediata.org\/wp-content\/uploads\/2012\/09\/t_29_08_2012.jpg 350w, https:\/\/imediata.org\/wp-content\/uploads\/2012\/09\/t_29_08_2012-300x194.jpg 300w\" sizes=\"auto, (max-width: 350px) 100vw, 350px\" \/><\/a><br \/>\ncharge via <a href=\"http:\/\/www.rebelion.org\/\">Rebelion<\/a><br \/>\n<\/br><\/p>\n<p><strong>Crise na Gr\u00e9cia: e agora a ign\u00f3bil Europa pretende que trabalhem 6 dias em cada 7<\/strong><br \/>\n<\/br><\/p>\n<p><strong>Por: Debora Billi<br \/>\nFonte: <a href=\"Link: http:\/\/crisis.blogosfere.it\/2012\/09\/crisi-grecia-e-ora-lignobile-europa-pretende-che-lavorino-6-giorni-su-7.html\">http:\/\/crisis.blogosfere.it<\/a> de 5.09.2012<br \/>\n<\/strong><br \/>\n<\/br><\/p>\n<p>N\u00e3o t\u00eam fim as torturas infligidas \u00e0 popula\u00e7\u00e3o <a href=\"http:\/\/crisis.blogosfere.it\/tag\/Grecia\">grega<\/a>. As mentes mais <a href=\"http:\/\/crisis.blogosfere.it\/2012\/02\/crisi-grecia-criminali-ci-vuole-unaltra-norimberga.html\">criminosas <\/a>da Europa est\u00e3o continuamente em a\u00e7\u00e3o para excogitar o pr\u00f3ximo tormento ao qual submeter aquele infeliz Pa\u00eds. A \u00faltima nos \u00e9 relatada pelo <a href=\"http:\/\/www.guardian.co.uk\/business\/2012\/sep\/04\/eurozone-six-day-week-greece\">Guardian<\/a>.<br \/>\n<\/br><\/p>\n<p>A Eurozona exige que a semana de trabalho tenha seis dias para os gregos. Os credores querem que o governo ateniense <strong>introduza a semana de trabalho de seis dias<\/strong>, como condi\u00e7\u00e3o para o segundo resgate. O pedido est\u00e1 contido numa carta da <strong>troika<\/strong> dos emprestadores, ou seja, a Comiss\u00e3o Europeia, o BCE e o FMI. Na carta, solicita-se a ades\u00e3o ao pacote de austeridade imposto, e se insiste na necessidade de <strong>reformas radicais do trabalho<\/strong>, dos sal\u00e1rios m\u00ednimos aos extraordin\u00e1rios e ao hor\u00e1rio flex\u00edvel.<br \/>\n  <\/br><\/p>\n<p>N\u00e3o est\u00e1 claro porque pretendem que se trabalhe tanto, j\u00e1 que uma boa parte dos gregos est\u00e1 desempregada, os que trabalham perderam boa parte do sal\u00e1rio e, al\u00e9m disso, no Pa\u00eds n\u00e3o tem mais nada o que ser produzido. <strong><a href=\"http:\/\/crisis.blogosfere.it\/2011\/09\/qualche-verita-sulla-grecia.html\">\u00c9 s\u00f3 tortura.<\/a><\/strong><br \/>\n<\/br><\/p>\n<p>E a suspeita, desculpem-me pela acusa\u00e7\u00e3o de conspira\u00e7\u00e3o, fica um pouco mais aparente: que a Gr\u00e9cia seja <strong>a cobaia do massacre europeu<\/strong> e que, pequena e pouco potente, tenha sido escolhida para se <strong>experimentar os efeitos concretos das pol\u00edticas de destrui\u00e7\u00e3o dos Estados<\/strong>. Somos empurrados cada dia um pouco mais para a frente, a cada dia a corda fica mais curta, para depois se estudar no microsc\u00f3pio as consequ\u00eancias sobre as formiguinhas enlouquecidas e desesperadas.<br \/>\n<\/br><\/p>\n<p>Bem, sabem o qu\u00ea? Eu n\u00e3o quero mais fazer parte desse repugnante f\u00f3rum de nazistas. <strong>Tenho nojo dessa ideia de \u201cficar na Europa; esse n\u00e3o \u00e9 o meu Pa\u00eds.<\/strong> N\u00e3o me interessa continuar no <strong>fingimento<\/strong> de fazer parte da mesa dos ricos, se o pre\u00e7o a ser pago \u00e9 termos que sujar a nossa consci\u00eancia.<br \/>\n<\/br><\/p>\n<p>O que \u00e9 a Europa, <strong>um lugar onde se tortura o membro mais fraco para puni-lo pela sua fraqueza<\/strong>? S\u00e3o esses os \u201cvalores europeus\u201d que devo ensinar ao meu filho? Voc\u00eas t\u00eam certeza de que querem ainda acreditar nessa ign\u00f3bil sujeira?<br \/>\n<\/br><\/p>\n<p>Eu n\u00e3o. Eu n\u00e3o quero \u201cficar na Europa\u201d nessas condi\u00e7\u00f5es. Nas pr\u00f3ximas elei\u00e7\u00f5es, qualquer partido que considere a Europa um \u201cvalor\u201d <strong>n\u00e3o ter\u00e1 o meu voto.   <\/strong><\/p>\n","protected":false},"excerpt":{"rendered":"<p>Gr\u00e9cia \u2013 cobaia para o massacre social europeu \u2013 para sair da crise, trabalhem como escravos charge via Quatro Almas Carta da Gr\u00e9cia: para sair da crise, trabalhem como escravos FONTE: RAINEWS24.RAI.IT de 5.09.2012 via il ribelle Tradu\u00e7\u00e3o: Mario S. Mieli Eis os pontos salientes de uma missiva recebida por Samaras e enviada pelo BCE, [&hellip;]<\/p>\n","protected":false},"author":1,"featured_media":0,"comment_status":"open","ping_status":"open","sticky":false,"template":"","format":"standard","meta":{"footnotes":""},"categories":[68,9],"tags":[69,301,15,1465,561,95,586],"class_list":["post-2551","post","type-post","status-publish","format-standard","hentry","category-dossie-queda-da-rua-do-muro","category-lance-de-dados","tag-crise-financeira","tag-debora-billi","tag-europa","tag-exploracao-do-povo","tag-grecia","tag-mario-s-mieli","tag-troika"],"_links":{"self":[{"href":"https:\/\/imediata.org\/index.php?rest_route=\/wp\/v2\/posts\/2551","targetHints":{"allow":["GET"]}}],"collection":[{"href":"https:\/\/imediata.org\/index.php?rest_route=\/wp\/v2\/posts"}],"about":[{"href":"https:\/\/imediata.org\/index.php?rest_route=\/wp\/v2\/types\/post"}],"author":[{"embeddable":true,"href":"https:\/\/imediata.org\/index.php?rest_route=\/wp\/v2\/users\/1"}],"replies":[{"embeddable":true,"href":"https:\/\/imediata.org\/index.php?rest_route=%2Fwp%2Fv2%2Fcomments&post=2551"}],"version-history":[{"count":1,"href":"https:\/\/imediata.org\/index.php?rest_route=\/wp\/v2\/posts\/2551\/revisions"}],"predecessor-version":[{"id":2554,"href":"https:\/\/imediata.org\/index.php?rest_route=\/wp\/v2\/posts\/2551\/revisions\/2554"}],"wp:attachment":[{"href":"https:\/\/imediata.org\/index.php?rest_route=%2Fwp%2Fv2%2Fmedia&parent=2551"}],"wp:term":[{"taxonomy":"category","embeddable":true,"href":"https:\/\/imediata.org\/index.php?rest_route=%2Fwp%2Fv2%2Fcategories&post=2551"},{"taxonomy":"post_tag","embeddable":true,"href":"https:\/\/imediata.org\/index.php?rest_route=%2Fwp%2Fv2%2Ftags&post=2551"}],"curies":[{"name":"wp","href":"https:\/\/api.w.org\/{rel}","templated":true}]}}