{"id":2522,"date":"2012-09-02T12:22:21","date_gmt":"2012-09-02T12:22:21","guid":{"rendered":"http:\/\/imediata.org\/?p=2522"},"modified":"2012-09-02T12:47:31","modified_gmt":"2012-09-02T12:47:31","slug":"a-todos-os-europeus-e-nao-so","status":"publish","type":"post","link":"https:\/\/imediata.org\/?p=2522","title":{"rendered":">> &#8220;A todos os europeus!&#8221; (e n\u00e3o s\u00f3)"},"content":{"rendered":"<p><\/br><br \/>\n <strong>&#8220;A todos os europeus!&#8221; (e n\u00e3o s\u00f3)<br \/>\n<\/br><\/p>\n<p>Fonte:<\/strong> <a href=\"http:\/\/schwertasblog.wordpress.com\/2012\/08\/12\/an-alle-europaer-to-all-europeans-a-todos-los-europeos-a-tous-les-europeens\/#comments\">http:\/\/schwertasblog.wordpress.com\/2012\/08\/12\/an-alle-europaer-to-all-europeans-a-todos-los-europeos-a-tous-les-europeens\/#comments<\/a><\/p>\n<p><\/br><br \/>\n<strong>Para ver o v\u00eddeo em ingl\u00eas:<br \/>\nTo all Europeans !<\/strong><br \/>\nhttp:\/\/youtu.be\/CmO8xKjQAHU<br \/>\n<\/br><br \/>\n<strong>Para ver o v\u00eddeo em espanhol:<br \/>\n\u00a1 A todos los Europeos !<\/strong><br \/>\nhttp:\/\/youtu.be\/XIXaExsVZO4<br \/>\n<\/br><br \/>\n<strong>Tradu\u00e7\u00e3o do texto para o portugu\u00eas: Imediata<br \/>\n<\/br><br \/>\nA todos os europeus!<br \/>\n<\/br><\/strong><br \/>\nA Merkel n\u00e3o representa a Alemanha, mas os bancos. Todos os pol\u00edticos europeus representam os bancos, ou seja, as altas finan\u00e7as internacionais.<br \/>\n<\/br><br \/>\n N\u00e3o h\u00e1 uma crise do \u20acuro, o \u20acuro \u00e9 um  instrumento dos bancos para roubar o patrim\u00f4nio nacional dos pa\u00edses europeus. O \u20acuro funciona de acordo com o plano que os seus inventores tinham previsto.<br \/>\n<\/br><br \/>\nA Espanha, a Gr\u00e9cia, etc&#8230; despencam na pobreza, e a m\u00eddia diz que a culpa \u00e9 dos alem\u00e3es.<br \/>\n<\/br><br \/>\n A Alemanha despenca na pobreza e a m\u00eddia conta que a culpa \u00e9 dos espanh\u00f3is, dos gregos, etc&#8230;<br \/>\n<\/br><br \/>\n Mas onde est\u00e1 o dinheiro, na realidade? N\u00e3o \u00e9 dif\u00edcil saber, at\u00e9 o dizem abertamente: Os Bancos precisam ser \u201cresgatados\u201d.<br \/>\n<\/br><br \/>\n Informem-se sobre a parte que os juros ocupam no or\u00e7amento nacional de seu pa\u00eds. Os bancos criam dinheiro do nada e o emprestam \u00e0s na\u00e7\u00f5es cobrando por isso taxas de juros.<br \/>\n<\/br><br \/>\n Dessa forma, destr\u00f3i-se o patrim\u00f4nio da Espanha, da Alemanha e de todos os demais pa\u00edses com um banco central.<br \/>\n<\/br><br \/>\n Informem-se sobre o sistema monet\u00e1rio com base no exemplo do d\u00f3lar (vendo v\u00eddeos como <strong>Money as Debt<\/strong> e <strong>The American Dream<\/strong> postados abaixo). O \u20acuro funciona e serve o mesmo prop\u00f3sito que o d\u00f3lar.<br \/>\n<\/br><br \/>\n<strong>\u00c9 um roubo gigantesco! <\/strong><br \/>\n<\/br><br \/>\nAqueles que roubam TODOS os nossos pa\u00edses nos mentem, alegando que estamos nos roubando uns aos outros.<br \/>\n<\/br><br \/>\nN\u00e3o permitam que os ladr\u00f5es se salvem com o truque do \u201c<strong>Divide e Impera<\/strong>\u201d.<br \/>\n<\/br><br \/>\nSomos todos europeus. Unidos somos poderosos, separados n\u00e3o somos mais que escravos dos bancos!<br \/>\n<\/br><br \/>\n<strong>Divulgue esta informa\u00e7\u00e3o!<\/strong><br \/>\n<\/br><\/p>\n<p><strong>Recomendamos tamb\u00e9m estes v\u00eddeos (em ingl\u00eas):<br \/>\n<\/br><br \/>\nMoney as Debt (O dinheiro como d\u00edvida):<\/strong><br \/>\n<embed id=VideoPlayback src=http:\/\/video.google.com\/googleplayer.swf?docid=-2550156453790090544&#038;hl=en&#038;fs=true style=width:400px;height:326px allowFullScreen=true allowScriptAccess=always type=application\/x-shockwave-flash> <\/embed><br \/>\n<\/br><br \/>\n<strong>The American Dream (O Sonho Americano):<\/strong><br \/>\nhttp:\/\/youtu.be\/tGk5ioEXlIM<br \/>\n<\/br><br \/>\n<strong>E este site (em espanhol):<\/strong> <a href=\"http:\/\/blogaleman.wordpress.com\/??\">http:\/\/blogaleman.wordpress.com\/<\/a><\/p>\n","protected":false},"excerpt":{"rendered":"<p>&#8220;A todos os europeus!&#8221; (e n\u00e3o s\u00f3) Fonte: http:\/\/schwertasblog.wordpress.com\/2012\/08\/12\/an-alle-europaer-to-all-europeans-a-todos-los-europeos-a-tous-les-europeens\/#comments Para ver o v\u00eddeo em ingl\u00eas: To all Europeans ! http:\/\/youtu.be\/CmO8xKjQAHU Para ver o v\u00eddeo em espanhol: \u00a1 A todos los Europeos ! http:\/\/youtu.be\/XIXaExsVZO4 Tradu\u00e7\u00e3o do texto para o portugu\u00eas: Imediata A todos os europeus! A Merkel n\u00e3o representa a Alemanha, mas os bancos. Todos os [&hellip;]<\/p>\n","protected":false},"author":1,"featured_media":0,"comment_status":"open","ping_status":"open","sticky":false,"template":"","format":"standard","meta":{"footnotes":""},"categories":[68,9],"tags":[1041,1180,1458,1456,1459,1457,1460],"class_list":["post-2522","post","type-post","status-publish","format-standard","hentry","category-dossie-queda-da-rua-do-muro","category-lance-de-dados","tag-bancos-centrais","tag-banksters","tag-divide-e-impera","tag-euro-e-dolar","tag-money-as-debt-o-dinheiro-como-divida","tag-roubo","tag-the-american-dream-o-sonho-americano"],"_links":{"self":[{"href":"https:\/\/imediata.org\/index.php?rest_route=\/wp\/v2\/posts\/2522","targetHints":{"allow":["GET"]}}],"collection":[{"href":"https:\/\/imediata.org\/index.php?rest_route=\/wp\/v2\/posts"}],"about":[{"href":"https:\/\/imediata.org\/index.php?rest_route=\/wp\/v2\/types\/post"}],"author":[{"embeddable":true,"href":"https:\/\/imediata.org\/index.php?rest_route=\/wp\/v2\/users\/1"}],"replies":[{"embeddable":true,"href":"https:\/\/imediata.org\/index.php?rest_route=%2Fwp%2Fv2%2Fcomments&post=2522"}],"version-history":[{"count":6,"href":"https:\/\/imediata.org\/index.php?rest_route=\/wp\/v2\/posts\/2522\/revisions"}],"predecessor-version":[{"id":2525,"href":"https:\/\/imediata.org\/index.php?rest_route=\/wp\/v2\/posts\/2522\/revisions\/2525"}],"wp:attachment":[{"href":"https:\/\/imediata.org\/index.php?rest_route=%2Fwp%2Fv2%2Fmedia&parent=2522"}],"wp:term":[{"taxonomy":"category","embeddable":true,"href":"https:\/\/imediata.org\/index.php?rest_route=%2Fwp%2Fv2%2Fcategories&post=2522"},{"taxonomy":"post_tag","embeddable":true,"href":"https:\/\/imediata.org\/index.php?rest_route=%2Fwp%2Fv2%2Ftags&post=2522"}],"curies":[{"name":"wp","href":"https:\/\/api.w.org\/{rel}","templated":true}]}}