{"id":2446,"date":"2012-08-20T13:44:22","date_gmt":"2012-08-20T13:44:22","guid":{"rendered":"http:\/\/imediata.org\/?p=2446"},"modified":"2012-08-20T14:50:35","modified_gmt":"2012-08-20T14:50:35","slug":"2446","status":"publish","type":"post","link":"https:\/\/imediata.org\/?p=2446","title":{"rendered":">> O ataque \u00e0 Rep\u00fablica do Equador. Eis o porqu\u00ea de Londres, por Sergio Di Cori Modigliani"},"content":{"rendered":"<p><\/br><br \/>\n<strong>O ataque \u00e0 Rep\u00fablica do Equador. Eis o porqu\u00ea de Londres.<br \/>\nPor: Sergio Di Cori Modigliani<br \/>\nFonte: <a href=\"http:\/\/sergiodicorimodiglianji.blogspot.it\/2012\/08\/lattacco-alla-repubblica-del-ecuador.html\">sergiodicorimodiglianji.blogspot.it<\/a> de 18 de agosto de 2012<br \/>\nTradu\u00e7\u00e3o: Mario S. Mieli<\/strong><br \/>\n<\/br><br \/>\n<a href=\"http:\/\/imediata.org\/wp-content\/uploads\/2012\/08\/0-1.jpg\"><img loading=\"lazy\" decoding=\"async\" src=\"http:\/\/imediata.org\/wp-content\/uploads\/2012\/08\/0-1-300x225.jpg\" alt=\"\" title=\"0-1\" width=\"300\" height=\"225\" class=\"alignright size-medium wp-image-2467\" srcset=\"https:\/\/imediata.org\/wp-content\/uploads\/2012\/08\/0-1-300x225.jpg 300w, https:\/\/imediata.org\/wp-content\/uploads\/2012\/08\/0-1.jpg 480w\" sizes=\"auto, (max-width: 300px) 100vw, 300px\" \/><\/a><br \/>\n<\/br><br \/>\nHoje falamos de geopol\u00edtica e de livre informa\u00e7\u00e3o na rede.<br \/>\nTudo o que est\u00e1 acontecendo hoje, tecnicamente (no sentido de \u201cpoliticamente\u201d) come\u00e7ou no dia 12 de dezembro de 2008. Segundo outros, por outro lado, teria come\u00e7ado em setembro daquele ano. Mas seriam necess\u00e1rios pelo menos quatro anos antes que a onda de choque chegasse na Europa e nos EUA.<br \/>\nTalvez seja melhor come\u00e7ar pelo in\u00edcio, para explicar os acontecimentos.<br \/>\nAli\u00e1s, \u00e9 melhor come\u00e7ar pelo fim.<br \/>\nCom alguma pergunta espec\u00edfica que, \u2013 \u00e9 muito prov\u00e1vel \u2013 poucos na Europa se fizeram.<br \/>\nRefiro-me aqui \u00e0 quest\u00e3o de Jules Assange, Wikileaks, e a Rep\u00fablica do Equador.<br \/>\n<\/br><br \/>\n<a href=\"http:\/\/imediata.org\/wp-content\/uploads\/2012\/08\/120819_assange201.jpg\"><img loading=\"lazy\" decoding=\"async\" src=\"http:\/\/imediata.org\/wp-content\/uploads\/2012\/08\/120819_assange201-300x166.jpg\" alt=\"\" title=\"120819_assange20\" width=\"300\" height=\"166\" class=\"alignright size-medium wp-image-2456\" srcset=\"https:\/\/imediata.org\/wp-content\/uploads\/2012\/08\/120819_assange201-300x166.jpg 300w, https:\/\/imediata.org\/wp-content\/uploads\/2012\/08\/120819_assange201.jpg 470w\" sizes=\"auto, (max-width: 300px) 100vw, 300px\" \/><\/a><br \/>\n<strong>Jules\/Julian Assange na embaixada do Equador em Londres, ontem<\/strong><br \/>\n<\/br><\/p>\n<p>Por qu\u00ea o caso explode hoje?<br \/>\nPor qu\u00ea Jules Assange escolheu um min\u00fasculo, embora pac\u00edfico estadozinho da Am\u00e9rica do Sul que conta pouco ou nada?<br \/>\nPor que raz\u00e3o a coroa do imp\u00e9rio brit\u00e2nico perde a cabe\u00e7a e se faz esbofetear diante do mundo todo por um certo Senhor Patino, ministro das Rela\u00e7\u00f5es Exteriores do Equador, para os euro-atl\u00e2nticos um verdadeiro Senhor Ningu\u00e9m, o qual deu uma tal resposta \u00e0 super elite planet\u00e1ria (ou seja, ao Foreign Office de Sua Majestade) que, h\u00e1 cinco anos teria produzido somente hom\u00e9ricas risadas de pena e desprezo, enquanto hoje os constringe a rascunhar, se retratarem e se desculparem perante o mundo inteiro?<br \/>\nPor qu\u00ea o Equador? E por qu\u00ea agora?<br \/>\n<\/br><br \/>\n<a href=\"http:\/\/imediata.org\/wp-content\/uploads\/2012\/08\/Rafael-Correa-Ecuador-President-jpg.jpg\"><img loading=\"lazy\" decoding=\"async\" src=\"http:\/\/imediata.org\/wp-content\/uploads\/2012\/08\/Rafael-Correa-Ecuador-President-jpg-300x168.jpg\" alt=\"\" title=\"Rafael-Correa-Ecuador-President-jpg\" width=\"300\" height=\"168\" class=\"alignright size-medium wp-image-2458\" srcset=\"https:\/\/imediata.org\/wp-content\/uploads\/2012\/08\/Rafael-Correa-Ecuador-President-jpg-300x168.jpg 300w, https:\/\/imediata.org\/wp-content\/uploads\/2012\/08\/Rafael-Correa-Ecuador-President-jpg.jpg 640w\" sizes=\"auto, (max-width: 300px) 100vw, 300px\" \/><\/a><br \/>\n<strong>Rafael Correa, presidente do Equador<\/strong><br \/>\n<\/br><\/p>\n<p>Tudo era mais que previs\u00edvel, al\u00e9m de tido como certo.<br \/>\nExplicando: era garantido, em todo o continente americano, na Austr\u00e1lia, na Nova Zel\u00e2ndia, na Dinamarca, nos pa\u00edses escandinavos. Na Europa e em Washington pensavam que o mundo fosse o mesmo de dez anos atr\u00e1s. Porque a Europa \u2013 e sobretudo a It\u00e1lia \u2013 \u00e9 100% euroc\u00eantrica, vive sob um constante bombardeio midi\u00e1tico semi-ditatorial, n\u00e3o tem a m\u00ednima ideia daquilo que acontece no resto do mundo, mas (o que conta mais) pensa ainda como em 1812, ou seja: \u201cse a Europa desmorona, desmorona o mundo inteiro; se o euro desmorona e a Europa se desintegra, desaparece a civiliza\u00e7\u00e3o no mundo\u201d e raciocina ainda em termos coloniais. Mas o mundo n\u00e3o funciona mais assim. Na It\u00e1lia, por exemplo, ningu\u00e9m est\u00e1 informado sobre a disputa (que est\u00e1 se tornando uma rixa) entre o Brasil e a ONU, mal gerenciada por Christine Lagarde, a pessoa que preside o Fundo Monet\u00e1rio Internacional, e que gira em torno da aplica\u00e7\u00e3o base de um conceito formal, banal, quase bobo, mas que poderia ter repercuss\u00f5es psico-simb\u00f3licas imensas:  a It\u00e1lia foi oficialmente rebaixada. N\u00e3o \u00e9 mais a oitava economia do mundo, mas a nona. Foi superada pelo Brasil. Portanto, no pr\u00f3ximo G8 a It\u00e1lia n\u00e3o ser\u00e1 convidada, quem ir\u00e1 \u00e9 o Brasil. Da\u00ed a escolha de abolir o G8, transformando-o em G10 padr\u00e3o. Est\u00e3o se matando.<br \/>\n<strong>A primeira not\u00edcia Verdadeira (para quem quer obter informa\u00e7\u00f5es reais do mundo real) \u00e9 esta: \u201cA Europa, com a Inglaterra e a Alemanha na linha de frete, n\u00e3o podem (n\u00e3o querem) aceitar o triunfo keynesiano na Am\u00e9rica do Sul e a irrup\u00e7\u00e3o deles no teatro da Hist\u00f3ria como sujeitos pol\u00edticos aut\u00f4nomos. Para eles, vale o princ\u00edpio \u201cque fiquem na deles e n\u00e3o encham, e que agrade\u00e7am os c\u00e9us que os deixamos sobreviver, como fazemos com os africanos.<\/strong> De outra forma, naquela regi\u00e3o, um por um far\u00e1 o fim do Ghedaffi\u201d. A mensagem, em s\u00edntese, \u00e9 essa.<br \/>\nDa Am\u00e9rica do Sul, nos \u00faltimos quarenta dias, chegaram tr\u00eas poderos\u00edssimas mensagem como resposta: nada foi divulgado na Europa. Muito menos a \u00faltima (e mais importante), do dia 3 de agosto, se n\u00e3o por outro motivo, pelo menos devido ao fato de que se tratava de uma transmiss\u00e3o ao vivo da sede de Nova York do FMI. Ningu\u00e9m transmitiu, com exce\u00e7\u00e3o do Reino da Dinamarca. <strong>E assim, cientes de que existe uma uniformidade midi\u00e1tica planet\u00e1ria de censura, e sabendo de que se a televis\u00e3o n\u00e3o fala, n\u00e3o se encontra na net, n\u00e3o se acham not\u00edcias na Wikipedia, ent\u00e3o quer dizer que n\u00e3o existe, a Am\u00e9rica do Sul escolheu o palco midi\u00e1tico global mais inteligente em absoluto: o cora\u00e7\u00e3o das finan\u00e7as olig\u00e1rquicas planet\u00e1rias, a City de Londres. <\/strong>E agora os fatos.<br \/>\n<\/br><\/p>\n<p>Jules Assange, em 15 de junho de 2012, entende que para ele est\u00e1 terminado. Encontra-se em Londres. Os agentes ingleses o prender\u00e3o uma semana depois, o levar\u00e3o para Estocolmo onde, no aeroporto, n\u00e3o ser\u00e1 detido pela pol\u00edcia de Sua Majestade a rainha da Su\u00e9cia, mas por dois oficiais da CIA e um diplomata estadunidenses; esses, aproveitando de acordos formais sancionados entre as duas na\u00e7\u00f5es, far\u00e3o prevalecer o \u201cdireito de op\u00e7\u00e3o militar em caso de conflito b\u00e9lico declarado\u201d, alegando que Jules Assange \u201cinterveio ativamente\u201d no conflito OTAN-Iraque, enquanto a guerra estava em curso. Ent\u00e3o, Assange ser\u00e1 levado diretamente aos EUA, no estado do Texas, onde ser\u00e1 submetido a um processo penal por atividades terroristas, e ser\u00e1 pedida para ele a aplica\u00e7\u00e3o da pena de morte com base na aplica\u00e7\u00e3o da Lei Patriot Act. Assange se consulta com seu grupo e fazem a escolha certa, depois de tr\u00eas dias de contorcidas trocas de informa\u00e7\u00f5es em todo o planeta. \u201cV\u00e1 para a embaixada do Equador, a p\u00e9, de metr\u00f4, e fique por l\u00e1&#8221;. \u00c0s 9 da manh\u00e3 de 19 de junho entra na embaixada do Equador. Nenhuma not\u00edcia, ningu\u00e9m est\u00e1 sabendo disso. O seu grupo abre uma tratativa com os agentes ingleses em Londres, com os suecos em Estocolmo e com os diplomatas americanos no Rio de Janeiro. Chegam a um acordo: \u201cevitemos riscos de atentados e deixemos passarem as Olimp\u00edadas, e em 13 de agosto ele poder\u00e1 ir para a Am\u00e9rica do Sul; fa\u00e7amos tudo em sil\u00eancio, basta que n\u00e3o se fale no assunto\u201d. Seus representantes aceitam mas, ao mesmo tempo, n\u00e3o confiam (corretamente) nos anglo-americanos. Eles se p\u00f5em a trabalhar e promovem dois fabulosos golpes. O primeiro ocorre em 3 de agosto, o segundo em 4 de agosto.<br \/>\nEm 3 de agosto de 2012, com uma antecipa\u00e7\u00e3o de 16 meses com rela\u00e7\u00e3o ao vencimento, a presidenta da Rep\u00fablica Argentina, Cristina Kirchner, se apresenta na sede de Manhattan do Fundo Monet\u00e1rio Internacional, acompanhada pelo seu ministro da Economia e pelo ministro das Rela\u00e7\u00f5es Exteriores do Equador, Patino, representando a \u201cALBA\u201d (acr\u00f4nimo para Alian\u00e7a Laborista Bolivariana Am\u00e9rica\u201d) a uni\u00e3o econ\u00f4mica entre o Equador, a Col\u00f4mbia e a Venezuela.  <strong>Nessa ocasi\u00e3o, Cristina Kirchner se faz fotografar e filmar pelas televis\u00f5es com um gigantesco cartaz que mostra um cheque de 12 bilh\u00f5es de euros destinado ao FMI, com vencimento em 31 de dezembro de 2013, que o governo argentino tinha depositado algumas horas antes.<\/strong> \u201cCom essa parcela, a Rep\u00fablica Argentina demonstrou ser uma na\u00e7\u00e3o solvente, respons\u00e1vel e confi\u00e1vel a quem quisera investir l\u00e1 seu pr\u00f3prio dinheiro. Em 2003, n\u00e3o pagamos 112 bilh\u00f5es de d\u00f3lares, mas nos recusamos de pedir o cancelamento da d\u00edvida: escolhemos simplesmente a declara\u00e7\u00e3o oficial de bancarrota e pedimos dez anos de tempo para pagar, devolver o dinheiro a todos, inclusive os juros. <strong>Por dez longos anos, vivemos no limbo. Por dez longos anos protestamos, contestamos e combatemos contra as decis\u00f5es do FMI que queria nos impor medidas restritivas de rigor econ\u00f4mico alegando que fosse a \u00fanica alternativa. N\u00f3s seguimos outra via, oposta: aquela keynesiana, baseada no or\u00e7amento social, no bem estar justo e sustent\u00e1vel e nos investimentos em infraestruturas, pesquisa, inova\u00e7\u00e3o, investindo em vez de cortar. Resolvemos os nossos problemas. E nos recuperamos. N\u00e3o s\u00f3 isso. Hoje somos capazes de saldar a \u00faltima parcela 16 meses  adiantados. As ideias do FMI e do Banco Mundial em mat\u00e9ria econ\u00f4mica s\u00e3o erradas. Estavam erradas ent\u00e3o, est\u00e3o ainda mais erradas agora: quem quiser operar, empreender, criar trabalho e riqueza, \u00e9 bem-vindo na Argentina: somos uma na\u00e7\u00e3o que demonstrou ser solvente, portanto, pretendemos respeito e fidelidade \u00e0s normas e \u00e0s regras por parte de todos, j\u00e1 que demonstramos, n\u00f3s, antes de todos, que respeitamos os dispositivos do direito internacional&#8230;\u201d etc. Logo depois (isto \u00e9, 15 minutos depois) a Kirchner apresentou uma den\u00fancia formal contra a Gr\u00e3-Bretanha e os EUA na OMC (Organiza\u00e7\u00e3o Mundial do Com\u00e9rcio), a mais importante associa\u00e7\u00e3o planet\u00e1raria de trocas comerciais envolvendo o FMI, gra\u00e7as aos arquivos colocados \u00e0 disposi\u00e7\u00e3o por  Wikileaks, ou seja, Assange. A Argentina saldou suas d\u00edvidas, mas agora quer receber pelos danos sofridos. Com juros compostos.<\/strong> \u201c\u00c9 isso que queriam, muito bem, o conseguiram. Agora que paguem\u201d.<br \/>\n<\/br><br \/>\n<a href=\"http:\/\/imediata.org\/wp-content\/uploads\/2012\/08\/Dilma_Rousseff_Cristina_Kirchner_2011.png\"><img loading=\"lazy\" decoding=\"async\" src=\"http:\/\/imediata.org\/wp-content\/uploads\/2012\/08\/Dilma_Rousseff_Cristina_Kirchner_2011-300x300.png\" alt=\"\" title=\"Dilma_Rousseff_Cristina_Kirchner_2011\" width=\"300\" height=\"300\" class=\"alignright size-medium wp-image-2452\" srcset=\"https:\/\/imediata.org\/wp-content\/uploads\/2012\/08\/Dilma_Rousseff_Cristina_Kirchner_2011-300x300.png 300w, https:\/\/imediata.org\/wp-content\/uploads\/2012\/08\/Dilma_Rousseff_Cristina_Kirchner_2011-150x150.png 150w, https:\/\/imediata.org\/wp-content\/uploads\/2012\/08\/Dilma_Rousseff_Cristina_Kirchner_2011-1024x1021.png 1024w, https:\/\/imediata.org\/wp-content\/uploads\/2012\/08\/Dilma_Rousseff_Cristina_Kirchner_2011.png 1172w\" sizes=\"auto, (max-width: 300px) 100vw, 300px\" \/><\/a><br \/>\n<\/br><br \/>\n<a href=\"http:\/\/imediata.org\/wp-content\/uploads\/2012\/08\/xin_1020306141131781198063.jpg\"><img loading=\"lazy\" decoding=\"async\" src=\"http:\/\/imediata.org\/wp-content\/uploads\/2012\/08\/xin_1020306141131781198063-300x210.jpg\" alt=\"\" title=\"xin_1020306141131781198063\" width=\"300\" height=\"210\" class=\"alignright size-medium wp-image-2451\" srcset=\"https:\/\/imediata.org\/wp-content\/uploads\/2012\/08\/xin_1020306141131781198063-300x210.jpg 300w, https:\/\/imediata.org\/wp-content\/uploads\/2012\/08\/xin_1020306141131781198063.jpg 450w\" sizes=\"auto, (max-width: 300px) 100vw, 300px\" \/><\/a><br \/>\n<strong>As duas Cristinas: Kirshner, com Dilma Rousseff, alegres e sorridentes e Lagarde (me chama de FMI..), com cara de quem comeu e n\u00e3o gostou&#8230;<\/strong><\/p>\n<p><strong>\u00c9 uma luta entre a Kirchner e a Lagarde. H\u00e1 um ano, as duas Cristinas duelam impiedosamente. Gra\u00e7as (ou por culpa) do Assange, dado que o seu grupo tem todas as transcri\u00e7\u00f5es de v\u00e1rias conversa\u00e7\u00f5es em diversas chancelarias do globo, que envolvem os EUA, a Gr\u00e3-Bretanha, a Fran\u00e7a , a It\u00e1lia, a Alemanha, o Vaticano, que pratica a economia como patr\u00e3o: Osama Bin Laden foi mandado pro s\u00f3t\u00e3o e substitu\u00eddo por John Maynard Keynes, esse se tornou o inimigo p\u00fablico n\u00famero um das grandes pot\u00eancias; nessas longas conversa\u00e7\u00f5es fala-se de como destruir as economias sul-americanas, como afanar seus recursos energ\u00e9ticos, como impedir que elas se recuperem e cres\u00e7am, o que fazer para impedir aos seus governos de aprovar os planos econ\u00f4micos keynesianos aplicando, em vez disso, os ditames do FMI, cujo \u00fanico escopo consiste em praticar uma pol\u00edtica neocolonialista beneficiando sobretudo a Espanha, a It\u00e1lia e a Alemanha, com capitais ingleses. A maioria dos arquivos j\u00e1 tornados p\u00fablicos na internet. <\/strong><br \/>\n<\/br><br \/>\n<a href=\"http:\/\/imediata.org\/wp-content\/uploads\/2012\/08\/keynes-john-maynard.jpg\"><img loading=\"lazy\" decoding=\"async\" src=\"http:\/\/imediata.org\/wp-content\/uploads\/2012\/08\/keynes-john-maynard-300x224.jpg\" alt=\"\" title=\"keynes-john-maynard\" width=\"300\" height=\"224\" class=\"alignright size-medium wp-image-2453\" srcset=\"https:\/\/imediata.org\/wp-content\/uploads\/2012\/08\/keynes-john-maynard-300x224.jpg 300w, https:\/\/imediata.org\/wp-content\/uploads\/2012\/08\/keynes-john-maynard.jpg 470w\" sizes=\"auto, (max-width: 300px) 100vw, 300px\" \/><\/a><br \/>\n<strong>John Maynard Keynes, inimigo p\u00fablico n\u00famero um das grandes pot\u00eancias<\/strong><br \/>\n<\/br><br \/>\n<strong>A maioria dos arquivos, gentilmente oferecidos por  Assange ao embaixador do Equador na Gr\u00e3-Bretanha, o qual \u2013 estamos ainda no dia 3 de agosto, em Nova York \u2013 lembra quem representa e o que fez o Equador, ou seja, a primeira na\u00e7\u00e3o do continente americano e a \u00fanica na\u00e7\u00e3o no mundo ocidental, desde 1948, a ter aplicado o conceito de \u201cd\u00edvida imoral\u201d, ou seja, \u201ca recusa pol\u00edtica e t\u00e9cnica de saldar junto \u00e0 comunidade internacional as d\u00edvidas consolidadas do Estado, porque foram obtidas pelos governos precedentes por meio da corrup\u00e7\u00e3o, da viola\u00e7\u00e3o do Estado de Direito, da \u201cviola\u00e7\u00e3o de normas constitucionais\u201d.<\/strong> Em 12 de dezembro de 2008, efetivamente, o ent\u00e3o neo-presidente do Equador, Rafael Correa (PIB em torno de 50 bilh\u00f5es de euros, 30 vezes menos que o PIB da It\u00e1lia) declara oficialmente ao vivo para todo o continente americano (a Europa nunca transmitiu nem mesmo uma foto e dificilmente se pode encontrar na net europeia material visual) <strong>de \u201cter decidido cancelar a d\u00edvida nacional por consider\u00e1-la imunda, j\u00e1 que imoral; alteraram a constitui\u00e7\u00e3o para oprimir o povo contando falsidades.<\/strong> Fizeram crer que aquilo que \u00e9 Lei, ou seja, leg\u00edtimo, \u00e9 justo. N\u00e3o \u00e9 assim: a partir de hoje, na terra do Equador vale o novo princ\u00edpio constitucional segundo o qual o que \u00e9 justo para a coletividade, ent\u00e3o, se torna leg\u00edtimo\u201d. Cifra da d\u00edvida: 11 bilh\u00f5es de euros. <strong>O FMI faz cancelar o Equador do grupo das na\u00e7\u00f5es civilizadas: n\u00e3o ter\u00e1 nunca mais ajuda de nenhuma esp\u00e9cie de quem quer que seja, \u201co pa\u00eds precisar\u00e1 ser isolado\u201d declara Dominique Strauss Kahn, ent\u00e3o secret\u00e1rio do FMI. O pa\u00eds est\u00e1 de joelhos. No dia seguinte, Hugo Chavez anuncia oficialmente que dar\u00e1 sua contribui\u00e7\u00e3o, dando petr\u00f3leo e g\u00e1s gr\u00e1tis ao Equador por dez anos. Quatro horas depois o presidente Lula anuncia na televis\u00e3o que dar\u00e1 gr\u00e1tis 100 toneladas di\u00e1rias de trigo, arroz soja e frutas para nutrir a popula\u00e7\u00e3o, at\u00e9 que a na\u00e7\u00e3o possa se recuperar. Na noite do mesmo dia, a Argentina anuncia que dar\u00e1 3% da pr\u00f3pria produ\u00e7\u00e3o de carne bovina de primeira qualidade gr\u00e1tis ao Equador, para garantir a quantidade de prote\u00ednas para a popula\u00e7\u00e3o. Na manh\u00e3 seguinte, na Bol\u00edvia, Evo Morales anuncia ter legalizado a coca\u00edna, considerando-a produ\u00e7\u00e3o nacional e bem coletivo. Taxa os produtores de folhas de coca e oferece ao Equador um empr\u00e9stimo de 5 bilh\u00f5es de euros a taxa de juros zero, restitu\u00edveis em 10 anos, em 120 presta\u00e7\u00f5es.  Dois dias depois, o Equador denuncia a United Fruit Company e a Del Monte &#038; Associates por \u201cescravagismo e crimes contra a humanidade\u201d, nacionaliza a ind\u00fastria agr\u00edcola das bananas (o Equador \u00e9 o primeiro produtor de bananas do mundo) e lan\u00e7a um plano nacional de investimento em agricultura biol\u00f3gica ecol\u00f3gica pura. Dez dias depois, os verdes da Bav\u00e1ria, os verdes de Schleswig Holstein, a Conad da It\u00e1lia, e a Haagen Daaz da Dinamarca se declaram dispon\u00edveis para assinar imediatamente contratos decenais de compra da produ\u00e7\u00e3o de bananas atrav\u00e9s de t\u00edtulos financeiros padr\u00e3o pagos em euro que podem ser descontadas imediatamente na bolsa de mercadorias de Chicago. Em 20 de dezembro de 2008, assumindo o encargo de protesto da United Fruit Company, o presidente George Bush (j\u00e1 deposto, mas formalmente no cargo at\u00e9 17 de janeiro de 2009) declara \u201cnula e criminosa a decis\u00e3o do Equador\u201d, anunciando o pedido de expuls\u00e3o do pa\u00eds da ONU: \u201cestamos prontos at\u00e9 a uma op\u00e7\u00e3o militar para salvaguardar os interesses estadunidenses\u201d. Na manh\u00e3 seguinte, o poderoso est\u00fadio legal Goldberg &#038; Goldberg de Nova York apresenta um pr\u00f3-mem\u00f3ria defensivo,  alegando que h\u00e1 um outro precedente legal. Seis horas depois, os EUA se rendem e imp\u00f5em \u00e0 comunidade internacional a aceita\u00e7\u00e3o e a legitimidade do conceito de \u201cd\u00edvida imoral\u201d. A United Fruit Company \u00e9 tachada como \u201cmultinacional que pratica sistematicamente a corrup\u00e7\u00e3o pol\u00edtica\u201d e \u00e9 condenada a pagar por danos na ordem de 6 bilh\u00f5es de euros. Importante notar que o \u201cprecedente legal\u201d (at\u00e9 hoje ignorado por grande parte dos europeus) est\u00e1 datado de 4 de janeiro de 2003 e assinado por George Bush. Pois \u00e9. Ocorreu no Iraque que, naquele momento, o pa\u00eds resultava ser \u201ctecnicamente\u201d posse dos EUA, j\u00e1 que ocupado pelos marines e com um governo provis\u00f3rio ainda n\u00e3o reconhecido pela ONU. Saddam Hussein tinha deixado d\u00edvidas de 250 bilh\u00f5es de euros (das quais, 40 bilh\u00f5es de euros para com a It\u00e1lia, gra\u00e7as a manobras de Taraq Aziz, vice de Hussein e homem da Opus Dei fiel ao Vaticano) que os EUA cancelam, aplicando o conceito de \u201cd\u00edvida imoral\u201d e, portanto, abrindo caminho para um precedente hist\u00f3rico recente. Os advogados nova-iorquinos do Equador oferecem ao governo americano uma escolha: ou aceitam e ficam calados, ou, se for anulada a decis\u00e3o do Equador, ent\u00e3o ser\u00e1 anulada tamb\u00e9m aquela relativa ao Iraque, assim o tesouro dos EUA deveria pagar logo os 250 bilh\u00f5es de euro a todos, inclusive com juros compostos durante quatro anos. Obama, ainda n\u00e3o empossado mas j\u00e1 eleito, imp\u00f5e a Bush de findar o caso. A s\u00f3lida parcela devida aos advogados nova-iorquinos foi paga pelo governo brasileiro.<br \/>\nNasce, ent\u00e3o, a Am\u00e9rica do Sul moderna.<br \/>\nE cresce e se difunde o mito de Rafael Correa, presidente eleito do Equador.<\/strong> N\u00e3o um ind\u00edgena campon\u00eas como Morales, um sindicalista como Lula, um oper\u00e1rio dos altos-fornos como Chavez. Outra coisa. Proveniente de uma fam\u00edlia da alta burguesia caribenha, \u00e9 um intelectual cat\u00f3lico. Diplomado em economia e planifica\u00e7\u00e3o econ\u00f4mica por Harvard, cat\u00f3lico fervoroso e muito praticante, se auto-define \u201ccrist\u00e3o-socialista como Jesus Cristo, sempre do lado dos mais necessitados e dos que sofrem\u201d. Seu primeiro ato oficial foi congelar todas as contas correntes do IOR (Istituto per le Opere di Religione, do Vaticano) nos bancos cat\u00f3licos de Quito e transferir esse montante de assist\u00eancia social para os segmentos menos favorecidos da popula\u00e7\u00e3o. Faz prender a inteira classe pol\u00edtica do governo precedente, que \u00e9 submetida a um processo regular. Acabam todos na cadeia, com penas m\u00e9dias de dez anos por cabe\u00e7a com m\u00e1ximo rigor. Bens confiscados, propriedades nacionalizadas e redistribu\u00eddas em cooperativas agr\u00edcolas ecol\u00f3gicas. Envia uma carta ao papa Ratzinger em que se declara \u201csempre humilde servidor de Sua Iluminada Santidade\u201d, na qual pede oficialmente que o Vaticano envie ao Equador somente \u201creligiosos dotados de profunda espiritualidade e desejosos de confortar os necessitados, evitando os mercadores tratantes que acabariam sob o rigor da Lei dos homens\u201d.<br \/>\n<\/br><\/p>\n<p>Tudo isso pode ser contado hoje, gra\u00e7as \u00e0 bela \u201cpensada\u201d do Foreign Office, que acabou ficando confuso. <strong>Em todo o planeta Terra hoje se fala de Rafael Correa, do Equador, da d\u00edvida imoral, da nova Am\u00e9rica do Sul que disse n\u00e3o ao colonialismo e \u00e0 servid\u00e3o para com as multinacionais europeias e estadunidenses.<\/strong><br \/>\nNa It\u00e1lia sou eu que o estou fazendo, esperando de ser somente um entre tantos.<br \/>\nIsso para explicar \u201cporque o Equador\u201d.<br \/>\n<\/br><br \/>\n<a href=\"http:\/\/imediata.org\/wp-content\/uploads\/2012\/08\/neoliberalism.jpg\"><img loading=\"lazy\" decoding=\"async\" src=\"http:\/\/imediata.org\/wp-content\/uploads\/2012\/08\/neoliberalism-300x225.jpg\" alt=\"\" title=\"neoliberalism\" width=\"300\" height=\"225\" class=\"alignright size-medium wp-image-2449\" srcset=\"https:\/\/imediata.org\/wp-content\/uploads\/2012\/08\/neoliberalism-300x225.jpg 300w, https:\/\/imediata.org\/wp-content\/uploads\/2012\/08\/neoliberalism.jpg 640w\" sizes=\"auto, (max-width: 300px) 100vw, 300px\" \/><\/a><br \/>\n<\/br><br \/>\n\u00c9 um claro sinal de que o grupo de Assange est\u00e1 dando a quem quiser entender e compreender que TINA (There is No Alternative, ou seja, N\u00e3o H\u00e1 Alternativa) \u00e9 um Falso. N\u00e3o \u00e9 verdade que n\u00e3o exista uma alternativa. <strong>Por 400 anos, desde quando os europeus descobriram as bananas ricas em pot\u00e1ssio, os equatorianos viveram na pobreza, na explora\u00e7\u00e3o, na indig\u00eancia, ao passo que durante centenas de anos um grupo de brutais oligarcas se enriquecia \u00e0s suas custas. N\u00e3o \u00e9 mais assim. E n\u00e3o o ser\u00e1 nunca mais. A menos que acabem vencendo Mitt Romney, Mario Draghi, Mario Monti, David Cameron e a oligarquia financeira. O exemplo do Equador \u00e9 vivo, pode ser replicado em cada na\u00e7\u00e3o africana ou asi\u00e1tica do mundo.<br \/>\nNa Europa tamb\u00e9m.<br \/>\nPor isso Jules Assange escolheu o Equador.<\/strong><br \/>\nMas n\u00e3o basta.<br \/>\nO golpe decisivo ao sistema \u00e9 dado por uma not\u00edcia explosiva tornada p\u00fablica (n\u00e3o por acaso) em 4 de agosto de 2012. <strong>\u201cJules Assange assinou o contrato de delega\u00e7\u00e3o com o magistrado espanhol Garz\u00f2n, que o representar\u00e1 em seus direitos legais para todos os efeitos e em cada na\u00e7\u00e3o do globo\u201d.<br \/>\nMas quem \u00e9 Garz\u00f2n?<br \/>\n\u00c9 o inimigo p\u00fablico n\u00famero um da criminalidade organizada.<br \/>\n\u00c9 o inimigo p\u00fablico n\u00famero um da Opus Dei.<br \/>\n\u00c9 o mais feroz inimigo de Silvio Berlusconi.<br \/>\n\u00c9, em absoluto, o inimigo mais perigoso para o sistema banc\u00e1rio internacional. <\/strong><br \/>\n<\/br><br \/>\n<a href=\"http:\/\/imediata.org\/wp-content\/uploads\/2012\/08\/Baltazar-Garzon-delivers-010.jpg\"><img loading=\"lazy\" decoding=\"async\" src=\"http:\/\/imediata.org\/wp-content\/uploads\/2012\/08\/Baltazar-Garzon-delivers-010-300x180.jpg\" alt=\"\" title=\"Baltazar Garzon delivers a statement outside the Ecuadorean embassy\" width=\"300\" height=\"180\" class=\"alignright size-medium wp-image-2450\" srcset=\"https:\/\/imediata.org\/wp-content\/uploads\/2012\/08\/Baltazar-Garzon-delivers-010-300x180.jpg 300w, https:\/\/imediata.org\/wp-content\/uploads\/2012\/08\/Baltazar-Garzon-delivers-010.jpg 460w\" sizes=\"auto, (max-width: 300px) 100vw, 300px\" \/><\/a><br \/>\n<strong>Baltazar Garz\u00f2n, inimigo p\u00fablico n\u00famero um da criminalidade organizada, da Opus Dei, de Silvio Berlusconi, do sistema banc\u00e1rio internacional, etc&#8230;  <\/strong><br \/>\n<\/br><\/p>\n<p>Magistrado espanhol com 35 anos de atividade e experi\u00eancia, respons\u00e1vel da procuradoria real de Madri, teve em suas m\u00e3os os mais importantes processos espanh\u00f3is dos \u00faltimos 25 anos. Especialista em \u201cm\u00eddia e finan\u00e7as\u201d e, sobretudo, grande especialista em cruzamentos acion\u00e1rios e financeiros, subiu na ribalta internacional quando, em 1993,  apresentou \u00e0 Interpol uma den\u00fancia contra Silvio Berlusconi e Fedele Confalonieri (pedindo a deten\u00e7\u00e3o dos mesmos) relativa a: Telecinco, Pentafilm, Fininvest, Reteitalia e Le cinq, onde resultava que a Pentafilm (Berlusconi e Cecchi Gori s\u00f3cios, isto \u00e9, os partidos PD e PDL juntos) <strong>adquiria por $100 os direitos de um filme da Columbia Pictures e os revendia por $500 \u00e0 Telecinco, que os revendia por $ 1000 para a Rete Italia que, depois, em \u00faltima inst\u00e2ncia, os revendia por $ 2000 \u00e0 RAI, em 142 casos, por tr\u00eas vezes: vendia tanto para a RAI1 como para a RAI2 e para a RAI3. O mesmo filme. Ou seja, a RAI (quer dizer, n\u00f3s) pagamos pelos direitos de um filme 20 vezes o valor de mercado e o compramos tr\u00eas vezes,   assim todos os partidos estavam presentes equitativamente.<\/strong> Quando se chegou ao \u00e2mago da quest\u00e3o, Berlusconi era presidente do conselho, de modo que Garz\u00f2n foi parado pela Uni\u00e3o Europeia. Obteve uma meia vit\u00f3ria. Fechou a Telecinco e acabaram presos os managers espanh\u00f3is.  Mas Berlusconi voltou a entrar em 2003 como Mediaset. A batalha foi reaberta, Garz\u00f2n estava sempre ali. Em 2006, achava que tinha conseguido, mas o governo italiano de ent\u00e3o (Prodi &#038; Co.) ajudou  Berlusconi a se safar.<br \/>\n<\/br><br \/>\n<a href=\"http:\/\/imediata.org\/wp-content\/uploads\/2012\/08\/Pope_John_Paul_II_with_Pinochet.jpg\"><img loading=\"lazy\" decoding=\"async\" src=\"http:\/\/imediata.org\/wp-content\/uploads\/2012\/08\/Pope_John_Paul_II_with_Pinochet-300x278.jpg\" alt=\"\" title=\"Pope_John_Paul_II_with_Pinochet\" width=\"300\" height=\"278\" class=\"alignright size-medium wp-image-2463\" srcset=\"https:\/\/imediata.org\/wp-content\/uploads\/2012\/08\/Pope_John_Paul_II_with_Pinochet-300x278.jpg 300w, https:\/\/imediata.org\/wp-content\/uploads\/2012\/08\/Pope_John_Paul_II_with_Pinochet.jpg 400w\" sizes=\"auto, (max-width: 300px) 100vw, 300px\" \/><\/a><br \/>\n<strong>Pinochet e Woytila num afetuoso e canalha aperto de m\u00e3o<\/strong><br \/>\n<\/br><br \/>\n<a href=\"http:\/\/imediata.org\/wp-content\/uploads\/2012\/08\/0.jpg\"><img loading=\"lazy\" decoding=\"async\" src=\"http:\/\/imediata.org\/wp-content\/uploads\/2012\/08\/0-300x225.jpg\" alt=\"\" title=\"0\" width=\"300\" height=\"225\" class=\"alignright size-medium wp-image-2464\" srcset=\"https:\/\/imediata.org\/wp-content\/uploads\/2012\/08\/0-300x225.jpg 300w, https:\/\/imediata.org\/wp-content\/uploads\/2012\/08\/0.jpg 480w\" sizes=\"auto, (max-width: 300px) 100vw, 300px\" \/><\/a><br \/>\n<strong>Pinochet e Tatcher &#8211; selando o nefasto enlace neoliberalismo-ditadura<\/strong><br \/>\n<\/br><br \/>\n<strong>Em 2004, abriu um dossi\u00ea contra  o papa Woytila e contra a administra\u00e7\u00e3o do IOR na Espanha e na Argentina, com rela\u00e7\u00e3o ao financiamento e ao apoio por parte do Vaticano das juntas militares de Pinochet e Videla, na Am\u00e9rica do Sul. Em 2010, Garz\u00f2n se demitiu, aposentando-se, mas abriu um escrit\u00f3rio de direito internacional dedicado exclusivamente \u00e0 \u201cm\u00eddia &#038; finan\u00e7as\u201d com sede em Haia, na Holanda. \u00c9 o magistrado que foi meter o nariz nas quest\u00f5es mais quentes, em campo midi\u00e1tico, na Europa, nos \u00faltimos vinte anos. Como representante oficial legal de Assange, o juiz Garz\u00f2n tem acesso aos 145.000 arquivos ainda em posse de Jules Assange que n\u00e3o foram tornados p\u00fablicos.  J\u00e1 fez saber que o seu escrit\u00f3rio est\u00e1 pronto a denunciar diversos chefes de estado ocidentais no tribunal de direitos civis com sede em Haia. A acusa\u00e7\u00e3o ser\u00e1 de \u201ccrimes contra a humanidade, crimes contra a dignidade da pessoa\u201d.<br \/>\nA batalha est\u00e1, portanto, aberta.<br \/>\nE ser\u00e1 decisiva sobretudo para o futuro da liberdade na rede. <\/strong><br \/>\nNos EUA, n\u00e3o \u00e9 um mist\u00e9rio o fato de que o queiram morto. Os ingleses tamb\u00e9m.<br \/>\nMas esses pa\u00edses n\u00e3o t\u00eam poucos problemas porque, enquanto isso, apesar de ser bastante paranoico (e n\u00e3o faltam motivos para isso), Assange conseguiu organizar um grupo planet\u00e1rio que se dedica \u00e0 contrainforma\u00e7\u00e3o (verdadeira, n\u00e3o como a italiana). Os seus expoentes s\u00e3o an\u00f4nimos. Ningu\u00e9m sabe quem s\u00e3o. N\u00e3o t\u00eam um site identificado. Simplesmente emitem em redes de dados not\u00edcias, informa\u00e7\u00f5es, eventos, Depois, quem quiser saber, sabe onde procurar e quem quiser entender, entende.<br \/>\nQuando a temperatura sobe, como \u00e9 sabido, tudo vem \u00e0 superf\u00edcie.<br \/>\nE ent\u00e3o dan\u00e7amos todos.<br \/>\nNa Am\u00e9rica do Sul, hoje, chamam isso de \u201cBritish dance\u201d.<br \/>\nEsperamos somente que n\u00e3o tenha consequ\u00eancias dolorosas ou sangrentas.<br \/>\nPor isso Assange est\u00e1 dentro da embaixada do Equador.<br \/>\nPor isso Garz\u00f2n o defende.<br \/>\nPor isso, essa hist\u00f3ria sobre a Am\u00e9rica do Sul precisa ser contada.<br \/>\nPor isso esse Imp\u00e9rio Brit\u00e2nico perdeu a cabe\u00e7a e quer eliminar Assange.<br \/>\nPorque Assange tem acesso a material de fonte direta.<br \/>\n<strong>E s\u00f3 o fato de diz\u00ea-lo, de divulga-lo, deixa as cartas a descoberto para quem governa, e faz as pessoas se lembrarem que estamos dentro de uma Guerra Midi\u00e1tica Invis\u00edvel.<\/strong><br \/>\n<strong>N\u00e3o sabem como fazer para parar com a difus\u00e3o de informa\u00e7\u00f5es sobre o que acontece no mundo.<br \/>\nAt\u00e9 agora conseguiram se sair bem, imbecilizando e adormecendo a humanidade<\/strong>.<br \/>\nMas no caso que ele acorde, para o poder seriam dores realmente constrangedoras.<br \/>\nWikileaks n\u00e3o deve ser lido como fofoca.<br \/>\nN\u00e3o \u00e9 isso.<br \/>\nTem gente que, para emitir uma informa\u00e7\u00e3o de um point an\u00f4nimo da internet em Canberra, Bogot\u00e1 ou Saint Tropez, arrisca a pr\u00f3pria vida.<br \/>\nEsses an\u00f4nimos merecem todo o nosso respeito.<br \/>\nE nos lembram que n\u00e3o poderemos mais dizer, amanh\u00e3, \u201cmas n\u00f3s n\u00e3o sab\u00edamos\u201d.<br \/>\nHoje, quem quer saber est\u00e1 bem servido. \u00c9 s\u00f3 procurar.<br \/>\nSe depois, com esse Saber, o internauta decide n\u00e3o fazer nada, a escolha \u00e9 toda dele.<br \/>\nTraduzindo, isso significa: enquanto n\u00e3o mandarmos para casa a imunda classe pol\u00edtica que mal nos representa, as conversas ficar\u00e3o na estaca zero. Porque agora todos sabemos como est\u00e3o as coisas. De outra forma, n\u00e3o podemos nos lamentar ou surpreender que na It\u00e1lia, ningu\u00e9m tenha falado antes sobre o Equador, de Rafael Correa, daquilo que <strong>acontece na Am\u00e9rica do Sul, do embate acirrado que est\u00e1 ocorrendo entre as presidentas argentina e brasileira, por uma lado, e Christine Lagarde e Angela Merkel, por outro.<\/strong><br \/>\nPor que, ent\u00e3o, ficarmos surpresos com o fato de que os ingleses queiram invadir uma embaixada estrangeira?<br \/>\nN\u00e3o tinha acontecido isso nunca, nem nos momentos mais ferventes da Guerra Fria.<br \/>\nComo se diz na Am\u00e9rica do Sul, quando se pergunta \u201cmas o que est\u00e3o fazendo na Europa, o que est\u00e1 acontecendo por l\u00e1?\u201d<br \/>\nAgora a resposta \u00e9, praticamente em todo lugar: <strong>\u201cNa Europa est\u00e3o dormindo. N\u00e3o sabem que a vida existe\u201d.  <\/strong><br \/>\n<\/br><br \/>\n<a href=\"http:\/\/imediata.org\/wp-content\/uploads\/2012\/08\/a-rainha-elizabeth-2-olha-para-obra-da-ex-premie-britanica-margaret-thatcher-pintada-no-estilo-pop-art-1333046477904_956x500.jpg\"><img loading=\"lazy\" decoding=\"async\" src=\"http:\/\/imediata.org\/wp-content\/uploads\/2012\/08\/a-rainha-elizabeth-2-olha-para-obra-da-ex-premie-britanica-margaret-thatcher-pintada-no-estilo-pop-art-1333046477904_956x500-300x156.jpg\" alt=\"\" title=\"a-rainha-elizabeth-2-olha-para-obra-da-ex-premie-britanica-margaret-thatcher-pintada-no-estilo-pop-art-1333046477904_956x500\" width=\"300\" height=\"156\" class=\"alignright size-medium wp-image-2465\" srcset=\"https:\/\/imediata.org\/wp-content\/uploads\/2012\/08\/a-rainha-elizabeth-2-olha-para-obra-da-ex-premie-britanica-margaret-thatcher-pintada-no-estilo-pop-art-1333046477904_956x500-300x156.jpg 300w, https:\/\/imediata.org\/wp-content\/uploads\/2012\/08\/a-rainha-elizabeth-2-olha-para-obra-da-ex-premie-britanica-margaret-thatcher-pintada-no-estilo-pop-art-1333046477904_956x500.jpg 956w\" sizes=\"auto, (max-width: 300px) 100vw, 300px\" \/><\/a><br \/>\n<strong>Rainha Elizabeth (hoje saio sem minha tiara), admirando extasiada uma tela pop representando sua querida Barbie-T\u00farica Margareth Tatcher<\/strong><\/p>\n","protected":false},"excerpt":{"rendered":"<p>O ataque \u00e0 Rep\u00fablica do Equador. Eis o porqu\u00ea de Londres. Por: Sergio Di Cori Modigliani Fonte: sergiodicorimodiglianji.blogspot.it de 18 de agosto de 2012 Tradu\u00e7\u00e3o: Mario S. Mieli Hoje falamos de geopol\u00edtica e de livre informa\u00e7\u00e3o na rede. Tudo o que est\u00e1 acontecendo hoje, tecnicamente (no sentido de \u201cpoliticamente\u201d) come\u00e7ou no dia 12 de dezembro [&hellip;]<\/p>\n","protected":false},"author":1,"featured_media":0,"comment_status":"open","ping_status":"open","sticky":false,"template":"","format":"standard","meta":{"footnotes":""},"categories":[9],"tags":[1423,1425,1020,1422,1424,1053,95,810,952,282],"class_list":["post-2446","post","type-post","status-publish","format-standard","hentry","category-lance-de-dados","tag-america-do-sul","tag-cristina-kirshner","tag-cristine-lagarde","tag-equador","tag-john-maynard-keynes","tag-julian-assange","tag-mario-s-mieli","tag-rafael-correa","tag-sergio-di-cori-modigliani","tag-wikileaks"],"_links":{"self":[{"href":"https:\/\/imediata.org\/index.php?rest_route=\/wp\/v2\/posts\/2446","targetHints":{"allow":["GET"]}}],"collection":[{"href":"https:\/\/imediata.org\/index.php?rest_route=\/wp\/v2\/posts"}],"about":[{"href":"https:\/\/imediata.org\/index.php?rest_route=\/wp\/v2\/types\/post"}],"author":[{"embeddable":true,"href":"https:\/\/imediata.org\/index.php?rest_route=\/wp\/v2\/users\/1"}],"replies":[{"embeddable":true,"href":"https:\/\/imediata.org\/index.php?rest_route=%2Fwp%2Fv2%2Fcomments&post=2446"}],"version-history":[{"count":13,"href":"https:\/\/imediata.org\/index.php?rest_route=\/wp\/v2\/posts\/2446\/revisions"}],"predecessor-version":[{"id":2472,"href":"https:\/\/imediata.org\/index.php?rest_route=\/wp\/v2\/posts\/2446\/revisions\/2472"}],"wp:attachment":[{"href":"https:\/\/imediata.org\/index.php?rest_route=%2Fwp%2Fv2%2Fmedia&parent=2446"}],"wp:term":[{"taxonomy":"category","embeddable":true,"href":"https:\/\/imediata.org\/index.php?rest_route=%2Fwp%2Fv2%2Fcategories&post=2446"},{"taxonomy":"post_tag","embeddable":true,"href":"https:\/\/imediata.org\/index.php?rest_route=%2Fwp%2Fv2%2Ftags&post=2446"}],"curies":[{"name":"wp","href":"https:\/\/api.w.org\/{rel}","templated":true}]}}