{"id":2439,"date":"2012-08-18T22:19:23","date_gmt":"2012-08-18T22:19:23","guid":{"rendered":"http:\/\/imediata.org\/?p=2439"},"modified":"2012-08-19T03:24:33","modified_gmt":"2012-08-19T03:24:33","slug":"maquiavelagens-8-%e2%80%93-o-diadema-da-canalha-%e2%80%93-esconjuro-de-artur-d%e2%80%99amaru","status":"publish","type":"post","link":"https:\/\/imediata.org\/?p=2439","title":{"rendered":">> Maquiavelagens 8 \u2013 O Diadema da Canalha \u2013 esconjuro de Artur d\u2019Amaru"},"content":{"rendered":"<p><\/br><br \/>\n<strong>Maquiavelagens 8 \u2013 O Diadema da Canalha \u2013 esconjuro de Artur d\u2019Amaru<\/strong><br \/>\n<\/br><br \/>\n<a href=\"http:\/\/imediata.org\/wp-content\/uploads\/2012\/08\/regina-elisabetta_thumb.jpg\"><img loading=\"lazy\" decoding=\"async\" src=\"http:\/\/imediata.org\/wp-content\/uploads\/2012\/08\/regina-elisabetta_thumb.jpg\" alt=\"\" title=\"regina-elisabetta_thumb\" width=\"577\" height=\"434\" class=\"alignright size-full wp-image-2440\" srcset=\"https:\/\/imediata.org\/wp-content\/uploads\/2012\/08\/regina-elisabetta_thumb.jpg 577w, https:\/\/imediata.org\/wp-content\/uploads\/2012\/08\/regina-elisabetta_thumb-300x225.jpg 300w\" sizes=\"auto, (max-width: 577px) 100vw, 577px\" \/><\/a><br \/>\n<\/br><br \/>\n<a href=\"http:\/\/imediata.org\/wp-content\/uploads\/2012\/08\/assange_basicregisters_monicamartins_br_2011.jpg\"><img loading=\"lazy\" decoding=\"async\" src=\"http:\/\/imediata.org\/wp-content\/uploads\/2012\/08\/assange_basicregisters_monicamartins_br_2011-300x225.jpg\" alt=\"\" title=\"assange_basicregisters_monicamartins_br_2011\" width=\"300\" height=\"225\" class=\"alignright size-medium wp-image-2441\" srcset=\"https:\/\/imediata.org\/wp-content\/uploads\/2012\/08\/assange_basicregisters_monicamartins_br_2011-300x225.jpg 300w, https:\/\/imediata.org\/wp-content\/uploads\/2012\/08\/assange_basicregisters_monicamartins_br_2011.jpg 800w\" sizes=\"auto, (max-width: 300px) 100vw, 300px\" \/><\/a><br \/>\n<strong>O Diadema da Canalha \u2013 esconjuro de Artur d\u2019Amaru<\/strong><br \/>\n<\/br><br \/>\n<strong>Pirataria secular e opress\u00e3o? \u00c9 a cara do SISTEMA!<br \/>\n<\/br><br \/>\nIsto \u00e9: MALDI\u00c7\u00c3O<br \/>\n<\/br><br \/>\nPara dar em privataria e repress\u00e3o global? Seu eterno TEMA!<br \/>\n<\/br><br \/>\nIsto \u00e9: PRAGA<br \/>\n<\/br><br \/>\nDe todas as desgra\u00e7as impostas por seu reino? O pr\u00f3prio EMBLEMA!<br \/>\n<\/br><br \/>\nIsto \u00e9: EXECRA\u00c7\u00c3O<br \/>\n<\/br><br \/>\n\u00c1pice das oligo-plutarquias tir\u00e2nicas? S\u00edntese de todo o ESQUEMA!<br \/>\n<\/br><br \/>\nIsto \u00e9: IGNOM\u00cdNIA<br \/>\n<\/br><br \/>\nDiab\u00f3licas maldades &#038; iniquidades camufladas de celebridade? O PROBLEMA!<br \/>\n<\/br><br \/>\nIsto \u00e9: IMPRECA\u00c7\u00c3O<br \/>\n<\/br><br \/>\nQue novas eras vibrat\u00f3rias te destrocem a praga de tua estirpe? O TEOREMA!<br \/>\n<\/br><br \/>\nIsto \u00e9: OPR\u00d3BRIO<br \/>\n<\/br><br \/>\n[E assim, pensando, entre outros, em Assange\u2026 sempre que Assange n\u00e3o seja um cara &#8220;dos&#8221; babados &#8220;fortes&#8221; internacionais (como alguns sustentam, com provas e racioc\u00ednios &#8211; e neste caso iria um belo CANALHA bem alto e ressoante para ele tamb\u00e9m), mas um cara &#8220;contra&#8221; os babados &#8220;fortes&#8221; internacionais&#8230; (se \u00e9 que ele mesmo sabe com que time est\u00e1 jogando&#8230;)]<br \/>\n<\/br><br \/>\nVai um grande CANALHA para cada genoc\u00eddico brilhante de teu DIA-DE-M\u00c1!<br \/>\n<\/br><br \/>\nIsto \u00e9: AVERS\u00c3O &#038; EXCOMUNGA\u00c7\u00c3O PERENE<\/strong><br \/>\n<\/br><br \/>\n<strong>Walter Franco &#8211; CANALHA.<\/strong><br \/>\n<iframe loading=\"lazy\" title=\"Walter Franco - CANALHA.\" width=\"640\" height=\"480\" src=\"https:\/\/www.youtube.com\/embed\/jbApbGOL9x4?feature=oembed\" frameborder=\"0\" allow=\"accelerometer; autoplay; clipboard-write; encrypted-media; gyroscope; picture-in-picture; web-share\" referrerpolicy=\"strict-origin-when-cross-origin\" allowfullscreen><\/iframe><br \/>\n<\/br><\/p>\n<p><strong>Walter Franco-Canalha (ao vivo Festival da TV Tupi,1979)ver1 (only audio) &#8211; \u00f3tima apresenta\u00e7\u00e3o do Ziraldo<\/strong><br \/>\n<iframe loading=\"lazy\" title=\"Walter Franco-Canalha(ao vivo Festival da TV Tupi,1979)ver1 (audio only)\" width=\"640\" height=\"480\" src=\"https:\/\/www.youtube.com\/embed\/NZGXgnyGUW8?feature=oembed\" frameborder=\"0\" allow=\"accelerometer; autoplay; clipboard-write; encrypted-media; gyroscope; picture-in-picture; web-share\" referrerpolicy=\"strict-origin-when-cross-origin\" allowfullscreen><\/iframe><\/p>\n","protected":false},"excerpt":{"rendered":"<p>Maquiavelagens 8 \u2013 O Diadema da Canalha \u2013 esconjuro de Artur d\u2019Amaru O Diadema da Canalha \u2013 esconjuro de Artur d\u2019Amaru Pirataria secular e opress\u00e3o? \u00c9 a cara do SISTEMA! Isto \u00e9: MALDI\u00c7\u00c3O Para dar em privataria e repress\u00e3o global? Seu eterno TEMA! Isto \u00e9: PRAGA De todas as desgra\u00e7as impostas por seu reino? O [&hellip;]<\/p>\n","protected":false},"author":1,"featured_media":0,"comment_status":"open","ping_status":"open","sticky":false,"template":"","format":"standard","meta":{"footnotes":""},"categories":[8,81,1081],"tags":[157,1421,1419,1053,1420],"class_list":["post-2439","post","type-post","status-publish","format-standard","hentry","category-anarcom","category-imediartivismo","category-maquiavelanges","tag-artur-damaru","tag-canalha","tag-diadema-da-canalha","tag-julian-assange","tag-walter-franco"],"_links":{"self":[{"href":"https:\/\/imediata.org\/index.php?rest_route=\/wp\/v2\/posts\/2439","targetHints":{"allow":["GET"]}}],"collection":[{"href":"https:\/\/imediata.org\/index.php?rest_route=\/wp\/v2\/posts"}],"about":[{"href":"https:\/\/imediata.org\/index.php?rest_route=\/wp\/v2\/types\/post"}],"author":[{"embeddable":true,"href":"https:\/\/imediata.org\/index.php?rest_route=\/wp\/v2\/users\/1"}],"replies":[{"embeddable":true,"href":"https:\/\/imediata.org\/index.php?rest_route=%2Fwp%2Fv2%2Fcomments&post=2439"}],"version-history":[{"count":4,"href":"https:\/\/imediata.org\/index.php?rest_route=\/wp\/v2\/posts\/2439\/revisions"}],"predecessor-version":[{"id":2443,"href":"https:\/\/imediata.org\/index.php?rest_route=\/wp\/v2\/posts\/2439\/revisions\/2443"}],"wp:attachment":[{"href":"https:\/\/imediata.org\/index.php?rest_route=%2Fwp%2Fv2%2Fmedia&parent=2439"}],"wp:term":[{"taxonomy":"category","embeddable":true,"href":"https:\/\/imediata.org\/index.php?rest_route=%2Fwp%2Fv2%2Fcategories&post=2439"},{"taxonomy":"post_tag","embeddable":true,"href":"https:\/\/imediata.org\/index.php?rest_route=%2Fwp%2Fv2%2Ftags&post=2439"}],"curies":[{"name":"wp","href":"https:\/\/api.w.org\/{rel}","templated":true}]}}