{"id":2425,"date":"2012-08-18T02:53:41","date_gmt":"2012-08-18T02:53:41","guid":{"rendered":"http:\/\/imediata.org\/?p=2425"},"modified":"2012-08-18T03:17:10","modified_gmt":"2012-08-18T03:17:10","slug":"maquiavelagens-7-%e2%80%93-viver-custa-caro-num-sistema-vampirusurario-de-banksters-bankensteins-entao-carissimo-desvampirizar-se-dessa-fetida-ordem-nao-tem-preco-artur-d%e2%80%99amaru-em-tr","status":"publish","type":"post","link":"https:\/\/imediata.org\/?p=2425","title":{"rendered":">> Maquiavelagens 7 \u2013 Viver custa caro. Num sistema vampirusur\u00e1rio de banksters bankensteins, ent\u00e3o, car\u00edssimo. Desvampirizar-se dessa f\u00e9tida ordem? N\u00e3o tem pre\u00e7o.  Artur d\u2019Amaru em tributo a Obaluai\u00ea"},"content":{"rendered":"<p><\/br><br \/>\n<strong><br \/>\nMaquiavelagens 7 \u2013 Viver custa caro. Num sistema vampirusur\u00e1rio de banksters bankensteins, ent\u00e3o, car\u00edssimo. Desvampirizar-se dessa f\u00e9tida ordem? N\u00e3o tem pre\u00e7o.<\/p>\n<p>Artur d\u2019Amaru em tributo a Obaluai\u00ea<\/p>\n<p><\/br><br \/>\n<a href=\"http:\/\/imediata.org\/wp-content\/uploads\/2012\/08\/ervase.jpg\"><img loading=\"lazy\" decoding=\"async\" src=\"http:\/\/imediata.org\/wp-content\/uploads\/2012\/08\/ervase.jpg\" alt=\"\" title=\"ervase\" width=\"300\" height=\"261\" class=\"alignright size-full wp-image-2426\" \/><\/a><br \/>\nervas de Obaluai\u00ea<br \/>\n<\/br><br \/>\n<strong>Obaluai\u00ea<\/strong><br \/>\n<iframe loading=\"lazy\" title=\"Obaluai\u00ea\" width=\"640\" height=\"480\" src=\"https:\/\/www.youtube.com\/embed\/DEQ3RPuooj0?feature=oembed\" frameborder=\"0\" allow=\"accelerometer; autoplay; clipboard-write; encrypted-media; gyroscope; picture-in-picture; web-share\" referrerpolicy=\"strict-origin-when-cross-origin\" allowfullscreen><\/iframe><br \/>\n<\/br><\/p>\n<p>Se o direito \u00e0 sa\u00fade \u00e9 um privil\u00e9gio do passado,<br \/>\nque tal aproveitarmos essa compuls\u00f3ria nega\u00e7\u00e3o e acabarmos com esse sistema que nunca foi \u201cde sa\u00fade\u201d, mas de \u201cde doen\u00e7a\u201d, \u201cde morte\u201d, \u201c de aniquila\u00e7\u00e3o\u201d necr\u00f3fila ministrada a conta-gotas?<br \/>\n<\/br><br \/>\nQue tal procurarmos herbalistas, homeopatas, acupunturistas, magos, feiticeiros, xam\u00e3s? Voltarmos a puxar o ponto no terreiro, rodando, canalizando e  invocando Obalua\u00ea, que de ervas mais que entende? Ou recitarmos o mantra do Buda da Sa\u00fade? Qualquer coisa ser\u00e1 melhor que essa titica que chamam de sistema de sa\u00fade.<br \/>\n<\/br><\/p>\n<p>Afinal, o direito \u00e0 sa\u00fade nunca foi direito \u00e0 sa\u00fade. Foi s\u00f3 consentir que nos intoxiquem interminavelmente para enriquecer a ind\u00fastria farmac\u00eautica, a ind\u00fastria de seguros, a ind\u00fastria funer\u00e1ria.<br \/>\n<\/br><\/p>\n<p>Rem\u00e9dios custam caro. M\u00e9dicos custam caro. Hospitais custam caro. Seguros, ent\u00e3o, car\u00edssimos.<br \/>\n<\/br><\/p>\n<p>REDEFINIR O QUE \u00c9 SA\u00daDE E DIREITO \u00c0 SA\u00daDE? N\u00c3O TEM PRE\u00c7O!<br \/>\n<\/br><br \/>\n<a href=\"http:\/\/imediata.org\/wp-content\/uploads\/2012\/08\/Festa-de-Kassulupomgo-2010-063.jpg\"><img loading=\"lazy\" decoding=\"async\" src=\"http:\/\/imediata.org\/wp-content\/uploads\/2012\/08\/Festa-de-Kassulupomgo-2010-063-200x300.jpg\" alt=\"\" title=\"Festa de Kassulupomgo, 2010 063\" width=\"200\" height=\"300\" class=\"alignright size-medium wp-image-2427\" srcset=\"https:\/\/imediata.org\/wp-content\/uploads\/2012\/08\/Festa-de-Kassulupomgo-2010-063-200x300.jpg 200w, https:\/\/imediata.org\/wp-content\/uploads\/2012\/08\/Festa-de-Kassulupomgo-2010-063-685x1024.jpg 685w, https:\/\/imediata.org\/wp-content\/uploads\/2012\/08\/Festa-de-Kassulupomgo-2010-063.jpg 1071w\" sizes=\"auto, (max-width: 200px) 100vw, 200px\" \/><\/a><br \/>\n<\/br><br \/>\nSe a educa\u00e7\u00e3o p\u00fablica foi desmantelada e vendida a pre\u00e7o de banana podre de pobre aos abastados \u201ccapitalistas de e da m\u00e1-educa\u00e7\u00e3o\u201d, que tal acabarmos com esse sistema que nunca foi de \u201ceduca\u00e7\u00e3o\u201d ou \u201cinstru\u00e7\u00e3o\u201d, mas de \u201clavagem cerebral\u201d, de \u201cincondicional condicionamento feito para suprir os requisitos do mercado\u201d para ficarmos perpetuamente campo vulner\u00e1vel e f\u00e9rtil de \u201cdoutrina\u00e7\u00e3o infinita desde a mais tenra idade\u201d?<br \/>\n<\/br><\/p>\n<p>Que tal come\u00e7armos procurando quem s\u00e3o os verdadeiros s\u00e1bios, \u201cmestres letrados\u201d ou \u201canalfabetos completos\u201d e reaprender como \u00e9 que se tem uma cosmovis\u00e3o, come\u00e7ar perguntando o que \u00e9 necess\u00e1rio aprender para se viver em plenitude e n\u00e3o mal e mal sobreviver como enjaulados-escravos a quem se confisca o direito de pensar? Qualquer coisa ser\u00e1 melhor que esse excremento que chamam de sistema de educa\u00e7\u00e3o.<br \/>\n<\/br><\/p>\n<p>Afinal, o direito \u00e0 educa\u00e7\u00e3o nunca foi direito \u00e0 educa\u00e7\u00e3o. Foi s\u00f3 nos disponibilizarmos para sermos lobotomizados e continuar alimentando a besta da ignor\u00e2ncia infinita; foi s\u00f3 concordarmos em nos robotizarmos para podermos ser achincalhados, debochados e escarnecidos por quem vive de nos vampirizar o sopro de vida, de curiosidade, de amor por aprender, que \u00e9 sempre sopro de conhecer o que \u00e9 a vida.<br \/>\n<\/br><br \/>\nEscolas custam caro. Material escolar custa caro. Engolir as baboseiras do sistema para depois regurgit\u00e1-las no mundo capitalista selvagem, ent\u00e3o, custa car\u00edssimo.<br \/>\n<\/br><\/p>\n<p>REDEFINIR O QUE \u00c9 EDUCA\u00c7\u00c3O E DIREITO \u00c0 EDUCA\u00c7\u00c3O? N\u00c3O TEM PRE\u00c7O!<\/br><br \/>\n<\/br><br \/>\n<a href=\"http:\/\/imediata.org\/wp-content\/uploads\/2012\/08\/obaluae.jpg\"><img loading=\"lazy\" decoding=\"async\" src=\"http:\/\/imediata.org\/wp-content\/uploads\/2012\/08\/obaluae-300x225.jpg\" alt=\"\" title=\"obaluae\" width=\"300\" height=\"225\" class=\"alignright size-medium wp-image-2428\" srcset=\"https:\/\/imediata.org\/wp-content\/uploads\/2012\/08\/obaluae-300x225.jpg 300w, https:\/\/imediata.org\/wp-content\/uploads\/2012\/08\/obaluae.jpg 400w\" sizes=\"auto, (max-width: 300px) 100vw, 300px\" \/><\/a><br \/>\n<\/br><\/p>\n<p>Se o direito \u00e0 moradia nos foi confiscado e foi para o todo e sempre depositado nas m\u00e3os com unhas de vaca das construtoras, das empreiteiras, das imobili\u00e1rias, que tal acabarmos com esse sistema que nunca foi de \u201cmoradia digna e decente\u201d, mas s\u00f3 de apertad\u00edssimo apartamento-pretexto para nos roubarem o verdadeiro espa\u00e7o vital a que temos direito.<br \/>\n<\/br><\/p>\n<p>Que tal procurarmos mudar o conceito de moradia? Mudar de bairro, de cidade, de estado, trocarmos as presta\u00e7\u00f5es hipotec\u00e1rias e hipotecantes por um \u201ckit permanente do sem teto com estilo\u201d, esticando a rede entre um e outro poste, em cada logradouro da cidade? Os poucos \u00edndios que puderam sobreviver poderiam muito nos ensinar sobre a arte da arquitetura com folhas de bananeira e a arte de tra\u00e7ar nossos leitos-redes suspensos, al\u00e9m de todos os objetos pessoais de que precisar\u00edamos no quotidiano. Qualquer coisa ser\u00e1 melhor que essa atrocidade que chamam de sistema de habita\u00e7\u00e3o.<br \/>\n<\/br><\/p>\n<p>Afinal, o direito \u00e0 moradia nunca foi direito \u00e0 moradia. Foi s\u00f3 compactuarmos com a desgra\u00e7a de nos compactarmos desumanamente para mal cabermos em inc\u00f4modos c\u00f4modos de intensa solid\u00e3o, infelicidade e limita\u00e7\u00e3o. Quem sabe dormir sob o espa\u00e7o sideral nos recupere a dignidade c\u00f3smica?<br \/>\n<\/br><\/p>\n<p>Ter uma moradia custa caro. Acreditar que essa moradia \u00e9 verdadeiramente um lar, ent\u00e3o, custa car\u00edssimo.<br \/>\n<\/br><\/p>\n<p>REDEFINIR O QUE \u00c9 LAR E MORADIA E DIREITO AO LAR E \u00c0 MORADIA? N\u00c3O TEM PRE\u00c7O!<br \/>\n<\/br><br \/>\n<a href=\"http:\/\/imediata.org\/wp-content\/uploads\/2012\/08\/images2.jpeg\"><img loading=\"lazy\" decoding=\"async\" src=\"http:\/\/imediata.org\/wp-content\/uploads\/2012\/08\/images2.jpeg\" alt=\"\" title=\"images\" width=\"197\" height=\"256\" class=\"alignright size-full wp-image-2429\" \/><\/a><br \/>\n<\/br><\/p>\n<p>Se o direito \u00e0 alimenta\u00e7\u00e3o saud\u00e1vel nos foi violentamente retirado pelas multi-merdas-transnacionais dos transg\u00eanicos, e devemos pagar a pre\u00e7o de ouro por sementes est\u00e9reis que nos envenenam corpo alma e esp\u00edrito e pesticidas que fazem total jus ao pr\u00f3prio nome, que tal acabarmos com esse sistema que nunca foi de \u201calimenta\u00e7\u00e3o saud\u00e1vel e nutritiva\u201d, mas s\u00f3 concess\u00e3o abalizada de nossa parte de sermos contaminados e mal nutridos com podreiras, onde pagamos presta\u00e7\u00f5es com salgados juros para ficarmos obesos, colester\u00f3licos, inoperantes, e sermos finalmente exterminados?<br \/>\n<\/br><\/p>\n<p>Que tal procurarmos mudar o conceito de alimenta\u00e7\u00e3o? Como a Bol\u00edvia, que fez aquela MacMal\u00e9vol\u00edssima cadeia abandon\u00e1-la por absoluta falta de interesse da popula\u00e7\u00e3o? Ou fazermos seletivas greves de fome, enquanto plantamos onde quer que d\u00ea para plantar, nas salas e mesas de tantos de nossos \u201crepresentantes\u201d pol\u00edticos que nunca d\u00e3o o ar de sua gra\u00e7a para nos representarem, mas aparecem bem e rapidinho quando se trata de se autorepresentarem. Qualquer coisa ser\u00e1 melhor que essa  barbaridade que chamam de sistema de alimenta\u00e7\u00e3o.<br \/>\n<\/br><\/p>\n<p>Afinal, o direito \u00e0 alimenta\u00e7\u00e3o nunca foi direto \u00e0 alimenta\u00e7\u00e3o. Foi s\u00f3 cedermos a soberania de nossos buchos para quem quer que quisesse ocup\u00e1-lo com o lixo mais nojento que sequer os insetos mais esfomeados ousariam ingerir.<br \/>\n<\/br><br \/>\nComprar sementes custa caro. Comprar comida morta, enlatada e desproteinizada em supermercados hostis custa ainda mais. Ter uma refei\u00e7\u00e3o podre ent\u00e3o, \u00e9 car\u00edssimo.<br \/>\n<\/br><\/p>\n<p>REDEFINIR O QUE \u00c9 ALIMENTO E O DIREITO \u00c0 ALIMENTA\u00c7\u00c3O? N\u00c3O TEM PRE\u00c7O!<br \/>\n<\/br><br \/>\n<a href=\"http:\/\/imediata.org\/wp-content\/uploads\/2012\/08\/obaluae-1.jpg\"><img loading=\"lazy\" decoding=\"async\" src=\"http:\/\/imediata.org\/wp-content\/uploads\/2012\/08\/obaluae-1-300x225.jpg\" alt=\"\" title=\"obaluae-1\" width=\"300\" height=\"225\" class=\"alignright size-medium wp-image-2430\" srcset=\"https:\/\/imediata.org\/wp-content\/uploads\/2012\/08\/obaluae-1-300x225.jpg 300w, https:\/\/imediata.org\/wp-content\/uploads\/2012\/08\/obaluae-1.jpg 640w\" sizes=\"auto, (max-width: 300px) 100vw, 300px\" \/><\/a><br \/>\n<\/br><\/p>\n<p>Muitas outras coisas n\u00e3o t\u00eam pre\u00e7o!!!<br \/>\nPor exemplo:<br \/>\nN\u00e3o tem pre\u00e7o.<br \/>\n <iframe loading=\"lazy\" title=\"N\u00e3o tem pre\u00e7o. Propaganda Mastercard LEGENDADA\" width=\"640\" height=\"480\" src=\"https:\/\/www.youtube.com\/embed\/FzVrYIGtZ2s?feature=oembed\" frameborder=\"0\" allow=\"accelerometer; autoplay; clipboard-write; encrypted-media; gyroscope; picture-in-picture; web-share\" referrerpolicy=\"strict-origin-when-cross-origin\" allowfullscreen><\/iframe><br \/>\n<\/br><\/p>\n<p>FELICIDADE N\u00c3O TEM PRE\u00c7O!!<\/strong><br \/>\n<iframe loading=\"lazy\" title=\"FELICIDADE N\u00c3O TEM PRE\u00c7O!!\" width=\"640\" height=\"480\" src=\"https:\/\/www.youtube.com\/embed\/VwsbEYoHTWc?feature=oembed\" frameborder=\"0\" allow=\"accelerometer; autoplay; clipboard-write; encrypted-media; gyroscope; picture-in-picture; web-share\" referrerpolicy=\"strict-origin-when-cross-origin\" allowfullscreen><\/iframe><\/p>\n","protected":false},"excerpt":{"rendered":"<p>Maquiavelagens 7 \u2013 Viver custa caro. Num sistema vampirusur\u00e1rio de banksters bankensteins, ent\u00e3o, car\u00edssimo. Desvampirizar-se dessa f\u00e9tida ordem? N\u00e3o tem pre\u00e7o. Artur d\u2019Amaru em tributo a Obaluai\u00ea ervas de Obaluai\u00ea Obaluai\u00ea Se o direito \u00e0 sa\u00fade \u00e9 um privil\u00e9gio do passado, que tal aproveitarmos essa compuls\u00f3ria nega\u00e7\u00e3o e acabarmos com esse sistema que nunca foi [&hellip;]<\/p>\n","protected":false},"author":1,"featured_media":0,"comment_status":"open","ping_status":"open","sticky":false,"template":"","format":"standard","meta":{"footnotes":""},"categories":[1081],"tags":[1415,157,620,623,1414,1412,1379,1413],"class_list":["post-2425","post","type-post","status-publish","format-standard","hentry","category-maquiavelanges","tag-alimentacao","tag-artur-damaru","tag-educacao","tag-felicidade","tag-moradia","tag-nao-tem-preco","tag-saude","tag-tributo-a-obaluaie"],"_links":{"self":[{"href":"https:\/\/imediata.org\/index.php?rest_route=\/wp\/v2\/posts\/2425","targetHints":{"allow":["GET"]}}],"collection":[{"href":"https:\/\/imediata.org\/index.php?rest_route=\/wp\/v2\/posts"}],"about":[{"href":"https:\/\/imediata.org\/index.php?rest_route=\/wp\/v2\/types\/post"}],"author":[{"embeddable":true,"href":"https:\/\/imediata.org\/index.php?rest_route=\/wp\/v2\/users\/1"}],"replies":[{"embeddable":true,"href":"https:\/\/imediata.org\/index.php?rest_route=%2Fwp%2Fv2%2Fcomments&post=2425"}],"version-history":[{"count":6,"href":"https:\/\/imediata.org\/index.php?rest_route=\/wp\/v2\/posts\/2425\/revisions"}],"predecessor-version":[{"id":2436,"href":"https:\/\/imediata.org\/index.php?rest_route=\/wp\/v2\/posts\/2425\/revisions\/2436"}],"wp:attachment":[{"href":"https:\/\/imediata.org\/index.php?rest_route=%2Fwp%2Fv2%2Fmedia&parent=2425"}],"wp:term":[{"taxonomy":"category","embeddable":true,"href":"https:\/\/imediata.org\/index.php?rest_route=%2Fwp%2Fv2%2Fcategories&post=2425"},{"taxonomy":"post_tag","embeddable":true,"href":"https:\/\/imediata.org\/index.php?rest_route=%2Fwp%2Fv2%2Ftags&post=2425"}],"curies":[{"name":"wp","href":"https:\/\/api.w.org\/{rel}","templated":true}]}}