{"id":2390,"date":"2012-08-16T21:35:32","date_gmt":"2012-08-16T21:35:32","guid":{"rendered":"http:\/\/imediata.org\/?p=2390"},"modified":"2012-08-16T21:36:04","modified_gmt":"2012-08-16T21:36:04","slug":"prefeito-%e2%80%9cvermelho%e2%80%9d-guia-expropriacoes-em-supermercados-carrinhos-de-alimentos-para-36-familias-pobres-de-sevilha","status":"publish","type":"post","link":"https:\/\/imediata.org\/?p=2390","title":{"rendered":">> Prefeito \u201cvermelho\u201d guia expropria\u00e7\u00f5es em supermercados &#8211; Carrinhos de alimentos para 36 fam\u00edlias pobres de Sevilha"},"content":{"rendered":"<p><strong>O prefeito \u201cvermelho\u201d guia expropria\u00e7\u00f5es em supermercados &#8211; Carrinhos de alimentos para 36 fam\u00edlias pobres de Sevilha<br \/>\n<\/br><\/p>\n<p>Por: Isolon<br \/>\nFonte: <a href=\"http:\/\/csaarcadia.org\/blog\/2012\/notizie\/il-sindaco-rosso-guida-gli-espropri-nei-supermercati\/\">csaarcadia.org<\/a><br \/>\nTradu\u00e7\u00e3o: Mario S. Mieli<\/strong><\/p>\n<p><\/br><br \/>\n<a href=\"http:\/\/imediata.org\/wp-content\/uploads\/2012\/08\/460a3b8e2385da198ede9cd10d8d19f837a20c13980d1d165e843b32.jpg\"><img loading=\"lazy\" decoding=\"async\" src=\"http:\/\/imediata.org\/wp-content\/uploads\/2012\/08\/460a3b8e2385da198ede9cd10d8d19f837a20c13980d1d165e843b32.jpg\" alt=\"\" title=\"460a3b8e2385da198ede9cd10d8d19f837a20c13980d1d165e843b32\" width=\"400\" height=\"300\" class=\"alignright size-full wp-image-2391\" srcset=\"https:\/\/imediata.org\/wp-content\/uploads\/2012\/08\/460a3b8e2385da198ede9cd10d8d19f837a20c13980d1d165e843b32.jpg 400w, https:\/\/imediata.org\/wp-content\/uploads\/2012\/08\/460a3b8e2385da198ede9cd10d8d19f837a20c13980d1d165e843b32-300x225.jpg 300w\" sizes=\"auto, (max-width: 400px) 100vw, 400px\" \/><\/a><br \/>\n<\/br><\/p>\n<p>O \u00faltimo clamoroso protesto foi uma \u201c<strong>Expropria\u00e7\u00e3o alimentar<\/strong>\u201d em um supermercado; ter\u00e7a-feira passada, <strong>Juan Manuel Sanch\u00e9z Gordillo<\/strong>, 60 anos, desde 1979 prefeito eleito por maioria absoluta da comunist\u00edssima <strong>Marinaleda<\/strong>, dirigiu o assalto a um supermercado na lim\u00edtrofe Ecija, levando embora tr\u00eas carrinhos cheios de macarr\u00e3o, feij\u00e3o, lentilhas e leite, que doou a 36 fam\u00edlias de sem teto desocupados de Sevilha.<br \/>\n<\/br><br \/>\nUn\u00e2nime a condena\u00e7\u00e3o do governo, dos socialistas, da IU [<strong>Izquierda Unida<\/strong>]. Obviamente, ele foi denunciado. <strong>Mas ele ri satisfeito: \u201cFoi uma a\u00e7\u00e3o simb\u00f3lica. O pr\u00f3ximo objetivo? Os bancos\u201d.  <\/strong><br \/>\n<\/br><\/p>\n<p><strong>Sanch\u00e9z Gordillo<\/strong> n\u00e3o \u00e9 s\u00f3 prefeito, mas tamb\u00e9m <strong>deputado regional andaluz<\/strong>, l\u00edder do Cut-Bai (Coletivo unidade dos trabalhadores-Bloco andaluz de esquerda) e do sindicato agr\u00edcola SAT [Sindicato Andaluz dos Trabalhadores]. E desde sempre faz falar de si, ocupando terras n\u00e3o cultivadas ou a Moncloa, o Pal\u00e1cio do Governo, com o ex premier socialista Gonz\u00e1lez dentro. <strong>Mas na regi\u00e3o com o maior n\u00famero de desempregados da Europa (34%)<\/strong>, na sua Prefeitura n\u00e3o h\u00e1 nenhum, <strong>gra\u00e7as \u00e0s cooperativas comunais hortofrut\u00edcolas que ele inventou e onde todos ganham o mesmo sal\u00e1rio: 1128 euros por m\u00eas<\/strong>. &#8220;Nunca fiz parte do partido comunista com a foice e o martelo, mas me sinto comunista, ou comunitarista, como creio se sentiam <strong>Cristo, Gandhi, Lenin e o Che<\/strong>&#8220;, diz esse professor de Hist\u00f3ria, filho de um paup\u00e9rrimo pedreiro, que pode ir \u00e0 Universidade gra\u00e7as a uma bolsa de estudos.<br \/>\n<\/br><br \/>\n<a href=\"http:\/\/imediata.org\/wp-content\/uploads\/2012\/08\/hortofruticola.jpg\"><img loading=\"lazy\" decoding=\"async\" src=\"http:\/\/imediata.org\/wp-content\/uploads\/2012\/08\/hortofruticola.jpg\" alt=\"\" title=\"hortofruticola\" width=\"448\" height=\"251\" class=\"alignright size-full wp-image-2392\" srcset=\"https:\/\/imediata.org\/wp-content\/uploads\/2012\/08\/hortofruticola.jpg 448w, https:\/\/imediata.org\/wp-content\/uploads\/2012\/08\/hortofruticola-300x168.jpg 300w\" sizes=\"auto, (max-width: 448px) 100vw, 448px\" \/><\/a><br \/>\n<\/br><\/p>\n<p>Tendo ingressado na <strong>Izquierda Unida <\/strong>(a chapa eleitoral comunista) em \u201886, arqui-inimigo dos socialistas (\u201cZapatero roubava dos pobres para dar o dinheiro aos ricos\u201d), desfruta de uma popularidade impressionante, e n\u00e3o s\u00f3 na sua Marinaleda (2645 habitantes): nas regionais andaluzas de mar\u00e7o passado, <strong>como o primeiro da lista da IU para Sevilha, obteve 116.726 votos (12,18%)<\/strong>.<br \/>\n<\/br><\/p>\n<p><strong>O seu lema sempre foi: \u201cA terra para quem a trabalha\u201d.<\/strong> E Gordillo, que parece ter sa\u00eddo do filme \u201c1900\u201d de Bertolucci, embora use o Twitter, \u00e9 um l\u00edder que faz aquilo que diz. Na Andaluzia agr\u00e1ria,  nas m\u00e3os de riqu\u00edssimos propriet\u00e1rios de terras, o prefeito barbudo, depois 12 anos de ocupa\u00e7\u00f5es, <strong>no ano de 1992 conseguiu expropriar 1200 hectares que estavam sob a posse do Duque do Infantado.<\/strong><br \/>\n<\/br><\/p>\n<p>Sempre na linha de frente, na sexta passada foi desalojado pela Guarda Civil, junto com outros 200 militantes do SAT, de um terreno militar. \u201cVoltaremos. J\u00e1 come\u00e7amos a trabalhar a terra\u201d disse aos agentes da Benem\u00e9rita.<br \/>\n<\/br><\/p>\n<p><strong>A expropria\u00e7\u00e3o da terra foi o volante de sua \u201crevoluci\u00f3n\u201d, sempre perseguida com a n\u00e3o viol\u00eancia.<\/strong> O prefeito que tem a foto do Che em seu escrit\u00f3rio sempre aberto ao p\u00fablico e veste a kefiah em volta do pesco\u00e7o \u201cat\u00e9 que os palestinos tenham uma p\u00e1tria pr\u00f3pria\u201d, constituiu a <strong>Cooperativa Hu Humar-Marinaleda<\/strong>, obviamente ecologicamente correta. Produz alcachofras, piment\u00f5es, feij\u00f5es, azeite de oliva. <strong>A prefeitura \u00e9 propriet\u00e1ria de uma f\u00e1brica de conservas, um lagar de azeite, estufas e cria\u00e7\u00e3o de gado. Sal\u00e1rio: 47 euros por dia, 6 dias por semana, 35 horas semanais. Por isso n\u00e3o h\u00e1 desempregados.<\/strong><br \/>\n<\/br><\/p>\n<p>Mas tem mais. <strong>Em Marinaleda nunca entrou um construtor<\/strong>. O munic\u00edpio d\u00e1 o terreno gratuitamente para quem construir uma casa (90 metros quadrados em dois andares e 100 metros para um quintal), antecipa o dinheiro para os trabalhadores e exige que o propriet\u00e1rio colabore na constru\u00e7\u00e3o de sua casa ou pague um substituto. A d\u00edvida \u00e9 restitu\u00edda em presta\u00e7\u00f5es de 15,52 euros por m\u00eas.<br \/>\n<\/br><\/p>\n<p>Dulcis in fundo, <strong>n\u00e3o existe pol\u00edcia local. \u201cAqui, n\u00e3o necessitamos dela\u201d,<\/strong> se vangloria Gordillo.<br \/>\n<\/br><br \/>\n<a href=\"http:\/\/imediata.org\/wp-content\/uploads\/2012\/08\/120816-gordillo-130a-2.photoblog600.jpg\"><img loading=\"lazy\" decoding=\"async\" src=\"http:\/\/imediata.org\/wp-content\/uploads\/2012\/08\/120816-gordillo-130a-2.photoblog600.jpg\" alt=\"\" title=\"120816-gordillo-130a-2.photoblog600\" width=\"540\" height=\"360\" class=\"alignright size-full wp-image-2393\" srcset=\"https:\/\/imediata.org\/wp-content\/uploads\/2012\/08\/120816-gordillo-130a-2.photoblog600.jpg 540w, https:\/\/imediata.org\/wp-content\/uploads\/2012\/08\/120816-gordillo-130a-2.photoblog600-300x200.jpg 300w\" sizes=\"auto, (max-width: 540px) 100vw, 540px\" \/><\/a><br \/>\n<\/br><\/p>\n<p>Recomendamos tamb\u00e9m o artigo em ingl\u00eas:<br \/>\n<strong>Spanish &#8216;Robin Hood&#8217; Mayor Sets Off on Three-Week March to Fight Austerity (Prefeito \u2018Robin Hood\u2019 espanhol come\u00e7a marcha de tr\u00eas semanas para combater a austeridade)<\/strong><br \/>\n<strong>Aqui:<\/strong> <a href=\"http:\/\/www.commondreams.org\/headline\/2012\/08\/16-4\">http:\/\/www.commondreams.org\/headline\/2012\/08\/16-4<\/a><\/p>\n","protected":false},"excerpt":{"rendered":"<p>O prefeito \u201cvermelho\u201d guia expropria\u00e7\u00f5es em supermercados &#8211; Carrinhos de alimentos para 36 fam\u00edlias pobres de Sevilha Por: Isolon Fonte: csaarcadia.org Tradu\u00e7\u00e3o: Mario S. Mieli O \u00faltimo clamoroso protesto foi uma \u201cExpropria\u00e7\u00e3o alimentar\u201d em um supermercado; ter\u00e7a-feira passada, Juan Manuel Sanch\u00e9z Gordillo, 60 anos, desde 1979 prefeito eleito por maioria absoluta da comunist\u00edssima Marinaleda, dirigiu [&hellip;]<\/p>\n","protected":false},"author":1,"featured_media":0,"comment_status":"open","ping_status":"open","sticky":false,"template":"","format":"standard","meta":{"footnotes":""},"categories":[8,68,81,9],"tags":[1394,1395,1392,1391,1393],"class_list":["post-2390","post","type-post","status-publish","format-standard","hentry","category-anarcom","category-dossie-queda-da-rua-do-muro","category-imediartivismo","category-lance-de-dados","tag-andaluzia","tag-expropriacao-alimentar","tag-marinaleda","tag-sanchez-gordillo","tag-sevilha"],"_links":{"self":[{"href":"https:\/\/imediata.org\/index.php?rest_route=\/wp\/v2\/posts\/2390","targetHints":{"allow":["GET"]}}],"collection":[{"href":"https:\/\/imediata.org\/index.php?rest_route=\/wp\/v2\/posts"}],"about":[{"href":"https:\/\/imediata.org\/index.php?rest_route=\/wp\/v2\/types\/post"}],"author":[{"embeddable":true,"href":"https:\/\/imediata.org\/index.php?rest_route=\/wp\/v2\/users\/1"}],"replies":[{"embeddable":true,"href":"https:\/\/imediata.org\/index.php?rest_route=%2Fwp%2Fv2%2Fcomments&post=2390"}],"version-history":[{"count":2,"href":"https:\/\/imediata.org\/index.php?rest_route=\/wp\/v2\/posts\/2390\/revisions"}],"predecessor-version":[{"id":2395,"href":"https:\/\/imediata.org\/index.php?rest_route=\/wp\/v2\/posts\/2390\/revisions\/2395"}],"wp:attachment":[{"href":"https:\/\/imediata.org\/index.php?rest_route=%2Fwp%2Fv2%2Fmedia&parent=2390"}],"wp:term":[{"taxonomy":"category","embeddable":true,"href":"https:\/\/imediata.org\/index.php?rest_route=%2Fwp%2Fv2%2Fcategories&post=2390"},{"taxonomy":"post_tag","embeddable":true,"href":"https:\/\/imediata.org\/index.php?rest_route=%2Fwp%2Fv2%2Ftags&post=2390"}],"curies":[{"name":"wp","href":"https:\/\/api.w.org\/{rel}","templated":true}]}}