{"id":2316,"date":"2012-08-02T21:31:31","date_gmt":"2012-08-02T21:31:31","guid":{"rendered":"http:\/\/imediata.org\/?p=2316"},"modified":"2012-08-05T16:20:06","modified_gmt":"2012-08-05T16:20:06","slug":"trecho-de-%e2%80%9cfilhos-da-matriz%e2%80%9d-de-david-icke-com-citacoes-da-fisica-giuliana-conforto-selecionados-por-laura-callegaro","status":"publish","type":"post","link":"https:\/\/imediata.org\/?p=2316","title":{"rendered":">> Trecho de \u201cFilhos da Matriz\u201d de David Icke com cita\u00e7\u00f5es da f\u00edsica Giuliana Conforto, selecionados por Laura Callegaro e &#8220;Desprograma\u00e7\u00e3o de hipnose social&#8221;, por David Icke"},"content":{"rendered":"<p><\/br><br \/>\n<strong>Trecho de \u201cFilhos da Matriz\u201d de David Icke com cita\u00e7\u00f5es da f\u00edsica Giuliana Conforto, selecionados por Laura Callegaro e &#8220;Desprograma\u00e7\u00e3o de hipnose social&#8221;, por David Icke<br \/>\nFonte: <a href=\"http:\/\/www.stampalibera.com\/?p=49726\">stampalibera<\/a> de 26 de julho de 2012<br \/>\nTradu\u00e7\u00e3o: Mario S. Mieli<\/strong><\/p>\n<p><\/br><br \/>\n<a href=\"http:\/\/imediata.org\/wp-content\/uploads\/2012\/08\/279.jpg\"><img loading=\"lazy\" decoding=\"async\" src=\"http:\/\/imediata.org\/wp-content\/uploads\/2012\/08\/279-300x225.jpg\" alt=\"\" title=\"279\" width=\"300\" height=\"225\" class=\"alignright size-medium wp-image-2317\" srcset=\"https:\/\/imediata.org\/wp-content\/uploads\/2012\/08\/279-300x225.jpg 300w, https:\/\/imediata.org\/wp-content\/uploads\/2012\/08\/279-1024x768.jpg 1024w, https:\/\/imediata.org\/wp-content\/uploads\/2012\/08\/279.jpg 1600w\" sizes=\"auto, (max-width: 300px) 100vw, 300px\" \/><\/a><br \/>\n<\/br><br \/>\n<strong>A Matriz: n\u00e3o h\u00e1 nenhuma \u201ccolher\u201d<\/strong><br \/>\n<\/br><br \/>\n\u201cA Matriz est\u00e1 em toda parte. Est\u00e1 em tudo ao nosso redor. At\u00e9 agora mesmo, neste quarto. Voc\u00eas podem v\u00ea-la quando olham para fora da janela ou quando ligam a televis\u00e3o. Podem ouvi-la quando v\u00e3o para o trabalho, quando v\u00e3o para a igreja, quando pagam seus impostos. \u00c9 o mundo que lhes foi jogado nos olhos para impedir-lhes de ver a verdade.\u201d<br \/>\nMorpheus, no filme Matrix<br \/>\n<\/br><br \/>\nPensamos que estamos vivendo num \u201cmundo\u201d.<br \/>\n<strong>Na realidade, vivemos em uma gama de frequ\u00eancias.<\/strong> Isso \u00e9 tudo. Estamos presos em uma gama de frequ\u00eancias e, portanto, presos a uma ilus\u00e3o. Trata-se daquilo que o famoso filme chama de \u201cMatrix\u201d.  O \u201cmundo\u201d que vemos em nossa volta \u00e9 somente uma min\u00fascula fra\u00e7\u00e3o de uma infinidade multidimensional de que temos acesso atrav\u00e9s dos nossos sentidos f\u00edsicos como a vis\u00e3o, a audi\u00e7\u00e3o, o tato, o olfato e o paladar. <strong>O mundo material que percebemos \u00e9 como uma esta\u00e7\u00e3o radiof\u00f4nica e os nossos sentidos f\u00edsicos est\u00e3o sintonizados naquela frequ\u00eancia.<\/strong> Isso \u00e9 tudo aquilo que vemos.<br \/>\n<\/br><br \/>\nMas em volta de n\u00f3s h\u00e1 outras frequ\u00eancias ou densidades da cria\u00e7\u00e3o infinita \u2013 aquelas cuja exist\u00eancia foi negada pela \u201cci\u00eancia\u201d. Encontram-se em toda parte, ao redor de n\u00f3s, frequ\u00eancias <strong>que superam a gama dos nossos sentidos f\u00edsicos<\/strong>. Essas s\u00e3o as frequ\u00eancias que podem ser vistas e ouvidas pelos animais, como os gatos, quando reagem no interior de espa\u00e7os aparentemente \u201cvazios\u201d, at\u00e9 que seus sentidos sejam novamente aprisionados pelo condicionamento.<br \/>\n<\/br><br \/>\nTrata-se das frequ\u00eancias a que t\u00eam acesso os verdadeiros sensitivos \u2013 os or\u00e1culos do mundo antigo \u2013 que podem aumentar a pr\u00f3pria vibra\u00e7\u00e3o at\u00e9 sintoniz\u00e1-la com esses reinos invis\u00edveis. A f\u00edsica italiana <strong>Giuliana Conforto<\/strong> se expressa assim, em seu excelente livro \u201cLUH, Il gioco cosmico dell\u2019uomo\u201d (LUH, O jogo c\u00f3smico do ser humano):<br \/>\n<\/br><br \/>\n<strong>\u201c&#8230;uns bons 90% da massa total calculada \u00e9, na realidade, obscura e invis\u00edvel, enquanto somente uns 10% podem ser vistos, gra\u00e7as ao infinito arco-\u00edris que \u00e9 a luz. O universo vis\u00edvel que observamos, com seus bilh\u00f5es de estrelas e gal\u00e1xias, \u00e9, por sua vez, uma parte limitada destes j\u00e1 escassos 10%. Ao interior de cada corpo existe uma realidade invis\u00edvel, mas bem mais imponente (90%), uma subst\u00e2ncia n\u00e3o vis\u00edvel, que se pode sentir e experimentar sob a forma de emo\u00e7\u00f5es, intui\u00e7\u00f5es e sensa\u00e7\u00f5es\u201d.<\/strong><br \/>\n<\/br><br \/>\n\u00c9 ao interior dos reinos dessa \u201cmat\u00e9ria escura\u201d invis\u00edvel que operam entidades ultra-dimensionais. Giuliana Conforto elucida tamb\u00e9m como, em algumas gal\u00e1xias, essa mat\u00e9ria escura, n\u00e3o vis\u00edvel ao olho humano, seja equivalente a 100 vezes a massa que n\u00f3s conseguimos ver. Pela nossa gama de frequ\u00eancia, conseguimos ver somente 1% daquilo que existe nessas gal\u00e1xias!<br \/>\n<\/br><br \/>\nQuando abriremos nossas mentes e ampliaremos a nossa gama de frequ\u00eancias de percep\u00e7\u00e3o, \u201cdescobriremos\u201d outros planetas e outras estrelas. Normalmente, dizemos que o \u00e1tomo \u00e9 o fundamento da mat\u00e9ria f\u00edsica, embora todo o espa\u00e7o dentro do \u00e1tomo, com exce\u00e7\u00e3o de uma pequena fra\u00e7\u00e3o, seja \u201cvazio\u201d para o olho humano.  Um \u201d\u00e1tomo material\u201d, componente-base de toda forma f\u00edsica, consiste em um n\u00facleo com el\u00e9trons que  orbitam em sua volta, como um minissistema solar. O doutor Douglas Baker, em seu livro The Opening Of The Third Eye (Abrindo o terceiro olho) escreve: \u201cSe expand\u00edssemos o \u00e1tomo de hidrog\u00eanio at\u00e9 que ele assumisse as dimens\u00f5es de uma catedral, provavelmente o seu n\u00facleo alcan\u00e7aria as dimens\u00f5es de uma moeda de cinco centavos\u201d!<br \/>\n<\/br><br \/>\nA maior parte do \u201cespa\u00e7o\u201d ao interior de um \u00e1tomo \u00e9 a \u201c<strong>mat\u00e9ria escura<\/strong>\u201d que opera por frequ\u00eancias que n\u00e3o conseguimos ver e a mesma coisa acontece com o nosso sistema solar e com o inteiro, denso universo f\u00edsico. Se a \u201cci\u00eancia\u201d fosse guiada pelo modo de pensar de Giuliana Conforto, em vez das mentes limitadas dos acad\u00eamicos, j\u00e1 estar\u00edamos vivendo num mundo com uma consci\u00eancia infinitamente maior a respeito da nossa identidade e da natureza da vida.   Mas observem as cifras expostas por ela e apliquem-nas \u00e0s posi\u00e7\u00f5es da \u201cci\u00eancia\u201d que nega a exist\u00eancia de formas de vida inteligentes fora de nosso planeta. Pedem-nos para acreditar que a vida, assim como n\u00f3s a conhecemos, evoluiu neste planeta, um entre bilh\u00f5es de planetas e de estrelas do universo vis\u00edvel, que representa apenas uma fra\u00e7\u00e3o de \u201cluz\u201d vis\u00edvel que, por sua vez, \u00e9 somente uns 10% da massa total. Que piada! Deus nos livre da \u201cci\u00eancia\u201d oficial. E, naturalmente, tudo isso est\u00e1 baseado somente em c\u00e1lculos atuais. Aquela fra\u00e7\u00e3o de 10% da massa total que conseguimos ver poderia revelar-se uma hip\u00f3tese extremamente otimista.<br \/>\n<\/br><br \/>\n<strong>O reino do para\u00edso est\u00e1 dentro de voc\u00eas<\/strong><br \/>\n<\/br><br \/>\n<a href=\"http:\/\/imediata.org\/wp-content\/uploads\/2012\/08\/3.jpg\"><img loading=\"lazy\" decoding=\"async\" src=\"http:\/\/imediata.org\/wp-content\/uploads\/2012\/08\/3-300x205.jpg\" alt=\"\" title=\"3\" width=\"300\" height=\"205\" class=\"alignright size-medium wp-image-2324\" srcset=\"https:\/\/imediata.org\/wp-content\/uploads\/2012\/08\/3-300x205.jpg 300w, https:\/\/imediata.org\/wp-content\/uploads\/2012\/08\/3.jpg 500w\" sizes=\"auto, (max-width: 300px) 100vw, 300px\" \/><\/a><br \/>\n<\/br><br \/>\nAo redor de todos voc\u00eas, existem frequ\u00eancias radiof\u00f4nicas e televisivas que transmitem, onde quer que voc\u00eas se encontrem, compartilhando o mesmo espa\u00e7o ocupado por seus corpos. Voc\u00eas, por\u00e9m, n\u00e3o as veem e elas n\u00e3o s\u00e3o conscientes uma da outra, pois vibram em frequ\u00eancias t\u00e3o diferentes que passam uma atrav\u00e9s da outra e atrav\u00e9s dos corpos de voc\u00eas, sem que ningu\u00e9m perceba. A \u00fanica vez em que passam a \u201cinterferir\u201d entre elas \u00e9 quando est\u00e3o reaproximadas numa mesma banda de frequ\u00eancia. Quando voc\u00eas ligam o r\u00e1dio, a frequ\u00eancia com a qual voc\u00eas sintonizam passa pelas janelas e pelos muros de suas casas para alcan\u00e7ar o r\u00e1dio-receptor, j\u00e1 que os muros e as frequ\u00eancias de transmiss\u00e3o est\u00e3o muito distantes, na escala de densidade. Eis porque parece que os \u201c<strong>fantasmas<\/strong>\u201d e os \u201c<strong>extraterrestres<\/strong>\u201d <strong>podem atravessar os muros<\/strong> e algumas pessoas podem v\u00ea-los, enquanto outras n\u00e3o. <strong>Depende de se a mente da pessoa esteja sintonizada ou n\u00e3o com a frequ\u00eancia deles.<\/strong> Essas entidades ultra dimensionais, incluindo os reptilianos, est\u00e3o em volta de n\u00f3s e <strong>compartilham o espa\u00e7o conosco<\/strong>. \u00c0s vezes, \u00e9 poss\u00edvel senti-los, quando as vibra\u00e7\u00f5es de um quarto mudam e se percebe um frio polar ou, no caso de entidades positivas, uma sensa\u00e7\u00e3o difusa de amor. Est\u00e3o muito pr\u00f3ximas \u00e0 nossa gama de frequ\u00eancia, mas s\u00f3 um pouco fora dela.<br \/>\n<\/br><br \/>\n<strong>Mutwa<\/strong> fala da \u201c<strong>zona escura<\/strong>\u201d da mente das pessoas, que lhes impede de ver tais entidades, e eu acredito que isso seja de alguma forma imposto do externo, provavelmente atrav\u00e9s da transmiss\u00e3o de uma frequ\u00eancia do subsolo que suprime parte do nosso potencial gen\u00e9tico multidimensional. <strong>O DNA \u00e9 um transmissor e receptor de informa\u00e7\u00f5es vibracionais e eletromagn\u00e9ticas. Nikola Tesla<\/strong>, a cujo g\u00eanio se deve grande parte do sistema el\u00e9trico atual, intuiu a exist\u00eancia de outras frequ\u00eancias, mas as partes mais significativas de sua obra foram ocultadas. Ele disse, certa vez: \u201cN\u00e3o podemos nem afirmar com seguran\u00e7a que algumas delas [entidades ultra dimensionais] n\u00e3o possam estar presentes no nosso mundo, bem no nosso meio, visto que sua constitui\u00e7\u00e3o e suas manifesta\u00e7\u00f5es vitais podem ser tais que seja imposs\u00edvel, para n\u00f3s, perceb\u00ea-las\u201d.<br \/>\nComo eu disse anteriormente, quando giramos o bot\u00e3o do r\u00e1dio e sintonizamos um outro canal, n\u00e3o conseguimos mais ouvir o canal precedente, <strong>pois n\u00e3o se est\u00e1 mais sintonizado nele<\/strong> e estamos ouvindo outra esta\u00e7\u00e3o. Se decidirem sintonizar novamente aquele canal, voltar\u00e3o a ouvi-lo.<br \/>\n<\/br><br \/>\nA mesma coisa acontece com a <strong>Cria\u00e7\u00e3o<\/strong>. <strong>Somos como gotinhas d\u2019\u00e1gua num oceano de infinita energia que assume infinitas formas.<\/strong> Esse oceano de energia se manifesta sob a forma de diversas densidades ou frequ\u00eancias e, neste momento, estamos sintonizados nesta, ou seja, no \u201c<strong>mundo material<\/strong>\u201d. Mas todas as outras frequ\u00eancias est\u00e3o ao redor de n\u00f3s e nos interpenetram, enquanto n\u00f3s percebemos s\u00f3 a densidade que os nossos sentidos podem ver, tocar, sentir, cheirar e saborear \u2013 a Matriz. Quanto a isso, <strong>Giuliana Conforto<\/strong> deu o seu parecer de f\u00edsica: <strong>\u201cO fato de que n\u00e3o temos a capacidade de v\u00ea-las n\u00e3o significa que outras dimens\u00f5es n\u00e3o existam, mas que a percep\u00e7\u00e3o humana \u00e9 seriamente limitada\u201d.<\/strong><br \/>\n<\/br><br \/>\nO grande Bill Hicks, inteligente e brilhante c\u00f4mico americano, sintetizou magnificamente essas verdades:<br \/>\n<\/br><br \/>\n\u201c<strong>A mat\u00e9ria \u00e9 simplesmente energia que se condensa numa baixa vibra\u00e7\u00e3o.<\/strong> N\u00f3s todos somos <strong>uma \u00fanica consci\u00eancia<\/strong> que experimenta de modo subjetivo aquela energia. N\u00e3o existe algo como a morte, a vida \u00e9 s\u00f3 um sonho, e n\u00f3s somos a imagina\u00e7\u00e3o de n\u00f3s mesmos\u201d.<br \/>\n<\/br><br \/>\nConsiderem as descobertas de Albert Einstein, o cientista mais famoso do s\u00e9culo XX. Sua f\u00f3rmula E=MC2 mostra que <strong>a mat\u00e9ria \u00e9 s\u00f3 uma forma de energia e que a energia n\u00e3o pode ser destru\u00edda, mas s\u00f3 transformada em um outro estado<\/strong>. \u00c9 oficial: a nossa consci\u00eancia, que \u00e9 energia, \u00e9 indestrut\u00edvel. N\u00f3s vivemos para sempre. A verdade est\u00e1 na nossa frente.<br \/>\n<\/br><br \/>\nSimplesmente mudando-se a temperatura (frequ\u00eancia), o gelo se torna \u00e1gua, a \u00e1gua se torna vapor e o vapor \u201cdesaparece\u201d. Uma simples mudan\u00e7a de temperatura transforma o gelo \u201cs\u00f3lido\u201d em vapor invis\u00edvel, pois temperaturas diferentes representam diferentes frequ\u00eancias. <strong>Trata-se sempre da mesma energia, mas em estados muito diferentes.<\/strong> Os nossos corpos s\u00e3o constitu\u00eddos de muitas diferentes sub-frequ\u00eancias ao interior da densa gama material. <strong>Basta pensar nos raios X.<\/strong> Eles est\u00e3o <strong>sintonizados em frequ\u00eancias que correspondem \u00e0quelas da nossa estrutura \u00f3ssea e por isso n\u00e3o fotografam a carne, que vibra em uma frequ\u00eancia diferente<\/strong>. Pela mesma raz\u00e3o, os raios X n\u00e3o mostram os muros de um edif\u00edcio, mas s\u00f3 a estrutura de ferro do seu interior.<br \/>\n<\/br><br \/>\nSe observarmos o mundo com base na frequ\u00eancia dos raios X, veremos que \u00e9 muito diferente de como parece pela nossa. <strong>O aspecto de um objeto ou de uma pessoa depende simplesmente da frequ\u00eancia a partir da qual os observamos.<\/strong> A aura humana, como a tecnologia demonstrou, \u00e9 uma massa de cores diferentes (frequ\u00eancias) que mudam ao mudarem nossos pensamentos e nossas emo\u00e7\u00f5es (frequ\u00eancias). Os raios X s\u00e3o s\u00f3 um exemplo das frequ\u00eancias cuja exist\u00eancia foi confirmada pela ci\u00eancia, mas que n\u00f3s n\u00e3o conseguimos ver. Os raios ultravioletas, os raios gama, os raios infravermelhos e as ondas de r\u00e1dio, etc., s\u00e3o algumas das outras. Mas falando-se a um cientista tradicional da exist\u00eancia daquelas frequ\u00eancias antes de sua descoberta oficial, ele certamente teria definido a ideia rid\u00edcula e perigosa. Cada \u201cnorma\u201d cient\u00edfica, desde o in\u00edcio da \u201cera da ci\u00eancia\u201d revelou-se depois errada ou incompleta, e com frequ\u00eancia incrivelmente imprecisa e claramente absurda. Apesar disso, gera\u00e7\u00e3o ap\u00f3s gera\u00e7\u00e3o, a sociedade adere completamente aos \u201cdogmas\u201d cient\u00edficos do tempo. <strong>A \u201cci\u00eancia\u201d continua a julgar aquilo que \u00e9 poss\u00edvel com base nas aparentes \u201cleis\u201d dessa gama de  frequ\u00eancia, apesar de que os cientistas sabem que 90% da massa da exist\u00eancia, ou seja, aquilo que eles chamam de \u201cmat\u00e9ria escura\u201d, n\u00e3o est\u00e1 sujeita a leis como a gravidade, nem \u00e0quelas do campo eletromagn\u00e9tico.<\/strong> Se tomarmos as leis da f\u00edsica que podem ser aplicadas a uma frequ\u00eancia e baseados nelas julgarmos o que \u00e9 poss\u00edvel em outras frequ\u00eancias, manteremos o nosso estado de ignor\u00e2ncia. Aquilo que pode ser aplicado a uma dimens\u00e3o n\u00e3o pode ser aplicado a outra.<br \/>\n<\/br><br \/>\n<a href=\"http:\/\/imediata.org\/wp-content\/uploads\/2012\/08\/ovelha.jpg\"><img loading=\"lazy\" decoding=\"async\" src=\"http:\/\/imediata.org\/wp-content\/uploads\/2012\/08\/ovelha-300x278.jpg\" alt=\"\" title=\"ovelha\" width=\"300\" height=\"278\" class=\"alignright size-medium wp-image-2325\" srcset=\"https:\/\/imediata.org\/wp-content\/uploads\/2012\/08\/ovelha-300x278.jpg 300w, https:\/\/imediata.org\/wp-content\/uploads\/2012\/08\/ovelha.jpg 400w\" sizes=\"auto, (max-width: 300px) 100vw, 300px\" \/><\/a><br \/>\n<\/br><\/p>\n<p><strong>N\u00e3o h\u00e1 nenhuma colher<\/strong><br \/>\n<\/br><br \/>\nO ponto central da incr\u00edvel transfigura\u00e7\u00e3o da verdade feita por Bill Hick \u00e9: <strong>n\u00f3s somos a imagina\u00e7\u00e3o de n\u00f3s mesmos.<\/strong> A nossa vida, a nossa experi\u00eancia f\u00edsica n\u00e3o \u00e9 mais que <strong>uma manifesta\u00e7\u00e3o dos nossos pensamentos<\/strong>. N\u00f3s somos aquilo que pensamos ser. A nossa imagina\u00e7\u00e3o de n\u00f3s mesmos e do mundo que nos cerca se torna a nossa experi\u00eancia material. Voc\u00ea acha que \u00e9 um homem comum? Ent\u00e3o voc\u00ea ser\u00e1 \u201ccomum\u201d. Pensa que \u00e9 impotente? Ent\u00e3o ser\u00e1 impotente. Pensa que as coisas mais bonitas do mundo s\u00f3 acontecem com os outros? Ent\u00e3o assim ser\u00e1.<br \/>\n<\/br><br \/>\n<strong>Tudo \u00e9 criado pelo pensamento <\/strong>\u2013 pelos nossos pensamentos. Nessa densa gama de frequ\u00eancia em que vivemos, parecida com um mela\u00e7o, o tempo que transcorre entre um pensamento e a sua manifesta\u00e7\u00e3o f\u00edsica pode parecer longu\u00edssimo, todavia <strong>o pensamento est\u00e1 sempre na origem de tudo<\/strong>. Por exemplo, olhem ao seu redor, onde quer que estejam. Os edif\u00edcios, os m\u00f3veis e todos os acess\u00f3rios e utens\u00edlios, todos foram provavelmente criados pelo pensamento. Se algu\u00e9m n\u00e3o tivesse pensado em proget\u00e1-los e pensado em fabric\u00e1-los, n\u00e3o teriam podido existir. <strong>Sem o pensamento n\u00e3o pode existir qualquer cria\u00e7\u00e3o material.<br \/>\n<\/br><br \/>\n<\/strong> Em outros reinos, onde a energia \u00e9 muito menos densa, o pensamento e a sua manifesta\u00e7\u00e3o resultam simult\u00e2neos. <strong>O pensamento se manifesta  instantaneamente.<\/strong> Tudo isso significa que vivemos em um mundo de ilus\u00f5es, pois o mundo \u00e9 um reflexo, um espelho do pensamento humano. Aquilo que pensamos que o mundo seja, ele ser\u00e1.  OU pelo menos aquela ser\u00e1 a nossa percep\u00e7\u00e3o do mundo. No filme Matrix, um rapazinho dobra as colheres com a for\u00e7a da vontade. Mas diz que a verdade \u00e9 a seguinte: <strong>\u201cN\u00e3o h\u00e1 nenhuma colher&#8230; n\u00e3o \u00e9 a colher que se dobra, s\u00e3o s\u00f3 voc\u00eas\u201d.<\/strong><br \/>\n<\/br><br \/>\n<strong>O que \u00e9 verdadeiro? Verdadeiro \u00e9 s\u00f3 aquilo que voc\u00eas acreditarem que seja verdadeiro.<\/strong> Como diz o personagem Morpheus em Matrix: <strong>\u201cVerdadeiros s\u00e3o s\u00f3 os sinais el\u00e9tricos interpretados pelos seus c\u00e9rebros\u201d.<\/strong> Santo c\u00e9u, n\u00e3o vemos nem os objetos, mas s\u00f3 a luz que refletem! Fechem as cortinas e apaguem a luz. O que ver\u00e3o? Nada. E se conseguirem ver alguma coisa \u00e9 s\u00f3 porque alguma fonte de luz foi refletida por aquilo que voc\u00eas estiverem vendo. A express\u00e3o \u201c<strong>mat\u00e9ria escura<\/strong>\u201d <strong>se refere \u00e0quilo que n\u00e3o reflete a luz na nossa gama de frequ\u00eancias e que, portanto, n\u00e3o conseguimos ver<\/strong>. N\u00e3o vemos nada, exceto a luz refletida.<br \/>\n<\/br><br \/>\nNesse caso, tamb\u00e9m, o objeto entra nos nossos olhos ao contr\u00e1rio, e dever\u00e1 ser virado de ponta-cabe\u00e7a pelo c\u00e9rebro de forma que possamos perceb\u00ea-lo do modo correto! E nem ouvimos o \u201csom\u201d como tal. Nossas orelhas convertem a press\u00e3o que atravessa a atmosfera em uma s\u00e9rie de ondas e o nosso c\u00e9rebro transforma essas ondas naquilo que percebemos sob a forma de \u201csom\u201d. Isso \u00e9 o que fazem o r\u00e1dio e a televis\u00e3o. As transmiss\u00f5es viajam atrav\u00e9s do ar na forma de imagens e sons. Voc\u00eas imaginariam o epis\u00f3dio de Friends ou Frasier sobrevoando os tetos? Ou ouvir todos os programas radiof\u00f4nicos em cada canal, simultaneamente, onde quer que nos encontremos?  Claro que n\u00e3o \u00e9 assim. N\u00e3o funciona assim. Os programas s\u00e3o irradiados como ondas de transmiss\u00e3o, e a tecnologia da tev\u00ea e do r\u00e1dio as decodifica sob a forma de imagens e sons.<br \/>\n <\/br><br \/>\n<strong>Desprograma\u00e7\u00e3o de &#8220;hipnose-social&#8221; &#8211; David Icke<\/strong> (legendas em portugu\u00eas)<br \/>\nhttp:\/\/youtu.be\/ylS-UKLnqZ4<br \/>\n <\/br><br \/>\n<strong>RECOMENDAMOS TAMB\u00c9M:<br \/>\n <\/br><br \/>\n>> \u201cO tempo e a ma\u00e7\u00e3\u201d, v\u00eddeo-apresenta\u00e7\u00e3o por Giuliana Conforto<\/strong><br \/>\n<a href=\"http:\/\/imediata.org\/?p=2007\">http:\/\/imediata.org\/?p=2007<\/a><\/p>\n<p> <\/br><br \/>\n<strong>>> Cinco Minutos para um Tour da Realidade Vis\u00edvel<\/strong><br \/>\n<a href=\"http:\/\/imediata.org\/?p=1668\">http:\/\/imediata.org\/?p=1668<\/a><\/p>\n<p> <\/br><br \/>\n<strong>>> Sala de Espera 32 \u2013 Nikola Tesla \u2013 quem e quando vai liberar sua mem\u00f3ria e revelar seus segredos?<\/strong><br \/>\n<a href=\"http:\/\/imediata.org\/?p=2115\">http:\/\/imediata.org\/?p=2115<\/a><\/p>\n","protected":false},"excerpt":{"rendered":"<p>Trecho de \u201cFilhos da Matriz\u201d de David Icke com cita\u00e7\u00f5es da f\u00edsica Giuliana Conforto, selecionados por Laura Callegaro e &#8220;Desprograma\u00e7\u00e3o de hipnose social&#8221;, por David Icke Fonte: stampalibera de 26 de julho de 2012 Tradu\u00e7\u00e3o: Mario S. Mieli A Matriz: n\u00e3o h\u00e1 nenhuma \u201ccolher\u201d \u201cA Matriz est\u00e1 em toda parte. Est\u00e1 em tudo ao nosso [&hellip;]<\/p>\n","protected":false},"author":1,"featured_media":0,"comment_status":"open","ping_status":"open","sticky":false,"template":"","format":"standard","meta":{"footnotes":""},"categories":[4,9],"tags":[983,1318,978,1317,1101,95,1316,1314,1315],"class_list":["post-2316","post","type-post","status-publish","format-standard","hentry","category-al-manakh","category-lance-de-dados","tag-david-icke","tag-desprogramacao-de-hipnose-social","tag-fisica-quantica","tag-gama-de-frequencias","tag-giuliana-conforto","tag-mario-s-mieli","tag-materia-escura","tag-matrix","tag-matriz"],"_links":{"self":[{"href":"https:\/\/imediata.org\/index.php?rest_route=\/wp\/v2\/posts\/2316","targetHints":{"allow":["GET"]}}],"collection":[{"href":"https:\/\/imediata.org\/index.php?rest_route=\/wp\/v2\/posts"}],"about":[{"href":"https:\/\/imediata.org\/index.php?rest_route=\/wp\/v2\/types\/post"}],"author":[{"embeddable":true,"href":"https:\/\/imediata.org\/index.php?rest_route=\/wp\/v2\/users\/1"}],"replies":[{"embeddable":true,"href":"https:\/\/imediata.org\/index.php?rest_route=%2Fwp%2Fv2%2Fcomments&post=2316"}],"version-history":[{"count":12,"href":"https:\/\/imediata.org\/index.php?rest_route=\/wp\/v2\/posts\/2316\/revisions"}],"predecessor-version":[{"id":2331,"href":"https:\/\/imediata.org\/index.php?rest_route=\/wp\/v2\/posts\/2316\/revisions\/2331"}],"wp:attachment":[{"href":"https:\/\/imediata.org\/index.php?rest_route=%2Fwp%2Fv2%2Fmedia&parent=2316"}],"wp:term":[{"taxonomy":"category","embeddable":true,"href":"https:\/\/imediata.org\/index.php?rest_route=%2Fwp%2Fv2%2Fcategories&post=2316"},{"taxonomy":"post_tag","embeddable":true,"href":"https:\/\/imediata.org\/index.php?rest_route=%2Fwp%2Fv2%2Ftags&post=2316"}],"curies":[{"name":"wp","href":"https:\/\/api.w.org\/{rel}","templated":true}]}}