{"id":2299,"date":"2012-08-01T19:44:13","date_gmt":"2012-08-01T19:44:13","guid":{"rendered":"http:\/\/imediata.org\/?p=2299"},"modified":"2012-08-01T19:51:24","modified_gmt":"2012-08-01T19:51:24","slug":"cinco-minutos-para-um-adeus-e-brindar-ao-fim-do-mundo-com-gore-vidal-em-trastevere-no-roma-de-fellini","status":"publish","type":"post","link":"https:\/\/imediata.org\/?p=2299","title":{"rendered":">> Cinco minutos para um adeus e brindar ao fim do mundo com GORE VIDAL, em Trastevere, no ROMA de FELLINI"},"content":{"rendered":"<p><\/br><br \/>\n<strong>Cinco minutos para um adeus e brindar ao fim do mundo com GORE VIDAL, em Trastevere, no ROMA de FELLINI<br \/>\n<\/br><br \/>\nFEDERICO FELLINI &#8211; GORE VIDAL ALLA FESTA DE&#8217; NOANTRI (da ROMA &#8211; 1972)<br \/>\n<iframe loading=\"lazy\" title=\"FEDERICO FELLINI - GORE VIDAL ALLA FESTA DE&#039; NOANTRI (da ROMA - 1972)\" width=\"640\" height=\"480\" src=\"https:\/\/www.youtube.com\/embed\/7XEZnzBRqvI?feature=oembed\" frameborder=\"0\" allow=\"accelerometer; autoplay; clipboard-write; encrypted-media; gyroscope; picture-in-picture; web-share\" referrerpolicy=\"strict-origin-when-cross-origin\" allowfullscreen><\/iframe><br \/>\n<\/br><br \/>\nTranscri\u00e7\u00e3o traduzida: Mario S. Mieli<br \/>\n<\/br><br \/>\nOlha, aqui est\u00e1 o Senhor Vidal, o escritor americano. Vamos perguntar pra ele tamb\u00e9m.<\/p>\n<p>Boa noite, senhor Vidal. Podemos incomod\u00e1-lo dois minutos?<br \/>\n<\/br><br \/>\nVoc\u00eas me perguntam por qual motivo um escritor americano mora em Roma.<br \/>\nAntes de mais nada, porque gosto dos romanos, que n\u00e3o est\u00e3o nem a\u00ed se voc\u00ea est\u00e1 vivo ou morto.<br \/>\nS\u00e3o neutros. Como os gatos.<br \/>\nRoma \u00e9 a cidade das ilus\u00f5es.<br \/>\nN\u00e3o por acaso aqui est\u00e3o a Igreja, o governo e o cinema. Todas coisas que produzem ilus\u00e3o.<br \/>\n<\/br><br \/>\nComo faz voc\u00ea. Como fa\u00e7o eu. Cada vez mais o mundo se aproxima do fim, porque est\u00e1 muito povoado.<br \/>\n<\/br><br \/>\n[&#8230; de americanos&#8230;]<br \/>\n<\/br><br \/>\nmuitos carros, venenos. E qual lugar melhor que essa cidade, morta tantas vezes, e tantas vezes renascida.<br \/>\nQue lugar mais tranquilo para esperar o fim?<br \/>\nDa polui\u00e7\u00e3o, do excesso de popula\u00e7\u00e3o. \u00c9 o lugar ideal para ver se tudo vai acabar ou n\u00e3o&#8230;<br \/>\n<\/br><br \/>\n\u201cAo fim [do mundo]!!!\u201d <\/strong><\/p>\n","protected":false},"excerpt":{"rendered":"<p>Cinco minutos para um adeus e brindar ao fim do mundo com GORE VIDAL, em Trastevere, no ROMA de FELLINI FEDERICO FELLINI &#8211; GORE VIDAL ALLA FESTA DE&#8217; NOANTRI (da ROMA &#8211; 1972) Transcri\u00e7\u00e3o traduzida: Mario S. Mieli Olha, aqui est\u00e1 o Senhor Vidal, o escritor americano. Vamos perguntar pra ele tamb\u00e9m. Boa noite, senhor [&hellip;]<\/p>\n","protected":false},"author":1,"featured_media":0,"comment_status":"open","ping_status":"open","sticky":false,"template":"","format":"standard","meta":{"footnotes":""},"categories":[212,11],"tags":[1304,137,1301,1302,1303],"class_list":["post-2299","post","type-post","status-publish","format-standard","hentry","category-cinco-minutos","category-sambaqui","tag-brinde-ao-fim-do-mundo","tag-federico-fellini","tag-gore-vidal","tag-morte-de-gore-vidal-em-3172012","tag-roma-de-fellini"],"_links":{"self":[{"href":"https:\/\/imediata.org\/index.php?rest_route=\/wp\/v2\/posts\/2299","targetHints":{"allow":["GET"]}}],"collection":[{"href":"https:\/\/imediata.org\/index.php?rest_route=\/wp\/v2\/posts"}],"about":[{"href":"https:\/\/imediata.org\/index.php?rest_route=\/wp\/v2\/types\/post"}],"author":[{"embeddable":true,"href":"https:\/\/imediata.org\/index.php?rest_route=\/wp\/v2\/users\/1"}],"replies":[{"embeddable":true,"href":"https:\/\/imediata.org\/index.php?rest_route=%2Fwp%2Fv2%2Fcomments&post=2299"}],"version-history":[{"count":4,"href":"https:\/\/imediata.org\/index.php?rest_route=\/wp\/v2\/posts\/2299\/revisions"}],"predecessor-version":[{"id":2303,"href":"https:\/\/imediata.org\/index.php?rest_route=\/wp\/v2\/posts\/2299\/revisions\/2303"}],"wp:attachment":[{"href":"https:\/\/imediata.org\/index.php?rest_route=%2Fwp%2Fv2%2Fmedia&parent=2299"}],"wp:term":[{"taxonomy":"category","embeddable":true,"href":"https:\/\/imediata.org\/index.php?rest_route=%2Fwp%2Fv2%2Fcategories&post=2299"},{"taxonomy":"post_tag","embeddable":true,"href":"https:\/\/imediata.org\/index.php?rest_route=%2Fwp%2Fv2%2Ftags&post=2299"}],"curies":[{"name":"wp","href":"https:\/\/api.w.org\/{rel}","templated":true}]}}