{"id":2283,"date":"2012-07-31T21:23:00","date_gmt":"2012-07-31T21:23:00","guid":{"rendered":"http:\/\/imediata.org\/?p=2283"},"modified":"2012-07-31T22:14:17","modified_gmt":"2012-07-31T22:14:17","slug":"amores-insolitos-21-%e2%80%93-odeio-os-indiferentes-por-antonio-gramsci-com-leitura-de-fiorella-mannoia-e-de-paolo-e-luca-e-o-filme-%e2%80%9ca-forma-da-memoria%e2%80%9d","status":"publish","type":"post","link":"https:\/\/imediata.org\/?p=2283","title":{"rendered":">> Amores Ins\u00f3litos 21 \u2013 ODEIO OS INDIFERENTES, por Antonio Gramsci, com leitura de Fiorella Mannoia e de Paolo e Luca, seguidos do filme \u201cA forma da mem\u00f3ria\u201d"},"content":{"rendered":"<p>>> Amores Ins\u00f3litos 21 \u2013 ODEIO OS INDIFERENTES, por Antonio Gramsci, com leitura de Fiorella Mannoia e de Paolo e Luca, seguidos do filme \u201cA forma da mem\u00f3ria\u201d<br \/>\n<\/br><br \/>\n<a href=\"http:\/\/imediata.org\/wp-content\/uploads\/2012\/07\/Picture-2-18-22-121.png\"><img loading=\"lazy\" decoding=\"async\" src=\"http:\/\/imediata.org\/wp-content\/uploads\/2012\/07\/Picture-2-18-22-121.png\" alt=\"\" title=\"Picture-2-18-22-12\" width=\"393\" height=\"279\" class=\"alignright size-full wp-image-2285\" srcset=\"https:\/\/imediata.org\/wp-content\/uploads\/2012\/07\/Picture-2-18-22-121.png 393w, https:\/\/imediata.org\/wp-content\/uploads\/2012\/07\/Picture-2-18-22-121-300x212.png 300w\" sizes=\"auto, (max-width: 393px) 100vw, 393px\" \/><\/a><br \/>\n<\/br><br \/>\n<strong>Fiorella Mannoia legge Odio Gli Indifferenti di Antonio Gramsci<\/strong><br \/>\n<iframe loading=\"lazy\" title=\"Fiorella Mannoia legge Odio Gli Indifferenti di Antonio Gramsci [HD]\" width=\"640\" height=\"360\" src=\"https:\/\/www.youtube.com\/embed\/FmfTQTHCrrw?feature=oembed\" frameborder=\"0\" allow=\"accelerometer; autoplay; clipboard-write; encrypted-media; gyroscope; picture-in-picture; web-share\" referrerpolicy=\"strict-origin-when-cross-origin\" allowfullscreen><\/iframe><br \/>\n<\/br><br \/>\n<strong>Io odio gli indifferenti (Paolo e Luca)<\/strong><br \/>\n<iframe loading=\"lazy\" title=\"Io odio gli indifferenti\" width=\"640\" height=\"480\" src=\"https:\/\/www.youtube.com\/embed\/mP31bxDDg7g?feature=oembed\" frameborder=\"0\" allow=\"accelerometer; autoplay; clipboard-write; encrypted-media; gyroscope; picture-in-picture; web-share\" referrerpolicy=\"strict-origin-when-cross-origin\" allowfullscreen><\/iframe><br \/>\n<\/br><br \/>\n<strong>ODEIO OS INDIFERENTES<br \/>\nPor: Antonio Gramsci<br \/>\nFonte: A cidade futura, 11 de fevereiro de 1917<br \/>\nTradu\u00e7\u00e3o: Mario S. Mieli<br \/>\n<\/br><br \/>\n&#8220;Creio que viver queira dizer ser partid\u00e1rio.<br \/>\n<\/br><\/p>\n<p>Quem vive de verdade n\u00e3o pode n\u00e3o ser cidad\u00e3o e partid\u00e1rio.<br \/>\n<\/br><\/p>\n<p>A indiferen\u00e7a \u00e9 abulia, \u00e9 parasitismo, \u00e9 covardia, n\u00e3o \u00e9 vida. Por isso, odeio os indiferentes. A indiferen\u00e7a \u00e9 o peso morto da hist\u00f3ria. [\u00c9 a mat\u00e9ria inerte na qual afogam os entusiasmos mais brilhantes. \u00c9 o p\u00e2ntano que cerca a velha cidade. E a defende melhor dos muros mais s\u00f3lidos.] A indiferen\u00e7a opera poderosamente na hist\u00f3ria. Opera passivamente, mas opera.<br \/>\n<\/br><\/p>\n<p>\u00c9 a fatalidade; \u00e9 aquilo sobre o que n\u00e3o se pode contar; \u00e9 aquilo que atrapalha os programas, que derruba os planos melhor  constru\u00eddos; \u00e9  a mat\u00e9ria bruta que estrangula a intelig\u00eancia. Aquilo que acontece, o mal que se abate sobre todos, acontece porque a massa dos humanos abdica da sua vontade, deixa promulgar leis que s\u00f3 a revolta poder\u00e1 revogar, deixa subir ao poder homens que, depois, s\u00f3 uma revolta poder\u00e1 derrubar. Entre o absente\u00edsmo e a indiferen\u00e7a, poucas m\u00e3os, n\u00e3o vigiadas por nenhum controle, tecem a teia da vida coletiva, e a massa ignora, porque n\u00e3o se preocupa  com ela; e ent\u00e3o parece ter sido a fatalidade que investiu contra tudo e todos, parece que a hist\u00f3ria n\u00e3o seja nada al\u00e9m de um enorme fen\u00f4meno natural, uma erup\u00e7\u00e3o, um terremoto do qual todos se tornam v\u00edtimas, quem quis como quem n\u00e3o quis, quem sabia e quem n\u00e3o sabia, quem tinha sido ativo e quem indiferente. Alguns choramingam piedosamente, outros blasfemam obscenamente, mas ningu\u00e9m ou poucos se perguntam: seu eu tamb\u00e9m tivesse feito o meu dever, se eu tivesse procurado fazer valer minha vontade, teria acontecido o que aconteceu? Odeio os indiferentes tamb\u00e9m por isso: porque me incomoda o seu choramingo de eternos inocentes. Quero saber de cada um deles como desenvolveram a tarefa que a vida lhes colocou e lhes coloca quotidianamente, daquilo que fez e, especialmente, daquilo que n\u00e3o fez. E sinto poder ser inexor\u00e1vel, de n\u00e3o ter que desperdi\u00e7ar minha piedade, de n\u00e3o ter que compartilhar com eles as minhas l\u00e1grimas.<br \/>\n<\/br><\/p>\n<p>[Sou partid\u00e1rio, vivo, j\u00e1 sinto nas consci\u00eancias de minhas partes pulsar a atividade da cidade futura que a minha parte est\u00e1 construindo. E nela, a cadeia social n\u00e3o pesa sobre poucos, nela cada coisa que acontece n\u00e3o \u00e9 devida ao acaso,  \u00e0 fatalidade, mas \u00e9 obra inteligente dos cidad\u00e3os. N\u00e3o existe nela ningu\u00e9m que fique na janela olhando, enquanto os poucos se sacrificam e d\u00e3o seu sangue.]<br \/>\n<\/br><br \/>\nVivo, sou partid\u00e1rio. Por isso odeio quem n\u00e3o participa, odeio os indiferentes.\u201d<br \/>\n<\/br><br \/>\nAntonio Gramsci, 11 de fevereiro de 1917 <\/strong><br \/>\n<\/br><br \/>\n<a href=\"http:\/\/imediata.org\/wp-content\/uploads\/2012\/07\/Antonio-Gramsci-pic.jpg\"><img loading=\"lazy\" decoding=\"async\" src=\"http:\/\/imediata.org\/wp-content\/uploads\/2012\/07\/Antonio-Gramsci-pic.jpg\" alt=\"\" title=\"Antonio-Gramsci-pic\" width=\"600\" height=\"400\" class=\"alignright size-full wp-image-2288\" srcset=\"https:\/\/imediata.org\/wp-content\/uploads\/2012\/07\/Antonio-Gramsci-pic.jpg 600w, https:\/\/imediata.org\/wp-content\/uploads\/2012\/07\/Antonio-Gramsci-pic-300x200.jpg 300w\" sizes=\"auto, (max-width: 600px) 100vw, 600px\" \/><\/a><br \/>\n<\/br><br \/>\n<strong>Odio gli indifferenti \u2013 original italiano<\/strong><br \/>\n<\/br><br \/>\n<strong>&#8220;Odio gli indifferenti. Credo che vivere voglia dire essere partigiani. Chi vive veramente non pu\u00f2 non essere cittadino e partigiano. L&#8217;indifferenza \u00e8 abulia, \u00e8 parassitismo, \u00e8 vigliaccheria, non \u00e8 vita. Perci\u00f2 odio gli indifferenti.??L&#8217;indifferenza \u00e8 il peso morto della storia. L&#8217;indifferenza opera potentemente nella storia. Opera passivamente, ma opera. \u00c8 la fatalit\u00e0; \u00e8 ci\u00f2 su cui non si pu\u00f2 contare; \u00e8 ci\u00f2 che sconvolge i programmi, che rovescia i piani meglio costruiti; \u00e8 la materia bruta che strozza l&#8217;intelligenza. Ci\u00f2 che succede, il male che si abbatte su tutti, avviene perch\u00e9 la massa degli uomini abdica alla sua volont\u00e0, lascia promulgare le leggi che solo la rivolta potr\u00e0 abrogare, lascia salire al potere uomini che poi solo un ammutinamento potr\u00e0 rovesciare. Tra l&#8217;assenteismo e l&#8217;indifferenza poche mani, non sorvegliate da alcun controllo, tessono la tela della vita collettiva, e la massa ignora, perch\u00e9 non se ne preoccupa; e allora sembra sia la fatalit\u00e0 a travolgere tutto e tutti, sembra che la storia non sia altro che un enorme fenomeno naturale, un&#8217;eruzione, un terremoto del quale rimangono vittime tutti, chi ha voluto e chi non ha voluto, chi sapeva e chi non sapeva, chi era stato attivo e chi indifferente. Alcuni piagnucolano pietosamente, altri bestemmiano oscenamente, ma nessuno o pochi si domandano: se avessi fatto anch&#8217;io il mio dovere, se avessi cercato di far valere la mia volont\u00e0, sarebbe successo ci\u00f2 che \u00e8 successo???Odio gli indifferenti anche per questo: perch\u00e9 mi d\u00e0 fastidio il loro piagnisteo da eterni innocenti. Chiedo conto a ognuno di loro del come ha svolto il compito che la vita gli ha posto e gli pone quotidianamente, di ci\u00f2 che ha fatto e specialmente di ci\u00f2 che non ha fatto. E sento di poter essere inesorabile, di non dover sprecare la mia piet\u00e0, di non dover spartire con loro le mie lacrime.??Sono partigiano, vivo, sento nelle coscienze della mia parte gi\u00e0 pulsare l&#8217;attivit\u00e0 della citt\u00e0 futura che la mia parte sta costruendo. E in essa la catena sociale non pesa su pochi, in essa ogni cosa che succede non \u00e8 dovuta al caso, alla fatalit\u00e0, ma \u00e8 intelligente opera dei cittadini. Non c&#8217;\u00e8 in essa nessuno che stia alla finestra a guardare mentre i pochi si sacrificano, si svenano. Vivo, sono partigiano. Perci\u00f2 odio chi non parteggia, odio gli indifferenti&#8221;.??Antonio Gramsci, 11 febbraio 1917<\/strong><br \/>\n<\/br><br \/>\n<strong>Antonio Gramsci, la forma della memoria (A forma da memoria \u2013 filme em italiano, 55 minutos)<\/strong><br \/>\n<\/br><br \/>\n<iframe loading=\"lazy\" src=\"http:\/\/player.vimeo.com\/video\/2380906?title=0&amp;byline=0&amp;portrait=0&amp;color=f20511\" width=\"500\" height=\"409\" frameborder=\"0\" webkitAllowFullScreen mozallowfullscreen allowFullScreen><\/iframe> <\/p>\n<p><a href=\"http:\/\/vimeo.com\/2380906\">Antonio Gramsci, la forma della memoria<\/a> from <a href=\"http:\/\/vimeo.com\/agitazioni\">agitazioni<\/a> on <a href=\"http:\/\/vimeo.com\">Vimeo<\/a>.<\/p>\n","protected":false},"excerpt":{"rendered":"<p>>> Amores Ins\u00f3litos 21 \u2013 ODEIO OS INDIFERENTES, por Antonio Gramsci, com leitura de Fiorella Mannoia e de Paolo e Luca, seguidos do filme \u201cA forma da mem\u00f3ria\u201d Fiorella Mannoia legge Odio Gli Indifferenti di Antonio Gramsci Io odio gli indifferenti (Paolo e Luca) ODEIO OS INDIFERENTES Por: Antonio Gramsci Fonte: A cidade futura, 11 [&hellip;]<\/p>\n","protected":false},"author":1,"featured_media":0,"comment_status":"open","ping_status":"open","sticky":false,"template":"","format":"standard","meta":{"footnotes":""},"categories":[98,8,81,9],"tags":[1296,1290,1293,1295,95,1292,1291,1294],"class_list":["post-2283","post","type-post","status-publish","format-standard","hentry","category-amores-insolitos-6","category-anarcom","category-imediartivismo","category-lance-de-dados","tag-a-forma-da-memoria","tag-antonio-gramsci","tag-fiorella-mannoia","tag-la-forma-della-memoria","tag-mario-s-mieli","tag-odeio-os-indiferentes","tag-odio-gli-indifferenti","tag-paolo-e-luca"],"_links":{"self":[{"href":"https:\/\/imediata.org\/index.php?rest_route=\/wp\/v2\/posts\/2283","targetHints":{"allow":["GET"]}}],"collection":[{"href":"https:\/\/imediata.org\/index.php?rest_route=\/wp\/v2\/posts"}],"about":[{"href":"https:\/\/imediata.org\/index.php?rest_route=\/wp\/v2\/types\/post"}],"author":[{"embeddable":true,"href":"https:\/\/imediata.org\/index.php?rest_route=\/wp\/v2\/users\/1"}],"replies":[{"embeddable":true,"href":"https:\/\/imediata.org\/index.php?rest_route=%2Fwp%2Fv2%2Fcomments&post=2283"}],"version-history":[{"count":6,"href":"https:\/\/imediata.org\/index.php?rest_route=\/wp\/v2\/posts\/2283\/revisions"}],"predecessor-version":[{"id":2292,"href":"https:\/\/imediata.org\/index.php?rest_route=\/wp\/v2\/posts\/2283\/revisions\/2292"}],"wp:attachment":[{"href":"https:\/\/imediata.org\/index.php?rest_route=%2Fwp%2Fv2%2Fmedia&parent=2283"}],"wp:term":[{"taxonomy":"category","embeddable":true,"href":"https:\/\/imediata.org\/index.php?rest_route=%2Fwp%2Fv2%2Fcategories&post=2283"},{"taxonomy":"post_tag","embeddable":true,"href":"https:\/\/imediata.org\/index.php?rest_route=%2Fwp%2Fv2%2Ftags&post=2283"}],"curies":[{"name":"wp","href":"https:\/\/api.w.org\/{rel}","templated":true}]}}