{"id":2273,"date":"2012-07-31T02:25:21","date_gmt":"2012-07-31T02:25:21","guid":{"rendered":"http:\/\/imediata.org\/?p=2273"},"modified":"2012-07-31T02:32:24","modified_gmt":"2012-07-31T02:32:24","slug":"cinco-minutos-para-verdadeinconsciencia-por-b","status":"publish","type":"post","link":"https:\/\/imediata.org\/?p=2273","title":{"rendered":">> Cinco minutos para Verdade(in)Consci\u00eancia, por B."},"content":{"rendered":"<p><strong><\/br><br \/>\nCinco minutos para Verdade(in)Consci\u00eancia, por B.<br \/>\n<\/br><br \/>\nVerit\u00e0(in)Coscienza (VideoBy B. 2012).wmv<br \/>\n<iframe loading=\"lazy\" title=\"Verit\u00e0(in)Coscienza\" width=\"640\" height=\"360\" src=\"https:\/\/www.youtube.com\/embed\/sWfrrHvoTbU?feature=oembed\" frameborder=\"0\" allow=\"accelerometer; autoplay; clipboard-write; encrypted-media; gyroscope; picture-in-picture; web-share\" referrerpolicy=\"strict-origin-when-cross-origin\" allowfullscreen><\/iframe><\/p>\n<p><\/br><br \/>\nNo in\u00edcio do v\u00eddeo:<br \/>\n&#8220;O saber n\u00e3o \u00e9 feito para se compreender<br \/>\n\u00e9 feito para se tomar posi\u00e7\u00e3o.&#8221;<br \/>\nMichel Foucault<br \/>\n<\/br><br \/>\nNo fim do v\u00eddeo:<br \/>\n&#8220;A verdade: nossa \u00fanica arma.<br \/>\nDedicado a quem procura a verdade,<br \/>\nporque quem procura a verdade<br \/>\nsabendo ou n\u00e3o, procura Deus.&#8221;<\/strong><\/p>\n","protected":false},"excerpt":{"rendered":"<p>Cinco minutos para Verdade(in)Consci\u00eancia, por B. Verit\u00e0(in)Coscienza (VideoBy B. 2012).wmv No in\u00edcio do v\u00eddeo: &#8220;O saber n\u00e3o \u00e9 feito para se compreender \u00e9 feito para se tomar posi\u00e7\u00e3o.&#8221; Michel Foucault No fim do v\u00eddeo: &#8220;A verdade: nossa \u00fanica arma. Dedicado a quem procura a verdade, porque quem procura a verdade sabendo ou n\u00e3o, procura Deus.&#8221;<\/p>\n","protected":false},"author":1,"featured_media":0,"comment_status":"open","ping_status":"open","sticky":false,"template":"","format":"standard","meta":{"footnotes":""},"categories":[212],"tags":[1286,1284,1285,977,545,1287,1282,1283],"class_list":["post-2273","post","type-post","status-publish","format-standard","hentry","category-cinco-minutos","tag-b","tag-busca-da-verdade","tag-busca-por-deus","tag-consciencia","tag-michel-foucault","tag-para-quem-busca-a-verdade","tag-verdade","tag-verdadeinconsciencia"],"_links":{"self":[{"href":"https:\/\/imediata.org\/index.php?rest_route=\/wp\/v2\/posts\/2273","targetHints":{"allow":["GET"]}}],"collection":[{"href":"https:\/\/imediata.org\/index.php?rest_route=\/wp\/v2\/posts"}],"about":[{"href":"https:\/\/imediata.org\/index.php?rest_route=\/wp\/v2\/types\/post"}],"author":[{"embeddable":true,"href":"https:\/\/imediata.org\/index.php?rest_route=\/wp\/v2\/users\/1"}],"replies":[{"embeddable":true,"href":"https:\/\/imediata.org\/index.php?rest_route=%2Fwp%2Fv2%2Fcomments&post=2273"}],"version-history":[{"count":4,"href":"https:\/\/imediata.org\/index.php?rest_route=\/wp\/v2\/posts\/2273\/revisions"}],"predecessor-version":[{"id":2277,"href":"https:\/\/imediata.org\/index.php?rest_route=\/wp\/v2\/posts\/2273\/revisions\/2277"}],"wp:attachment":[{"href":"https:\/\/imediata.org\/index.php?rest_route=%2Fwp%2Fv2%2Fmedia&parent=2273"}],"wp:term":[{"taxonomy":"category","embeddable":true,"href":"https:\/\/imediata.org\/index.php?rest_route=%2Fwp%2Fv2%2Fcategories&post=2273"},{"taxonomy":"post_tag","embeddable":true,"href":"https:\/\/imediata.org\/index.php?rest_route=%2Fwp%2Fv2%2Ftags&post=2273"}],"curies":[{"name":"wp","href":"https:\/\/api.w.org\/{rel}","templated":true}]}}