{"id":2262,"date":"2012-07-31T01:32:36","date_gmt":"2012-07-31T01:32:36","guid":{"rendered":"http:\/\/imediata.org\/?p=2262"},"modified":"2012-07-31T02:37:30","modified_gmt":"2012-07-31T02:37:30","slug":"j-o-de-londres-1-a-medalha-de-ouro-das-cadeiras-vazias-2-que-tal-a-%e2%80%9ccena%e2%80%9d-da-bandeira-olimpica-acabando-nas-maos-dos-militares-da-otan-3-george-galloway-militarizacao-e-c","status":"publish","type":"post","link":"https:\/\/imediata.org\/?p=2262","title":{"rendered":">> J. O. de Londres: 1. a medalha de ouro das cadeiras vazias; 2. Que tal a \u201ccena\u201d da bandeira ol\u00edmpica, acabando nas m\u00e3os dos militares da Otan?; 3. George Galloway: militariza\u00e7\u00e3o e comercializa\u00e7\u00e3o dos jogos &#8211; n\u00e3o t\u00e1 na hora de &#8220;chacoalhar o limoeiro&#8221; desse formato?"},"content":{"rendered":"<p><\/br><br \/>\n<strong>Jogos Ol\u00edmpicos de Londres: 1. a medalha de ouro das cadeiras vazias; 2. Que tal a \u201ccena\u201d da bandeira ol\u00edmpica, acabando nas m\u00e3os dos militares da Otan?; 3. George Galloway: militariza\u00e7\u00e3o e comercializa\u00e7\u00e3o dos jogos &#8211; n\u00e3o t\u00e1 na hora de &#8220;chacoalhar o limoeiro&#8221; desse formato?<\/strong><br \/>\n<\/br><br \/>\n<a href=\"http:\/\/imediata.org\/wp-content\/uploads\/2012\/07\/JO-chaises-vides.jpg\"><img loading=\"lazy\" decoding=\"async\" src=\"http:\/\/imediata.org\/wp-content\/uploads\/2012\/07\/JO-chaises-vides.jpg\" alt=\"\" title=\"JO-chaises-vides\" width=\"512\" height=\"261\" class=\"alignright size-full wp-image-2263\" srcset=\"https:\/\/imediata.org\/wp-content\/uploads\/2012\/07\/JO-chaises-vides.jpg 512w, https:\/\/imediata.org\/wp-content\/uploads\/2012\/07\/JO-chaises-vides-300x152.jpg 300w\" sizes=\"auto, (max-width: 512px) 100vw, 512px\" \/><\/a><br \/>\n<\/br><br \/>\n<strong>Est\u00e1dios vazios. Por enquanto, n\u00e3o chegaram nem os Anunnakis, nem os Nephilins, nem outros extra-terrestres (ou simulacros dos mesmos) t\u00e3o esperados para proclamar a necessidade de um governo \u00fanico mundial&#8230; agora aguarda-se o dia 4 de agosto como data prov\u00e1vel para este &#8220;encontro imediato de sei l\u00e1 que grau&#8221;&#8230; mas nem os \u201cpatrocinadores agraciados\u201d com entradas para os jogos deram o ar de sua gra\u00e7a&#8230; vai ver que preferiram visitar a Madame Tussaud ou fazer compras no Harrod&#8217;s&#8230; Entre os sofr\u00edveis patrocinadores, a Dow Chemical (lembram de Bhopal?) e a BP (lembram do Golfo do M\u00e9xico)&#8230; (Mas Meu Santo Zeus&#8230; o que os atletas fizeram para merecer isso?)<\/strong><br \/>\n<\/br><br \/>\n<strong>1. Jogos Ol\u00edmpicos de Londres: a medalha de ouro das cadeiras vazias<br \/>\nFonte: <a href=\"http:\/\/www.20minutes.fr\/article\/978481\/journal-jo-encore-deux-cas-dopage-radcliffe-forfait-marathon\">20minutes.fr<\/a> via Cri du Peuple de 29 de julho de 2012<br \/>\nTradu\u00e7\u00e3o: Mario S. Mieli<\/strong><br \/>\n<\/br><br \/>\nNingu\u00e9m pode deixar de notar que todos os est\u00e1dios dos Jogos Ol\u00edmpicos est\u00e3o longe de estarem lotados, e n\u00e3o necessariamente nas competi\u00e7\u00f5es menores. O tipo de detalhe que n\u00e3o cai bem, quando milhares de pessoas tentaram, em v\u00e3o, comprar bilhetes para as competi\u00e7\u00f5es. O Comit\u00e9 de organiza\u00e7\u00e3o dos Jogos Ol\u00edmpicos de Londres (Locog) decidiu, no domingo, iniciar uma sondagem para determinar as raz\u00f5es desse desafeto.<br \/>\n<\/br><br \/>\nSebastien Coe, o presidente da organiza\u00e7\u00e3o, n\u00e3o demorou em apontar os patrocinadores, amea\u00e7ando que iria revelar publicamente o nome das empresas que n\u00e3o estariam ocupando os 5 \u2013 8% das cadeiras reservadas aos patrocinadores do evento. Jeremy Hunter, o ministro brit\u00e2nico da cultura, declarou-se favor\u00e1vel a recolocar em venda ao grande p\u00fablico os assentos n\u00e3o ocupados depois de uma meia-hora de iniciado o evento: \u201c\u00c9 escandaloso que algo desse tipo possa acontecer, mas faremos todo o poss\u00edvel para encher os est\u00e1dios\u201d.<br \/>\n<\/br><br \/>\n<a href=\"http:\/\/imediata.org\/wp-content\/uploads\/2012\/07\/p_22_07_2012.jpg\"><img loading=\"lazy\" decoding=\"async\" src=\"http:\/\/imediata.org\/wp-content\/uploads\/2012\/07\/p_22_07_2012.jpg\" alt=\"\" title=\"p_22_07_2012\" width=\"300\" height=\"369\" class=\"alignright size-full wp-image-2278\" srcset=\"https:\/\/imediata.org\/wp-content\/uploads\/2012\/07\/p_22_07_2012.jpg 300w, https:\/\/imediata.org\/wp-content\/uploads\/2012\/07\/p_22_07_2012-243x300.jpg 243w\" sizes=\"auto, (max-width: 300px) 100vw, 300px\" \/><\/a><br \/>\n<\/br><br \/>\n<strong>2. \u201cA bandeira ol\u00edmpica nas m\u00e3os dos militares\u201d<br \/>\nPor: Manlio Dinucci, acrescido de reflex\u00e3o pertinente dos tradutores<br \/>\nFonte: Il Manifesto de 29\/7\/2012, via <a href=\"http:\/\/midiacrucis.wordpress.com\/\">Midiacrucis<\/a><br \/>\nTradu\u00e7\u00e3o: Vila Vudu<\/strong><br \/>\n<\/br><br \/>\nAs Olimp\u00edadas podem ser \u201ctempo de amizades novas e renovadas, onde se forjam a paz e o entendimento.\u201d Assim o Arcebispo de Westminster saudou os atletas chegados a Londres, vindos de todas as partes do mundo. Para manifestar esse esp\u00edrito, na cerim\u00f4nia de abertura, o governo de Sua Majestade entregou a bandeira com os cinco c\u00edrculos ol\u00edmpicos, s\u00edmbolo de paz\u2026 a um esquadr\u00e3o de 16 soldados brit\u00e2nicos, selecionados entre os que mais se destacaram em guerras em curso.<br \/>\n<\/br><br \/>\n\u00c0 frente do esquadr\u00e3o, formado de oficiais e soldados das tr\u00eas armas, vinha Tal Lambert, diretor de comunica\u00e7\u00f5es das bases a\u00e9reas de Lyneham e Brize Norton, usada ano passada na guerra contra a L\u00edbia. Dentre outros militares da Real For\u00e7a A\u00e9rea brit\u00e2nica, ali estava o Sargento Suneil Raval, condecorado por participa\u00e7\u00e3o nas guerras dos Balc\u00e3s e do Iraque. Dentre os da Marinha e das For\u00e7as Especiais, vinha o oficial John Hiscock, condecorado pela Rainha com a Medalha da Galanteria, por a\u00e7\u00e3o na invas\u00e3o do Iraque. Dentre os do Ex\u00e9rcito, o sargento Kyle Reains, condecorado por a\u00e7\u00e3o em combate no Iraque e no Afeganist\u00e3o, onde foi ferido; e o cabo Josh Rainey, com duas miss\u00f5es de alto risco no Afeganist\u00e3o, no curr\u00edculo.<br \/>\n<\/br><br \/>\nExibir um esquadr\u00e3o militar a carregar n\u00e3o s\u00f3 a bandeira brit\u00e2nica, mas tamb\u00e9m a bandeira ol\u00edmpica foi gesto altamente simb\u00f3lico: uma reafirma\u00e7\u00e3o de que os ex\u00e9rcito da Gr\u00e3-Bretanha e de outros pa\u00edses da OTAN n\u00e3o fariam guerra de agress\u00e3o e s\u00f3 operariam no interesse da paz e da humanidade.<br \/>\n<\/br><br \/>\nCausa esc\u00e2ndalo e vergonha que o Comit\u00ea Ol\u00edmpico Internacional tenha admitido essa manifesta\u00e7\u00e3o de for\u00e7as militares, que deve ser proibida, para o futuro, em qualquer pa\u00eds no qual se realizem as Olimp\u00edadas.<br \/>\n<\/br><br \/>\nTamb\u00e9m causa esc\u00e2ndalo e vergonha que a imprensa internacional tenha ignorado essa manifesta\u00e7\u00e3o, embora toda a imprensa mundial tenha testemunhado o gesto belicista. Mas jornais, televis\u00f5es e jornalistas profissionais estavam ocupados em comentar o chap\u00e9u da rainha, no momento em que militares hasteavam a bandeira ol\u00edmpica, reafirmando a gl\u00f3ria do Imp\u00e9rio Brit\u00e2nico.<br \/>\n<\/br><br \/>\n<a href=\"http:\/\/imediata.org\/wp-content\/uploads\/2012\/07\/images1.jpeg\"><img loading=\"lazy\" decoding=\"async\" src=\"http:\/\/imediata.org\/wp-content\/uploads\/2012\/07\/images1.jpeg\" alt=\"\" title=\"images\" width=\"229\" height=\"220\" class=\"alignright size-full wp-image-2264\" \/><\/a><br \/>\n<\/br><br \/>\n<strong>Em tempo: Entre as \u2018entidades\u2019 vestidas de branco, que entregaram a bandeira ol\u00edmpica aos cuidados de soldados da OTAN, vinha, surpreendentemente, D. Marina Silva, brasileira, sem NENHUM atributo que a qualifique para estar naquele lugar pressuposto honroso e que absolutamente NADA representa no Brasil. Dado que ainda n\u00e3o se sabe, no Brasil, POR QU\u00ca foi convidada, aproveitamos a oportunidade para registrar, por hora, o nosso esc\u00e2ndalo e a nossa vergonha apenas PESSOAIS. Voltaremos a esse assunto [Nota dos tradutores brasileiros]<\/strong>.<br \/>\n<\/br><br \/>\n<strong>3.\tGeorge Galloway analisando a militariza\u00e7\u00e3o e comercializa\u00e7\u00e3o dos jogos ol\u00edmpicos e questionando apropriadamente o formato das Olimp\u00edadas (em seu impec\u00e1vel e clar\u00edssimo ingl\u00eas). Brasil, se liga, as pr\u00f3ximas ser\u00e3o em nossa p\u00e1tria amada&#8230;<\/strong><br \/>\n<\/br><br \/>\n<strong>Galloway on the 2012 London Olympics &#8211; 17,000 Army Troops on the Streets, Anti Aircraft Missiles<\/strong><br \/>\nhttp:\/\/youtu.be\/NZzAe7O7Qmg<br \/>\n<\/br><br \/>\n<strong>Recomendamos tamb\u00e9m:<br \/>\n>> Maquiavelagens 5 \u2013 Olim-oku-piadas \u2013 a vis\u00e3o das jabiracas shakespearianas produz calafrio na espinha de Artur d\u2019Amaru<\/strong><br \/>\n<a href=\"http:\/\/imediata.org\/?p=2239\">http:\/\/imediata.org\/?p=2239<\/a><\/p>\n","protected":false},"excerpt":{"rendered":"<p>Jogos Ol\u00edmpicos de Londres: 1. a medalha de ouro das cadeiras vazias; 2. Que tal a \u201ccena\u201d da bandeira ol\u00edmpica, acabando nas m\u00e3os dos militares da Otan?; 3. George Galloway: militariza\u00e7\u00e3o e comercializa\u00e7\u00e3o dos jogos &#8211; n\u00e3o t\u00e1 na hora de &#8220;chacoalhar o limoeiro&#8221; desse formato? Est\u00e1dios vazios. Por enquanto, n\u00e3o chegaram nem os Anunnakis, [&hellip;]<\/p>\n","protected":false},"author":1,"featured_media":0,"comment_status":"open","ping_status":"open","sticky":false,"template":"","format":"standard","meta":{"footnotes":""},"categories":[9],"tags":[157,1276,1273,1275,1271,1274,95,1272,1277,1278],"class_list":["post-2262","post","type-post","status-publish","format-standard","hentry","category-lance-de-dados","tag-artur-damaru","tag-cadeiras-vazias","tag-comercialismo","tag-george-galloway","tag-jogos-olimpicos-2012-de-londres","tag-manlio-dinucci","tag-mario-s-mieli","tag-militarizacao","tag-o-que-os-atletas-fizeram-para-merecer-isso","tag-questionando-o-formato-das-olimpiadas"],"_links":{"self":[{"href":"https:\/\/imediata.org\/index.php?rest_route=\/wp\/v2\/posts\/2262","targetHints":{"allow":["GET"]}}],"collection":[{"href":"https:\/\/imediata.org\/index.php?rest_route=\/wp\/v2\/posts"}],"about":[{"href":"https:\/\/imediata.org\/index.php?rest_route=\/wp\/v2\/types\/post"}],"author":[{"embeddable":true,"href":"https:\/\/imediata.org\/index.php?rest_route=\/wp\/v2\/users\/1"}],"replies":[{"embeddable":true,"href":"https:\/\/imediata.org\/index.php?rest_route=%2Fwp%2Fv2%2Fcomments&post=2262"}],"version-history":[{"count":7,"href":"https:\/\/imediata.org\/index.php?rest_route=\/wp\/v2\/posts\/2262\/revisions"}],"predecessor-version":[{"id":2279,"href":"https:\/\/imediata.org\/index.php?rest_route=\/wp\/v2\/posts\/2262\/revisions\/2279"}],"wp:attachment":[{"href":"https:\/\/imediata.org\/index.php?rest_route=%2Fwp%2Fv2%2Fmedia&parent=2262"}],"wp:term":[{"taxonomy":"category","embeddable":true,"href":"https:\/\/imediata.org\/index.php?rest_route=%2Fwp%2Fv2%2Fcategories&post=2262"},{"taxonomy":"post_tag","embeddable":true,"href":"https:\/\/imediata.org\/index.php?rest_route=%2Fwp%2Fv2%2Ftags&post=2262"}],"curies":[{"name":"wp","href":"https:\/\/api.w.org\/{rel}","templated":true}]}}