{"id":2228,"date":"2012-07-24T17:02:42","date_gmt":"2012-07-24T17:02:42","guid":{"rendered":"http:\/\/imediata.org\/?p=2228"},"modified":"2012-07-24T17:07:22","modified_gmt":"2012-07-24T17:07:22","slug":"%e2%80%9cseculos-de-conquistas-no-lixo%e2%80%9d-bbc-entrevista-eduardo-galeano-galeano-apresenta-seu-%e2%80%9clos-hijos-de-los-dias%e2%80%9d","status":"publish","type":"post","link":"https:\/\/imediata.org\/?p=2228","title":{"rendered":">> \u201cS\u00e9culos de conquistas no lixo\u201d BBC entrevista Eduardo Galeano + Galeano apresenta seu \u201cLos hijos de los d\u00edas\u201d"},"content":{"rendered":"<p><\/br><br \/>\n<strong>\u201cS\u00e9culos de conquistas no lixo\u201d BBC entrevista Eduardo Galeano + Galeano apresenta seu \u201cLos hijos de los d\u00edas\u201d<\/strong><br \/>\n<\/br><br \/>\n<a href=\"http:\/\/imediata.org\/wp-content\/uploads\/2012\/07\/120723160542_galeano_grande_464x261_bbc_nocredit.jpg\"><img loading=\"lazy\" decoding=\"async\" src=\"http:\/\/imediata.org\/wp-content\/uploads\/2012\/07\/120723160542_galeano_grande_464x261_bbc_nocredit.jpg\" alt=\"\" title=\"120723160542_galeano_grande_464x261_bbc_nocredit\" width=\"464\" height=\"261\" class=\"alignright size-full wp-image-2229\" srcset=\"https:\/\/imediata.org\/wp-content\/uploads\/2012\/07\/120723160542_galeano_grande_464x261_bbc_nocredit.jpg 464w, https:\/\/imediata.org\/wp-content\/uploads\/2012\/07\/120723160542_galeano_grande_464x261_bbc_nocredit-300x168.jpg 300w\" sizes=\"auto, (max-width: 464px) 100vw, 464px\" \/><\/a><br \/>\n<\/br><br \/>\n<strong>S\u00e9culos de conquistas no lixo<\/strong><br \/>\n<strong>Entrevista de: Eduardo Galeano a Paula Vilella (BBC)<br \/>\nFonte: <a href=\"http:\/\/www.bbc.co.uk\/mundo\/noticias\/2012\/07\/120723_eduardo_galeano_crisis_mz.shtml\">BBC<\/a> 23\/7\/2012<br \/>\nTradu\u00e7\u00e3o: Mario S. Mieli<\/strong><br \/>\n<\/br><br \/>\nO escritor uruguaio, historiador liter\u00e1rio de seu continente atrav\u00e9s de obras como \u201cAs veias abertas da Am\u00e9rica Latina\u201d e a trilogia \u201cMem\u00f3rias do Fogo\u201d, falou com a BBC Mundo sobre os \u00faltimos acontecimentos da Am\u00e9rica Latina e a crise capitalista mundial.<br \/>\nDe sua mesa de sempre, no central Caf\u00e9 Brasileiro, deixando para tr\u00e1s da janela o frio do inverno austral, insiste que \u201ca grandeza humana est\u00e1 nas coisas pequeninas que se fazem quotidianamente, dia ap\u00f3s dia, por an\u00f4nimos que n\u00e3o sabem que as fazem\u201d.<br \/>\nPor isso, alterna as respostas com epis\u00f3dios de seu \u00faltimo livro, \u201cLos hijos de los d\u00edas\u201d (Os filhos dos dias), em que agrupa 366 hist\u00f3rias reais, uma para cada dia do ano, que cont\u00eam mais verdade que falar do pr\u00eamio de risco.<br \/>\n<\/br><br \/>\nA crise europeia est\u00e1 sendo manipulada pelos l\u00edderes pol\u00edticos atrav\u00e9s de um discurso de sacrif\u00edcio por parte da popula\u00e7\u00e3o.<br \/>\n<\/br><br \/>\n<strong>\u00c9 igual ao discurso dos oficiais quando mandam morrer os reclutas, com menos odor de p\u00f3lvora, mas n\u00e3o menos violento.<\/strong><br \/>\n<\/br><\/p>\n<p><strong>Este \u00e9 uma plano sistem\u00e1tico a n\u00edvel mundial para jogar no lixo dois s\u00e9culos de conquistas oper\u00e1rias, para que a humanidade retroceda em nome da recupera\u00e7\u00e3o nacional.<br \/>\n<\/br><\/p>\n<p>Este \u00e9 um mundo organizado e especializado no exterm\u00ednio do pr\u00f3ximo.<br \/>\n<\/br><\/p>\n<p>E ent\u00e3o passam a condenar a viol\u00eancia do pobre, dos mortos de fome; a outra \u00e9 aplaudida, merece condecora\u00e7\u00f5es.<br \/>\n<\/br><br \/>\n<\/strong><br \/>\nA \u2018austeridade\u2019 est\u00e1 sendo apresentada como a \u00fanica sa\u00edda?<br \/>\n<\/br><\/p>\n<p><strong>De quem? Se os banqueiros que produziram este desastre foram e continuam sendo os principais assaltantes de bancos e s\u00e3o recompensados com milh\u00f5es de euros que lhes s\u00e3o pagos como indeniza\u00e7\u00e3o&#8230;<br \/>\n<\/br><\/p>\n<p>\u00c9 um mundo muito mentiroso e muito violento. O da austeridade \u00e9 um velho discurso na Am\u00e9rica Latina. Estamos assistindo a uma pe\u00e7a de teatro que foi lan\u00e7ada aqui e que j\u00e1 conhecemos.<br \/>\n<\/br><\/p>\n<p>Sabemos tudo: as f\u00f3rmulas, as receitas m\u00e1gicas, o Fundo Monet\u00e1rio Internacional, o Banco Mundial&#8230;<br \/>\n<\/br><br \/>\n<\/strong><br \/>\nConsidera que o empobrecimento da popula\u00e7\u00e3o est\u00e1 mais violento?<br \/>\n<\/br><\/p>\n<p><strong>Se a luta contra o terrorismo fosse verdadeira e n\u00e3o um \u00e1libi para outros fins, ter\u00edamos que empapelar o mundo com cartazes que diriam \u201cprocuram-se os sequestradores de pa\u00edses, os exterminadores de sal\u00e1rios, os assassinos do emprego, os traficantes do medo\u201d, que s\u00e3o os mais perigosos porque te condenam \u00e0 paralisa\u00e7\u00e3o.<br \/>\n<\/br><\/p>\n<p>Este \u00e9 um mundo que te domestica para que desconfies do pr\u00f3ximo, para que ele seja uma amea\u00e7a e nunca uma promessa.<br \/>\n<\/br><\/p>\n<p>\u00c9 algu\u00e9m que vai te causar danos e para isso \u00e9 necess\u00e1rio defender-se.<br \/>\n<\/br><\/p>\n<p>Assim se justifica a ind\u00fastria militar, nome po\u00e9tico da ind\u00fastria criminal.<br \/>\n<\/br><\/p>\n<p>Esse \u00e9 um exemplo clar\u00edssimo de viol\u00eancia.  <\/br><br \/>\n<\/strong><br \/>\nPassando \u00e0 pol\u00edtica latino-americana, o M\u00e9xico continua nas ruas protestando contra os resultados oficiais das elei\u00e7\u00f5es\u2026<br \/>\n<\/br><\/p>\n<p><strong>A diferen\u00e7a de votos n\u00e3o foi t\u00e3o grande e talvez seja dif\u00edcil demonstrar que tenha havido fraude.<br \/>\n<\/br><\/p>\n<p>Todavia, h\u00e1 outra fraude mais profunda, mais fina e que \u00e9 mais daninha \u00e0 democracia: o que cometem os pol\u00edticos que prometem todo o contr\u00e1rio daquilo que depois fazem a partir do poder. Assim, est\u00e3o atuando contra a f\u00e9 na democracia das novas gera\u00e7\u00f5es.<br \/>\n<\/br><\/strong><\/p>\n<p>A respeito da destitui\u00e7\u00e3o de Fernando Lugo no Paraguai, pode-se falar de golpe de Estado se foi baseado nas leis do pa\u00eds?<br \/>\n<\/br><\/p>\n<p><strong>Seguramente que o do Paraguai \u00e9 clara e plenamente um golpe de Estado.<br \/>\n<\/br><\/p>\n<p>Golpearam o governo do \u2018cura progre\u2019 n\u00e3o pelo que ele havia feito, mas pelo que ele poderia fazer.<br \/>\n<\/br><\/p>\n<p>N\u00e3o tinha feito grande coisa, mas como se propunha a uma reforma agr\u00e1ria, num pa\u00eds que tem o grau de concentra\u00e7\u00e3o de poder de terra mais alto em toda a Am\u00e9rica Latina, e em consequ\u00eancia, a desigualdade mais injusta, tinha  tido algumas atitudes de dignidade nacional contra algumas empresas internacionais todo-poderosas como a Monsanto e proibido a entrada de algumas sementes transg\u00eanicas&#8230;<br \/>\n<\/br><\/p>\n<p>Foi um golpe de estado preventivo, \u2018no caso em que\u2019, n\u00e3o pelo que era, mas por aquilo que poderia chegar a fazer.<br \/>\n<\/br><br \/>\n<\/strong><br \/>\nVoc\u00ea se surpreende que essas situa\u00e7\u00f5es continuem ocorrendo?<br \/>\n<\/br><\/p>\n<p><strong>O mundo atual \u00e9 muito surpreendente.<br \/>\n<\/br><\/p>\n<p>A maioria dos pa\u00edses europeus, que pareciam estar vacinados contra os golpes de Estado, s\u00e3o agora governos governados a dedo pelo Goldman &#038; Sachs e outras empresas financeiras que n\u00e3o foram eleitas por ningu\u00e9m.<br \/>\n<\/br><\/p>\n<p>At\u00e9 a linguagem o reflete: os pa\u00edses, que se sup\u00f5e serem soberanos e independentes, t\u00eam que fazer bem seus deveres como se fossem crian\u00e7as com tend\u00eancia \u00e0 m\u00e1 conduta e os professores s\u00e3o os tecnocratas que vem te dar uma puxada de orelhas.<br \/>\n<\/br><\/p>\n<p>Eduardo Galeano apresentando seu \u00faltimo livro &#8216;Los hijos de los d\u00edas&#8217;, dia 24\/5\/2012\/<\/strong><br \/>\n<iframe loading=\"lazy\" title=\"Los hijos de los d\u00edas: Eduardo Galeano\" width=\"640\" height=\"360\" src=\"https:\/\/www.youtube.com\/embed\/Rii47lPskZY?feature=oembed\" frameborder=\"0\" allow=\"accelerometer; autoplay; clipboard-write; encrypted-media; gyroscope; picture-in-picture; web-share\" referrerpolicy=\"strict-origin-when-cross-origin\" allowfullscreen><\/iframe><\/p>\n","protected":false},"excerpt":{"rendered":"<p>\u201cS\u00e9culos de conquistas no lixo\u201d BBC entrevista Eduardo Galeano + Galeano apresenta seu \u201cLos hijos de los d\u00edas\u201d S\u00e9culos de conquistas no lixo Entrevista de: Eduardo Galeano a Paula Vilella (BBC) Fonte: BBC 23\/7\/2012 Tradu\u00e7\u00e3o: Mario S. Mieli O escritor uruguaio, historiador liter\u00e1rio de seu continente atrav\u00e9s de obras como \u201cAs veias abertas da Am\u00e9rica [&hellip;]<\/p>\n","protected":false},"author":1,"featured_media":0,"comment_status":"open","ping_status":"open","sticky":false,"template":"","format":"standard","meta":{"footnotes":""},"categories":[68,9],"tags":[1251,69,309,1253,1252,95,1254],"class_list":["post-2228","post","type-post","status-publish","format-standard","hentry","category-dossie-queda-da-rua-do-muro","category-lance-de-dados","tag-bbc","tag-crise-financeira","tag-eduardo-galeano","tag-galeano-entrevistado-pela-bbc","tag-los-hijos-de-los-dias","tag-mario-s-mieli","tag-paula-vilella"],"_links":{"self":[{"href":"https:\/\/imediata.org\/index.php?rest_route=\/wp\/v2\/posts\/2228","targetHints":{"allow":["GET"]}}],"collection":[{"href":"https:\/\/imediata.org\/index.php?rest_route=\/wp\/v2\/posts"}],"about":[{"href":"https:\/\/imediata.org\/index.php?rest_route=\/wp\/v2\/types\/post"}],"author":[{"embeddable":true,"href":"https:\/\/imediata.org\/index.php?rest_route=\/wp\/v2\/users\/1"}],"replies":[{"embeddable":true,"href":"https:\/\/imediata.org\/index.php?rest_route=%2Fwp%2Fv2%2Fcomments&post=2228"}],"version-history":[{"count":4,"href":"https:\/\/imediata.org\/index.php?rest_route=\/wp\/v2\/posts\/2228\/revisions"}],"predecessor-version":[{"id":2233,"href":"https:\/\/imediata.org\/index.php?rest_route=\/wp\/v2\/posts\/2228\/revisions\/2233"}],"wp:attachment":[{"href":"https:\/\/imediata.org\/index.php?rest_route=%2Fwp%2Fv2%2Fmedia&parent=2228"}],"wp:term":[{"taxonomy":"category","embeddable":true,"href":"https:\/\/imediata.org\/index.php?rest_route=%2Fwp%2Fv2%2Fcategories&post=2228"},{"taxonomy":"post_tag","embeddable":true,"href":"https:\/\/imediata.org\/index.php?rest_route=%2Fwp%2Fv2%2Ftags&post=2228"}],"curies":[{"name":"wp","href":"https:\/\/api.w.org\/{rel}","templated":true}]}}