{"id":2077,"date":"2012-07-09T00:13:46","date_gmt":"2012-07-09T00:13:46","guid":{"rendered":"http:\/\/imediata.org\/?p=2077"},"modified":"2012-07-09T00:23:27","modified_gmt":"2012-07-09T00:23:27","slug":"sala-de-espera-31-1-%e2%88%91-systema-solar-agitata-da-due-venti-%e2%80%9crelinquo-vos-libero-ab-utroque-homine%e2%80%9d","status":"publish","type":"post","link":"https:\/\/imediata.org\/?p=2077","title":{"rendered":">> Sala de Espera 31 &#8211; Poemequa\u00e7\u00e3o, Systema Solar, Agitata da Due Venti, \u201cRelinquo vos libero ab utroque homine\u201d"},"content":{"rendered":"<p><\/br><br \/>\n<strong>Sala de Espera 31 &#8211; Poemequa\u00e7\u00e3o, Systema Solar, Agitata da Due Venti, \u201cRelinquo vos libero ab utroque homine\u201d<\/strong><br \/>\n<\/br><br \/>\n<a href=\"http:\/\/imediata.org\/wp-content\/uploads\/2012\/07\/Unknown1.jpeg\"><img loading=\"lazy\" decoding=\"async\" src=\"http:\/\/imediata.org\/wp-content\/uploads\/2012\/07\/Unknown1.jpeg\" alt=\"\" title=\"Unknown\" width=\"223\" height=\"226\" class=\"alignright size-full wp-image-2085\" \/><\/a><br \/>\n<\/br><br \/>\n<a href=\"http:\/\/imediata.org\/wp-content\/uploads\/2012\/07\/fatmaozcay-tezhib_w.jpg\"><img loading=\"lazy\" decoding=\"async\" src=\"http:\/\/imediata.org\/wp-content\/uploads\/2012\/07\/fatmaozcay-tezhib_w.jpg\" alt=\"\" title=\"fatmaozcay-tezhib_w\" width=\"596\" height=\"600\" class=\"alignright size-full wp-image-2078\" srcset=\"https:\/\/imediata.org\/wp-content\/uploads\/2012\/07\/fatmaozcay-tezhib_w.jpg 596w, https:\/\/imediata.org\/wp-content\/uploads\/2012\/07\/fatmaozcay-tezhib_w-150x150.jpg 150w, https:\/\/imediata.org\/wp-content\/uploads\/2012\/07\/fatmaozcay-tezhib_w-298x300.jpg 298w\" sizes=\"auto, (max-width: 596px) 100vw, 596px\" \/><\/a><\/p>\n<p><\/br><br \/>\n<strong>1 = <a href=\"http:\/\/imediata.org\/wp-content\/uploads\/2012\/07\/sigma.gif\"><img loading=\"lazy\" decoding=\"async\" src=\"http:\/\/imediata.org\/wp-content\/uploads\/2012\/07\/sigma.gif\" alt=\"\" title=\"sigma\" width=\"32\" height=\"19\" class=\"alignright size-full wp-image-2083\" \/><\/a> poemequa\u00e7\u00e3o de Mario S. Mieli (7\/7\/2012) em homenagem \u00e0 prova da exist\u00eancia do b\u00f3son de Higgs&#8230; adicionado de mensagem original de 6\/9\/2011<\/strong><br \/>\n<\/br><\/p>\n<p><strong>1 = <a href=\"http:\/\/imediata.org\/wp-content\/uploads\/2012\/07\/sigma1.gif\"><img loading=\"lazy\" decoding=\"async\" src=\"http:\/\/imediata.org\/wp-content\/uploads\/2012\/07\/sigma1.gif\" alt=\"\" title=\"sigma\" width=\"32\" height=\"19\" class=\"alignright size-full wp-image-2084\" \/><\/a><br \/>\n<\/br><\/p>\n<p>Somos Um com o Todo<br \/>\nSomos o Um e o Todo<br \/>\nSomos Um com Todos<br \/>\nSomos Um e Todos<br \/>\nDe TODOS se faz UM<br \/>\nO UM se faz com TODOS<br \/>\nSO HAM SO HAM SO HAM<\/strong><br \/>\n<\/br><br \/>\n<strong>Systema Solar- Bienvenidos (grupo colombiano que mistura ritmos afrocolombianos como Cumbia, Porro e Champeta, com estilos urbanos contempor\u00e2neos como Hip Hop)<\/strong><br \/>\n<iframe loading=\"lazy\" title=\"Systema Solar - Bienvenidos\" width=\"640\" height=\"360\" src=\"https:\/\/www.youtube.com\/embed\/EPB7TMmmLxU?feature=oembed\" frameborder=\"0\" allow=\"accelerometer; autoplay; clipboard-write; encrypted-media; gyroscope; picture-in-picture; web-share\" referrerpolicy=\"strict-origin-when-cross-origin\" allowfullscreen><\/iframe><br \/>\n<\/br><br \/>\n<strong>Vivica Genaux, &#8220;Agitata da due venti&#8221;, Griselda, de Vivaldi, ao vivo na TV francesa<\/strong><br \/>\n<iframe loading=\"lazy\" title=\"Vivica Genaux, &quot;Agitata da due venti&quot;, Griselda, Vivaldi, live on French TV\" width=\"640\" height=\"480\" src=\"https:\/\/www.youtube.com\/embed\/bnIxa-QUL5U?feature=oembed\" frameborder=\"0\" allow=\"accelerometer; autoplay; clipboard-write; encrypted-media; gyroscope; picture-in-picture; web-share\" referrerpolicy=\"strict-origin-when-cross-origin\" allowfullscreen><\/iframe><br \/>\n<\/br><br \/>\n<strong>Para ativar a imagina\u00e7\u00e3o social &#8211; em ingl\u00eas e\/ou italiano:<\/strong><br \/>\n<\/br><br \/>\n<strong>SC\u00c9PSI<br \/>\nEuropean School of Social Imagination San Marino:<br \/>\nEm ingl\u00eas: <\/strong><br \/>\n<a href=\"http:\/\/scepsi.eu\/\">http:\/\/scepsi.eu\/<\/a><br \/>\nou<br \/>\n<a href=\"http:\/\/scepsi.eu\/?s=European+School+of+Social+Imagination\">http:\/\/scepsi.eu\/?s=European+School+of+Social+Imagination<\/a><br \/>\n<\/br><br \/>\n<strong>ou em italiano:<\/strong><br \/>\n<a href=\"http:\/\/scepsi.eu\/category\/it\">http:\/\/scepsi.eu\/category\/it<\/a><br \/>\n<\/br><br \/>\n<strong>O lema em latim de San Marino (tanto do santo quanto do estado):<br \/>\n &#8220;Relinquo vos liberos ab utroque homine&#8221;<br \/>\nsignifica<br \/>\n\u201cDeixo-vos livres de um e de outro homem\u201d<\/strong><\/p>\n","protected":false},"excerpt":{"rendered":"<p>Sala de Espera 31 &#8211; Poemequa\u00e7\u00e3o, Systema Solar, Agitata da Due Venti, \u201cRelinquo vos libero ab utroque homine\u201d 1 = poemequa\u00e7\u00e3o de Mario S. Mieli (7\/7\/2012) em homenagem \u00e0 prova da exist\u00eancia do b\u00f3son de Higgs&#8230; adicionado de mensagem original de 6\/9\/2011 1 = Somos Um com o Todo Somos o Um e o Todo [&hellip;]<\/p>\n","protected":false},"author":1,"featured_media":0,"comment_status":"open","ping_status":"open","sticky":false,"template":"","format":"standard","meta":{"footnotes":""},"categories":[100,11],"tags":[1153,1155,1154,1158,1156,1157],"class_list":["post-2077","post","type-post","status-publish","format-standard","hentry","category-sala-de-espera","category-sambaqui","tag-1-poemequacao-de-mario-s-mieli","tag-agitata-da-due-venti-de-vivaldi-por-viviva-genux","tag-bienvenidos-de-systema-solar","tag-european-school-of-social-imagination","tag-san-marino","tag-scepsi"],"_links":{"self":[{"href":"https:\/\/imediata.org\/index.php?rest_route=\/wp\/v2\/posts\/2077","targetHints":{"allow":["GET"]}}],"collection":[{"href":"https:\/\/imediata.org\/index.php?rest_route=\/wp\/v2\/posts"}],"about":[{"href":"https:\/\/imediata.org\/index.php?rest_route=\/wp\/v2\/types\/post"}],"author":[{"embeddable":true,"href":"https:\/\/imediata.org\/index.php?rest_route=\/wp\/v2\/users\/1"}],"replies":[{"embeddable":true,"href":"https:\/\/imediata.org\/index.php?rest_route=%2Fwp%2Fv2%2Fcomments&post=2077"}],"version-history":[{"count":6,"href":"https:\/\/imediata.org\/index.php?rest_route=\/wp\/v2\/posts\/2077\/revisions"}],"predecessor-version":[{"id":2087,"href":"https:\/\/imediata.org\/index.php?rest_route=\/wp\/v2\/posts\/2077\/revisions\/2087"}],"wp:attachment":[{"href":"https:\/\/imediata.org\/index.php?rest_route=%2Fwp%2Fv2%2Fmedia&parent=2077"}],"wp:term":[{"taxonomy":"category","embeddable":true,"href":"https:\/\/imediata.org\/index.php?rest_route=%2Fwp%2Fv2%2Fcategories&post=2077"},{"taxonomy":"post_tag","embeddable":true,"href":"https:\/\/imediata.org\/index.php?rest_route=%2Fwp%2Fv2%2Ftags&post=2077"}],"curies":[{"name":"wp","href":"https:\/\/api.w.org\/{rel}","templated":true}]}}