{"id":2010,"date":"2012-07-02T21:47:25","date_gmt":"2012-07-02T21:47:25","guid":{"rendered":"http:\/\/imediata.org\/?p=2010"},"modified":"2012-07-02T21:49:13","modified_gmt":"2012-07-02T21:49:13","slug":"as-vozes-da-agua-a-cultura-viva-em-al-andalus-por-med-o-med","status":"publish","type":"post","link":"https:\/\/imediata.org\/?p=2010","title":{"rendered":">> As vozes da \u00e1gua: a cultura viva em Al-Andalus, por Med-O-Med"},"content":{"rendered":"<p><\/br><br \/>\n<strong>As vozes da \u00e1gua: a cultura viva em Al-Andalus<\/strong><br \/>\n<\/br><br \/>\n<strong>Fonte: <a href=\"http:\/\/www.youtube.com\/user\/MEDOMEDnetwork\">Med-O-Med<\/a><br \/>\nVia: <a href=\"http:\/\/www.rebelion.org\/noticia.php?id=152241\">rebelion.org<\/a><br \/>\n<\/strong><br \/>\n<\/br><br \/>\n<strong>As vozes da \u00e1gua<\/strong><br \/>\n<iframe loading=\"lazy\" title=\"Las voces del agua\" width=\"640\" height=\"360\" src=\"https:\/\/www.youtube.com\/embed\/atm4rsxZcTw?feature=oembed\" frameborder=\"0\" allow=\"accelerometer; autoplay; clipboard-write; encrypted-media; gyroscope; picture-in-picture; web-share\" referrerpolicy=\"strict-origin-when-cross-origin\" allowfullscreen><\/iframe><br \/>\n<\/br><br \/>\nEste curto document\u00e1rio procura recuperar a cultura associada ao uso tradicional da \u00e1gua em al-Andalus, n\u00e3o somente como um patrim\u00f4nio de import\u00e2ncia, mas tamb\u00e9m como una alternativa aos problemas de gest\u00e3o desse elemento. Dentro em breve, o conte\u00fado deste document\u00e1rio poder\u00e1 ser visto em uma exposi\u00e7\u00e3o virtual dispon\u00edvel na Web &#8211; Med-O-Med: &#8220;Al-Andalus, una cultura del agua&#8221;.<br \/>\n<\/br><br \/>\n\u201cLas Voces del Agua\u201d se baseia num belo projeto desenvolvido nas comarcas mouriscas de Alpujarras (Granada e Almer\u00eda), El Valle de Ricote (Murcia), e Axarqu\u00eda (M\u00e1laga), como marco do Programa &#8220;Med-O-Med, Paisajes Culturales del Mediterr\u00e1neo y Oriente Medio&#8221;.<br \/>\n<\/br><br \/>\nO document\u00e1rio tem um forte car\u00e1ter pedag\u00f3gico e servir\u00e1 de valiosa ferramenta educacional para ensinar a todos os tipos de p\u00fablico a rica tradi\u00e7\u00e3o da irriga\u00e7\u00e3o, contada pelas \u201cvozes s\u00e1bias\u201d que ainda conhecem e cultivam os segredos do uso tradicional da \u00e1gua, sem esquecer sua presen\u00e7a na est\u00e9tica arquitet\u00f4nica, assim como seu valor espiritual e purificador. Tudo atrav\u00e9s do desenvolvimento de atividades de educa\u00e7\u00e3o e sensibiliza\u00e7\u00e3o.<\/p>\n","protected":false},"excerpt":{"rendered":"<p>As vozes da \u00e1gua: a cultura viva em Al-Andalus Fonte: Med-O-Med Via: rebelion.org As vozes da \u00e1gua Este curto document\u00e1rio procura recuperar a cultura associada ao uso tradicional da \u00e1gua em al-Andalus, n\u00e3o somente como um patrim\u00f4nio de import\u00e2ncia, mas tamb\u00e9m como una alternativa aos problemas de gest\u00e3o desse elemento. Dentro em breve, o conte\u00fado [&hellip;]<\/p>\n","protected":false},"author":1,"featured_media":0,"comment_status":"open","ping_status":"open","sticky":false,"template":"","format":"standard","meta":{"footnotes":""},"categories":[5],"tags":[1108,1111,1112,1107,1109,1110],"class_list":["post-2010","post","type-post","status-publish","format-standard","hentry","category-biodiversidade-imediata","tag-agua","tag-agua-como-patrimonio-da-humanidade","tag-al-andalus","tag-as-vozes-da-agua-a-cultura-viva-em-al-andalus","tag-irrigacao","tag-preservacao"],"_links":{"self":[{"href":"https:\/\/imediata.org\/index.php?rest_route=\/wp\/v2\/posts\/2010","targetHints":{"allow":["GET"]}}],"collection":[{"href":"https:\/\/imediata.org\/index.php?rest_route=\/wp\/v2\/posts"}],"about":[{"href":"https:\/\/imediata.org\/index.php?rest_route=\/wp\/v2\/types\/post"}],"author":[{"embeddable":true,"href":"https:\/\/imediata.org\/index.php?rest_route=\/wp\/v2\/users\/1"}],"replies":[{"embeddable":true,"href":"https:\/\/imediata.org\/index.php?rest_route=%2Fwp%2Fv2%2Fcomments&post=2010"}],"version-history":[{"count":2,"href":"https:\/\/imediata.org\/index.php?rest_route=\/wp\/v2\/posts\/2010\/revisions"}],"predecessor-version":[{"id":2012,"href":"https:\/\/imediata.org\/index.php?rest_route=\/wp\/v2\/posts\/2010\/revisions\/2012"}],"wp:attachment":[{"href":"https:\/\/imediata.org\/index.php?rest_route=%2Fwp%2Fv2%2Fmedia&parent=2010"}],"wp:term":[{"taxonomy":"category","embeddable":true,"href":"https:\/\/imediata.org\/index.php?rest_route=%2Fwp%2Fv2%2Fcategories&post=2010"},{"taxonomy":"post_tag","embeddable":true,"href":"https:\/\/imediata.org\/index.php?rest_route=%2Fwp%2Fv2%2Ftags&post=2010"}],"curies":[{"name":"wp","href":"https:\/\/api.w.org\/{rel}","templated":true}]}}