{"id":2007,"date":"2012-07-02T21:13:17","date_gmt":"2012-07-02T21:13:17","guid":{"rendered":"http:\/\/imediata.org\/?p=2007"},"modified":"2012-07-02T21:20:02","modified_gmt":"2012-07-02T21:20:02","slug":"o-tempo-e-a-maca-video-apresentacao-por-giuliana-conforto","status":"publish","type":"post","link":"https:\/\/imediata.org\/?p=2007","title":{"rendered":">> &#8220;O tempo e a ma\u00e7\u00e3&#8221;, v\u00eddeo-apresenta\u00e7\u00e3o por Giuliana Conforto"},"content":{"rendered":"<p><\/br><br \/>\n<strong>&#8220;O tempo e a ma\u00e7\u00e3&#8221;<\/strong><br \/>\n<\/br><br \/>\nV\u00eddeo-apresenta\u00e7\u00e3o por Giuliana Conforto, astrof\u00edsica e professora de mec\u00e2nica cl\u00e1ssica e mec\u00e2nica qu\u00e2ntica<br \/>\n<\/br><br \/>\n<strong>Fonte: <a href=\"http:\/\/www.giulianaconforto.it\/\">http:\/\/www.giulianaconforto.it\/<\/a><br \/>\nO v\u00eddeo est\u00e1 dispon\u00edvel no site da autora no original  italiano e em espanhol, ingl\u00eas e alem\u00e3o.<br \/>\nTradu\u00e7\u00e3o das legendas para o portugu\u00eas: Mario S. Mieli <\/strong><br \/>\n<\/br><br \/>\n<strong>\u201cSe essa ci\u00eancia, que tantas vantagens trar\u00e1 \u00e0 humanidade,<br \/>\nn\u00e3o encontrar o significado humano<br \/>\ndas pr\u00f3prias descobertas,<br \/>\nse voltar\u00e1 contra a humanidade.\u201d<br \/>\nGiordano Bruno 1548-1600<\/strong><br \/>\n<\/br><br \/>\n<strong>O tempo e a ma\u00e7\u00e3<\/strong><br \/>\n<iframe loading=\"lazy\" title=\"1_El Tiempo y la Manzana\" width=\"640\" height=\"480\" src=\"https:\/\/www.youtube.com\/embed\/6RlLngJGHuA?feature=oembed\" frameborder=\"0\" allow=\"accelerometer; autoplay; clipboard-write; encrypted-media; gyroscope; picture-in-picture; web-share\" referrerpolicy=\"strict-origin-when-cross-origin\" allowfullscreen><\/iframe><br \/>\n<\/br><\/p>\n<p><strong>Resumo do conte\u00fado:<\/strong><br \/>\nO que \u00e9 o tempo? Ningu\u00e9m sabe, mas todos acreditam que seja um \u201cdeus\u201d eterno e imut\u00e1vel; \u00e9 ligado ao dinheiro e \u00e0 d\u00edvida, ao fosso crescente entre poucos ricos e muitos cada vez mais pobres. Todavia, nenhum instrumento o mede \u2018ao vivo\u2019; o tempo \u201cuniversal\u201d \u00e9 calculado com base em uma frequ\u00eancia do C\u00e9sio, um metal imut\u00e1vel no tmpo, enquanto os ritmos dos organismos s\u00e3o m\u00faltiplos e, sobretudo, vari\u00e1veis como os ciclos astron\u00f4micos e at\u00e9 a rota\u00e7\u00e3o da terra, que mudou, em tr\u00eas sucessivos terremotos (Oceano \u00cdndico, Chile e Jap\u00e3o). \u00c9 o fim do mundo? N\u00e3o, \u00e9 o fim da escravid\u00e3o, a consci\u00eancia de que o tempo n\u00e3o \u00e9 um deus, mas um efeito do campo eletromagn\u00e9tico que circunda a terra e que tem a forma de MA\u00c7\u00c3. Poucos meses antes do terremoto de L\u2019Aquila (na It\u00e1lia), a MA\u00c7\u00c3 se cortou e assim podemos finalmente entender o que significa \u201ccomer a ma\u00e7\u00e3\u201d&#8230;<br \/>\n<\/br><\/p>\n<p><strong>Tradu\u00e7\u00e3o integral das legendas do v\u00eddeo para o portugu\u00eas:<\/strong><br \/>\n<\/br><\/p>\n<p>A liberta\u00e7\u00e3o<br \/>\ndo grande engano<br \/>\n<\/br><\/p>\n<p>L\u2019Aquila, 5 de abril de 2009<br \/>\n<\/br><\/p>\n<p>Em 20 segundos, a\u00e7\u00f5es que&#8230;<br \/>\nRequerem bem mais que 20 segundos<br \/>\n<\/br><\/p>\n<p>Para milhares de pessoas, o TEMPO PERCEBIDO<br \/>\nfoi diferente do<br \/>\nTEMPO MEDIDO<br \/>\n<\/br><\/p>\n<p>Desde dezembro de 2008,<br \/>\nfrequentes abalos s\u00edsmicos<br \/>\n<\/br><\/p>\n<p>Terra<br \/>\ncorte gigante no campo magn\u00e9tico terrestre<br \/>\n10 vezes maior de quanto se podia imaginar<br \/>\n<\/br><\/p>\n<p>Poucas horas antes, um Flash Gama.<br \/>\nOs terremotos podem ser previstos?<br \/>\n<\/br><\/p>\n<p>Os colapsos financeiros?<br \/>\nPrevistos.<br \/>\nE as guerras?<br \/>\nProgramadas.<br \/>\n<\/br><\/p>\n<p>Na base dos eventos, h\u00e1 sempre&#8230;<br \/>\no mesmo \u201cmist\u00e9rio\u201d:<br \/>\no tempo<br \/>\n<\/br><\/p>\n<p>O que \u00e9 o tempo?<br \/>\nNingu\u00e9m sabe, mas todos acreditam que \u00e9<br \/>\num \u201cdeus\u201d \u00fanico e imut\u00e1vel.<br \/>\n<\/br><\/p>\n<p>(Imagem de obra de Goya: Saturno que devora seus filhos)<br \/>\n<\/br><\/p>\n<p>O TEMPO LINEAR \u00e9 um conceito&#8230;<br \/>\njudaico-crist\u00e3o, fundado na B\u00edblia<br \/>\n<\/br><\/p>\n<p>Para as sociedades atuais<br \/>\nO TEMPO \u00e9 DINHEIRO<br \/>\ne a nossa vida, uma corrida contra o tempo<br \/>\n<\/br><\/p>\n<p>8 horas de trabalho +<br \/>\n2 horas de tr\u00e2nsito +<br \/>\nafazeres dom\u00e9sticos<br \/>\n<\/br><\/p>\n<p>Somos seres humanos ou rob\u00f4s?<br \/>\n<\/br><\/p>\n<p>Ligando a d\u00edvida ao<br \/>\ntempo linear<br \/>\nalguns poucos ficaram cada vez mais ricos<br \/>\ne tantos outros cada vez mais pobres<br \/>\n<\/br><\/p>\n<p>Hoje, governos \u201cdemocr\u00e1ticos\u201d<br \/>\ne povos \u201csoberanos\u201d est\u00e3o todos em<br \/>\nd\u00edvida com poucos, grandes bancos<br \/>\n<\/br><\/p>\n<p>escravos dos mercados que<br \/>\noscilam no tempo<br \/>\n<\/br><\/p>\n<p>O que \u00e9 o tempo?<br \/>\nNenhum instrumento o mede \u201cao vivo\u201d<br \/>\nO tempo at\u00f4mico \u201cuniversal\u201d \u00e9 calculado<br \/>\ncom base em um frequ\u00eancia do C\u00e9sio,<br \/>\num metal imut\u00e1vel no tempo,<br \/>\nao passo que o ritmo dos organismos s\u00e3o m\u00faltiplos e vari\u00e1veis.<br \/>\nUm muito r\u00e1pido \u00e9 a concep\u00e7\u00e3o de uma nova vida.<br \/>\nUltra r\u00e1pida tamb\u00e9m \u00e9 a secre\u00e7\u00e3o<br \/>\nhormonal com efeitos muito<br \/>\nmais lentos nos humores e na psique.<br \/>\n(horm\u00f4nio do crescimento)<br \/>\n<\/br><\/p>\n<p>\u201cOs homens s\u00e3o escravos dos metais&#8230;\u201d<br \/>\nPlat\u00e3o (400 a.C.)<br \/>\n<\/br><\/p>\n<p>O que \u00e9 o tempo?<br \/>\nNingu\u00e9m sabe.<br \/>\nEntretanto, \u00e9 f\u00e1cil.<br \/>\nBasta reconhecer a realidade<br \/>\n<\/br><\/p>\n<p>Ningu\u00e9m v\u00ea o tempo<br \/>\nTodos veem:<br \/>\nA\u00e7\u00f5es<br \/>\nRota\u00e7\u00f5es<br \/>\nSpin<br \/>\n<\/br><\/p>\n<p>A sa\u00fade do corpo humano depende da orienta\u00e7\u00e3o dos seus spins nucleares<br \/>\n<\/br><\/p>\n<p>(N. do T.: defini\u00e7\u00e3o \u201cpescada\u201d na net\u201d: Na mec\u00e2nica qu\u00e2ntica o termo spin associa-se, sem rigor, \u00e0s poss\u00edveis orienta\u00e7\u00f5es que part\u00edculas subat\u00f4micas carregadas como pr\u00f3tons, el\u00e9trons e alguns n\u00facleos at\u00f3micos podem apresentar quando imersas em um campo magn\u00e9tico. Spin Nuclear \u00e9 o spin associado ao n\u00facleo, spin eletr\u00f4nico \u00e9 o spin associado ao el\u00e9tron.)<br \/>\n<\/br><\/p>\n<p>ritmos fisiol\u00f3gicos vari\u00e1veis<br \/>\nligados aos ritmos astron\u00f4micos<br \/>\nritmos mais intensos no instante que&#8230; une os amantes.<br \/>\n<\/br><\/p>\n<p>O spin da superf\u00edcie terrestre<br \/>\ngera o nosso dia<br \/>\n<\/br><\/p>\n<p>27 de dezembro de 2004<br \/>\nO maremoto 9.1 no Oceano \u00cdndico&#8230;<br \/>\nacelerou o spin da superf\u00edcie terrestre<br \/>\ne encolheu o nosso dia<br \/>\n<\/br><\/p>\n<p>2 de mar\u00e7o de 2010<br \/>\nCom o terremoto 8.8 no Chile&#8230;<br \/>\num segundo salto de spin que<br \/>\nmodificou tamb\u00e9m a sua inclina\u00e7\u00e3o<br \/>\n11 de mar\u00e7o de 2011<br \/>\n<\/br><\/p>\n<p>Com o terremoto 8.9 no Jap\u00e3o&#8230;<br \/>\nUm terceiro salto de spin<br \/>\n<\/br><\/p>\n<p>\u00c9 o fim do mundo?<br \/>\nN\u00e3o, \u00e9 o fim de uma escravid\u00e3o&#8230;<br \/>\n\u00c9 a evid\u00eancia de que o TEMPO LINEAR,<br \/>\ncultivado por igrejas e<br \/>\nmercados,<br \/>\ncontrolado pelas Ci\u00eancias do Espa\u00e7o<br \/>\n\u00e9 criado pelo campo eletromagn\u00e9tico.<br \/>\nAquilo que nos envolve<br \/>\n\u00e9 como uma<br \/>\nMA\u00c7\u00c3<br \/>\nque depende da geometria.<br \/>\n<\/br><\/p>\n<p>(Einstein indica o tensor de Riemann ligado \u00e0 geometria)<br \/>\n<\/br><\/p>\n<p>Assim, o corte gigante da magnetosfera<br \/>\npode desvendar o que significa<br \/>\n\u201ccomer a ma\u00e7a\u201d.<br \/>\n<\/br><\/p>\n<p>Essa \u201cMA\u00c7\u00c3\u201d enclausura duas telas de plasma com cargas opostas, portanto, um campo eletromagn\u00e9tico bipolar ligado ao passado<br \/>\nUma ilus\u00e3o de \u00f3tica<br \/>\n\u201cComer a ma\u00e7a\u201d \u00e9 acreditar num passado inventado,<br \/>\nIGNORAR que o futuro j\u00e1 existe,<br \/>\ncomo mostram as teorias<br \/>\ne testemunham os s\u00e1bios.<br \/>\n<\/br><\/p>\n<p><strong>\u201cSe essa ci\u00eancia, que tantas vantagens trar\u00e1 \u00e0 humanidade,<br \/>\nn\u00e3o encontrar o significado humano<br \/>\ndas pr\u00f3prias descobertas,<br \/>\nse voltar\u00e1 contra a humanidade.\u201d<br \/>\nGiordano Bruno 1548-1600<\/strong><\/p>\n","protected":false},"excerpt":{"rendered":"<p>&#8220;O tempo e a ma\u00e7\u00e3&#8221; V\u00eddeo-apresenta\u00e7\u00e3o por Giuliana Conforto, astrof\u00edsica e professora de mec\u00e2nica cl\u00e1ssica e mec\u00e2nica qu\u00e2ntica Fonte: http:\/\/www.giulianaconforto.it\/ O v\u00eddeo est\u00e1 dispon\u00edvel no site da autora no original italiano e em espanhol, ingl\u00eas e alem\u00e3o. Tradu\u00e7\u00e3o das legendas para o portugu\u00eas: Mario S. Mieli \u201cSe essa ci\u00eancia, que tantas vantagens trar\u00e1 \u00e0 humanidade, [&hellip;]<\/p>\n","protected":false},"author":1,"featured_media":0,"comment_status":"open","ping_status":"open","sticky":false,"template":"","format":"standard","meta":{"footnotes":""},"categories":[5,9],"tags":[1106,403,1101,95,1105,1102,1103,1104],"class_list":["post-2007","post","type-post","status-publish","format-standard","hentry","category-biodiversidade-imediata","category-lance-de-dados","tag-campo-eletromagnetico","tag-giordano-bruno","tag-giuliana-conforto","tag-mario-s-mieli","tag-o-grande-engano","tag-o-tempo-e-a-maca","tag-o-tempo-linear","tag-os-varios-tempos-organicos"],"_links":{"self":[{"href":"https:\/\/imediata.org\/index.php?rest_route=\/wp\/v2\/posts\/2007","targetHints":{"allow":["GET"]}}],"collection":[{"href":"https:\/\/imediata.org\/index.php?rest_route=\/wp\/v2\/posts"}],"about":[{"href":"https:\/\/imediata.org\/index.php?rest_route=\/wp\/v2\/types\/post"}],"author":[{"embeddable":true,"href":"https:\/\/imediata.org\/index.php?rest_route=\/wp\/v2\/users\/1"}],"replies":[{"embeddable":true,"href":"https:\/\/imediata.org\/index.php?rest_route=%2Fwp%2Fv2%2Fcomments&post=2007"}],"version-history":[{"count":2,"href":"https:\/\/imediata.org\/index.php?rest_route=\/wp\/v2\/posts\/2007\/revisions"}],"predecessor-version":[{"id":2009,"href":"https:\/\/imediata.org\/index.php?rest_route=\/wp\/v2\/posts\/2007\/revisions\/2009"}],"wp:attachment":[{"href":"https:\/\/imediata.org\/index.php?rest_route=%2Fwp%2Fv2%2Fmedia&parent=2007"}],"wp:term":[{"taxonomy":"category","embeddable":true,"href":"https:\/\/imediata.org\/index.php?rest_route=%2Fwp%2Fv2%2Fcategories&post=2007"},{"taxonomy":"post_tag","embeddable":true,"href":"https:\/\/imediata.org\/index.php?rest_route=%2Fwp%2Fv2%2Ftags&post=2007"}],"curies":[{"name":"wp","href":"https:\/\/api.w.org\/{rel}","templated":true}]}}