{"id":1929,"date":"2012-06-27T15:15:52","date_gmt":"2012-06-27T15:15:52","guid":{"rendered":"http:\/\/imediata.org\/?p=1929"},"modified":"2012-06-27T15:20:49","modified_gmt":"2012-06-27T15:20:49","slug":"holocausto-midiatico-uma-nuvem-de-loucura-por-ernesto-celestini","status":"publish","type":"post","link":"https:\/\/imediata.org\/?p=1929","title":{"rendered":">> Holocausto midi\u00e1tico &#8211; &#8220;Uma nuvem de loucura&#8221;, por Ernesto Celestini"},"content":{"rendered":"<p><\/br><br \/>\n<strong>Holocausto midi\u00e1tico &#8211; &#8220;Uma nuvem de loucura&#8221; <\/strong><br \/>\n<\/br><br \/>\n<strong>A grande fraude \u00e9 a ilus\u00e3o de liberdade e pot\u00eancia que se prova navegando na rede, mas somos s\u00f3 atores desempenhando um papel dentro dela.<\/strong><br \/>\n<\/br><br \/>\n<strong><br \/>\nPor: Ernesto Celestini<br \/>\nFonte: <a href=\"http:\/\/www.peacelink.it\/sociale\/a\/36486.html\">peacelink.it<\/a><br \/>\nTradu\u00e7\u00e3o: Mario S. Mieli<\/strong><br \/>\n<\/br><br \/>\n<a href=\"http:\/\/imediata.org\/wp-content\/uploads\/2012\/06\/lenti-a-contatto-a-ragnatela.jpg\"><img loading=\"lazy\" decoding=\"async\" src=\"http:\/\/imediata.org\/wp-content\/uploads\/2012\/06\/lenti-a-contatto-a-ragnatela.jpg\" alt=\"\" title=\"lenti-a-contatto-a-ragnatela\" width=\"586\" height=\"345\" class=\"alignright size-full wp-image-1930\" srcset=\"https:\/\/imediata.org\/wp-content\/uploads\/2012\/06\/lenti-a-contatto-a-ragnatela.jpg 586w, https:\/\/imediata.org\/wp-content\/uploads\/2012\/06\/lenti-a-contatto-a-ragnatela-300x176.jpg 300w\" sizes=\"auto, (max-width: 586px) 100vw, 586px\" \/><\/a><br \/>\n<\/br><br \/>\nParece que vivemos numa daquelas atmosferas m\u00e1gicas para as quais \u00e9ramos transportados atrav\u00e9s das palavras das f\u00e1bulas que ouv\u00edamos quando crian\u00e7as, e que s\u00f3 alguns artistas inspirados conseguiram expressar com palavras ou imagens.<br \/>\n<\/br><\/p>\n<p>Parece que caminhamos suspensos no ar, pousando os p\u00e9s em algo suave, mas que, inexplicavelmente, consegue nos sustentar; ao redor de n\u00f3s sentimos a presen\u00e7a de corpos e pessoas que est\u00e3o muito pr\u00f3ximas e que poder\u00edamos quase tocar, mas que vemos desfocadas.<br \/>\n<\/br><\/p>\n<p>T\u00e3o desfocadas que n\u00e3o conseguimos entender se a nossa presen\u00e7a neste mundo atenuado seja fruto de um torpor numa cabe\u00e7a vazia de pensamentos, ou o prolongar-se de um momento de estupor que nos faz hesitar como se perceb\u00eassemos um perigo iminente, mas ainda confuso.<br \/>\n<\/br><br \/>\n<a href=\"http:\/\/imediata.org\/wp-content\/uploads\/2012\/06\/IMG_ART_AlboPress.jpg\"><img loading=\"lazy\" decoding=\"async\" src=\"http:\/\/imediata.org\/wp-content\/uploads\/2012\/06\/IMG_ART_AlboPress.jpg\" alt=\"\" title=\"IMG_ART_AlboPress\" width=\"400\" height=\"292\" class=\"alignright size-full wp-image-1937\" srcset=\"https:\/\/imediata.org\/wp-content\/uploads\/2012\/06\/IMG_ART_AlboPress.jpg 400w, https:\/\/imediata.org\/wp-content\/uploads\/2012\/06\/IMG_ART_AlboPress-300x219.jpg 300w\" sizes=\"auto, (max-width: 400px) 100vw, 400px\" \/><\/a><br \/>\n<\/br><\/p>\n<p>\u00c9 um estado antinatural aquele que estamos vivendo hoje, em um mundo que, depois de 30.000 anos de hist\u00f3ria sonolenta, durante os quais a evolu\u00e7\u00e3o das ideias e o progresso da consci\u00eancia t\u00e9cnica se produziram de m\u00e3os dadas, subitamente, verificou-se uma acelera\u00e7\u00e3o fren\u00e9tica da evolu\u00e7\u00e3o dos meios t\u00e9cnicos com que convivemos e de que, agora, de repente, dependemos.<br \/>\n<\/br><\/p>\n<p>Mas isso n\u00e3o seria de forma nenhuma um problema, pelo contr\u00e1rio, deveria permitir uma melhor qualidade de vida e uma simplifica\u00e7\u00e3o do trabalho humano, exceto que a acelera\u00e7\u00e3o que a t\u00e9cnica sofreu n\u00e3o foi acompanhada e apoiada por uma evolu\u00e7\u00e3o do pensamento igualmente r\u00e1pida. Pelo contr\u00e1rio, o  pensamento do ser humano est\u00e1 se tornando mais let\u00e1rgico, tende a acomodar-se e a procurar colabora\u00e7\u00e3o para desenvolver qualquer nova ideia e resulta cada vez mais essencial o uso de sistemas inform\u00e1ticos para se projetar qualquer intui\u00e7\u00e3o no mundo real.<br \/>\n<\/br><br \/>\n<a href=\"http:\/\/imediata.org\/wp-content\/uploads\/2012\/06\/narciso_e_pc-1c487.jpg\"><img loading=\"lazy\" decoding=\"async\" src=\"http:\/\/imediata.org\/wp-content\/uploads\/2012\/06\/narciso_e_pc-1c487.jpg\" alt=\"\" title=\"narciso_e_pc-1c487\" width=\"295\" height=\"335\" class=\"alignright size-full wp-image-1931\" srcset=\"https:\/\/imediata.org\/wp-content\/uploads\/2012\/06\/narciso_e_pc-1c487.jpg 295w, https:\/\/imediata.org\/wp-content\/uploads\/2012\/06\/narciso_e_pc-1c487-264x300.jpg 264w\" sizes=\"auto, (max-width: 295px) 100vw, 295px\" \/><\/a><br \/>\n<\/br><\/p>\n<p>Lembro de como era complicado, faz apenas poucos anos, procurar analisar alguns dados, recuperados dos escritos cont\u00e1beis anotados com um m\u00e1quina de escrever ou a m\u00e3o, para preparar o  or\u00e7amento de um balancete e como era dif\u00edcil estimar corretamente a evolu\u00e7\u00e3o das vendas, do mercado, do trabalho, das despesas correntes e dos investimentos. De repente, em poucos anos, come\u00e7amos a preencher os sistemas inform\u00e1ticos com as nossas informa\u00e7\u00f5es e hoje, na mesma situa\u00e7\u00e3o de previs\u00e3o de um balancete, qualquer intui\u00e7\u00e3o de um bom empreendedor \u00e9 \u201cavaliada\u201d segundo as proje\u00e7\u00f5es de um sistema inform\u00e1tico.<br \/>\n<\/br><\/p>\n<p>Em poucas palavras, hoje somos todos mais \u201castutozinhos\u201d, mas n\u00e3o h\u00e1 espa\u00e7o para quem destoa, \u00e9 a inform\u00e1tica que tem sempre a \u00faltima palavra. Nada de mais simples, portanto, para nos remover todas as d\u00favidas que desde sempre t\u00eam  importunado nossos circuitos mentais, que aqueles mais racionais de um circuito inform\u00e1tico.<br \/>\n<\/br><\/p>\n<p>Exceto que: um computador deve ser definido com todos os requisitos necess\u00e1rios para avaliar corretamente e dar a resposta certa, porque qualquer resultado de um computador \u00e9 sempre funcional aos sistemas de avalia\u00e7\u00e3o que foram estabelecidos, de modo que, por defini\u00e7\u00e3o: o computador \u00e9 parcial. Quem elabora o sistema e insere ou define a inser\u00e7\u00e3o de dados \u00e9 um ser humano e qualquer esquecimento, um erro nas f\u00f3rmulas ou a falta de atualiza\u00e7\u00e3o autom\u00e1tica de alguns par\u00e2metros, podem falsear um resultado apresentado e aceito como indiscut\u00edvel.<br \/>\n<\/br><\/p>\n<p>Tudo isso para dizer, simplesmente, que a evolu\u00e7\u00e3o das ideias sempre teve tempos muito mais lentos que os tempos das a\u00e7\u00f5es, as ideias, as filos\u00f3ficas s\u00e3o as respostas que o homem sempre procurou dar \u00e0s suas d\u00edvidas rec\u00f4nditas, ancestrais, e que come\u00e7ou a explicar reconhecendo-se como uma pequen\u00edssima parte da natureza, a quem devia respeito e devo\u00e7\u00e3o e, depois, com as suas primeiras cren\u00e7as religiosas que  juntaram desde sempre, mesmo que por meio de formas evolutivas diferentes, todas as popula\u00e7\u00f5es.<br \/>\n<\/br><\/p>\n<p>Mas o racioc\u00ednio do ser humano, em qualquer lugar do mundo, em qualquer religi\u00e3o e em qualquer filosofia, expressou poucas formas de Estado social e todas desembocando, todavia, em um sistema hier\u00e1rquico baseadas nas capacidades e na \u00e9tica de quem \u00e9 comandado para governar.<br \/>\n<\/br><br \/>\n<a href=\"http:\/\/imediata.org\/wp-content\/uploads\/2012\/06\/prensa-manipulada.jpg\"><img loading=\"lazy\" decoding=\"async\" src=\"http:\/\/imediata.org\/wp-content\/uploads\/2012\/06\/prensa-manipulada.jpg\" alt=\"\" title=\"prensa-manipulada\" width=\"255\" height=\"150\" class=\"alignright size-full wp-image-1932\" \/><\/a><br \/>\n<\/br><\/p>\n<p>Desde quando a hist\u00f3ria passou a ser documentada, vemos que as v\u00e1rias civiliza\u00e7\u00f5es nasceram, se desenvolveram e deca\u00edram por m\u00e9rito ou por culpa de quem encabe\u00e7ava o Estado, por motivos religiosos ou por excessivo relaxamento dos costumes do povo. Sempre houve um mau conselheiro, uma conspira\u00e7\u00e3o palaciana, um imperador louco ou um fara\u00f3 vision\u00e1rio, mas hoje estamos assistindo a uma nova experi\u00eancia de \u201cmanipula\u00e7\u00e3o da opini\u00e3o p\u00fablica com um uso pol\u00edtico impr\u00f3prio e subliminal de sistemas de marketing e de psicologia das massas\u201d.<br \/>\n<\/br><\/p>\n<p>Essa \u00e9 uma verdadeira revolu\u00e7\u00e3o cultural, muito mais perigosa daquela promovida pelo \u201clivro vermelho de Mao\u201d, porque coloca sem viol\u00eancia e sem coer\u00e7\u00e3o, mas s\u00f3 com uma insidiosa e cont\u00ednua presen\u00e7a e repetitividade de informa\u00e7\u00f5es para transmitir como \u201cnot\u00edcias para t\u00edtulos\u201d de modo partid\u00e1rio, com pequenas omiss\u00f5es e com \u00eanfases em particulares menores, quase minimizando o verdadeiro conte\u00fado da not\u00edcia que poderia ter um impacto real sobre a sociedade ou sobre as escolhas da pol\u00edtica e da democracia, ou sobre a dire\u00e7\u00e3o da ecologia ou dos comportamentos em tempos de paz e na guerra.<br \/>\n<\/br><\/p>\n<p>Estamos vivendo uma mudan\u00e7a radical do nosso modo de viver, estamos de posse de instrumentos tecnol\u00f3gicos que permitem a qualquer um de n\u00f3s comunicar instantaneamente com o mundo todo na rede, podemos receber em tempo real imagens, not\u00edcias e vozes que nos fazem viver os eventos de modo contempor\u00e2neo, mas nunca estivemos t\u00e3o sozinhos e t\u00e3o distantes do nosso pr\u00f3ximo.<br \/>\n<\/br><\/p>\n<p>Ficamos cada vez mais fechados em nossos quartos trabalhando em \u201ctrabalhos de equipe\u201d ou em \u201cChamadas em confer\u00eancia\u201d com todos os nossos colegas e sempre menos sa\u00edmos para tomar um cafezinho juntos. Nos indignamos e protestamos junto com todos os nossos amigos no Facebook e algu\u00e9m manda tamb\u00e9m mensagens pelo Twitter para se sentir participando de um movimento cultural, iludindo-se de tentar mudar o mundo.<br \/>\n<\/br><br \/>\n<a href=\"http:\/\/imediata.org\/wp-content\/uploads\/2012\/06\/facebook2.jpg\"><img loading=\"lazy\" decoding=\"async\" src=\"http:\/\/imediata.org\/wp-content\/uploads\/2012\/06\/facebook2.jpg\" alt=\"\" title=\"facebook2\" width=\"410\" height=\"374\" class=\"alignright size-full wp-image-1933\" srcset=\"https:\/\/imediata.org\/wp-content\/uploads\/2012\/06\/facebook2.jpg 410w, https:\/\/imediata.org\/wp-content\/uploads\/2012\/06\/facebook2-300x273.jpg 300w\" sizes=\"auto, (max-width: 410px) 100vw, 410px\" \/><\/a><br \/>\n<\/br><br \/>\nMas n\u00e3o percebemos que s\u00f3 fazemos parte de uma soberba equipe de futebol de v\u00e1rzea, que sabe jogar bem e divertir um p\u00fablico que aplaude satisfeito, mas que nunca ter\u00e1 o dinheiro suficiente pra chegar a jogar em um campeonato nacional, onde qualquer advers\u00e1rio ganha e gasta milh\u00f5es e tem at\u00e9 patroc\u00ednio, subven\u00e7\u00f5es estatais e imprensa amiga.<br \/>\n<\/br><\/p>\n<p>E aqui est\u00e1 a grande fraude, a ilus\u00e3o de liberdade oferecida pela rede, que faz todos se sentirem no centro de um mundo virtual. Ca\u00edmos numa grande teia de aranha que foi concebida para que bilh\u00f5es de pessoas sentissem um sentido de omnipot\u00eancia midi\u00e1tica, anestesiando-as com uma quantidade de informa\u00e7\u00f5es f\u00e1ceis de serem recebidas e quase todas gr\u00e1tis, e dando-nos a possibilidade de compartilh\u00e1-las imediatamente com todos (aqueles poucos que definimos como amigos).<br \/>\n<\/br><\/p>\n<p>Tecnicamente, todos t\u00eam a possibilidade de mobilizar a rede para criar uma opini\u00e3o p\u00fablica capaz de influenciar as escolhas pol\u00edticas que dever\u00e3o ser funcionais \u00e0 vontade de todos aqueles que expressaram sua opini\u00e3o na rede.<br \/>\n<\/br><\/p>\n<p>Praticamente, por\u00e9m, devemos voltar \u00e0 met\u00e1fora das equipes de futebol de v\u00e1rzea para compreender que nunca conseguiremos nos confrontar de igual para igual com aqueles que, usando os nossos mesmos instrumentos, t\u00eam o apoio de toda a for\u00e7a oculta de seus patrocinadores para esmagar facilmente quem quer que coloque em d\u00favida as regras do jogo.<br \/>\n<\/br><\/p>\n<p>A grande ilus\u00e3o foi aquela de acreditar que, como somos muitos, n\u00e3o ficar\u00edamos fechados na nossa solid\u00e3o, mas \u00e9 aqui que se percebe a verdadeira dist\u00e2ncia que se criou entre as ideias e a tecnologia, \u00e9 nesse ponto que \u00e9 preciso achar um modo que permita ao ser humano retomar o controle do pensamento, da informa\u00e7\u00e3o, da economia.<br \/>\n<\/br><\/p>\n<p>Tentemos fazer um jogo que, talvez, muitos j\u00e1 viram ser proposto em algum curso de treinamento profissional: estamos em outro planeta e observamos o que acontece na terra, em grandes linhas, sem particulares, sem partidarismos. Vemos movimentos de mercadorias que s\u00e3o deslocadas de um lugar a outro para depois voltarem ao lugar de onde partiram. Vemos serem cultivadas e crescidas quantidades de g\u00eaneros alimentares superiores \u00e0s reais necessidades e que, uma parte \u00e9 destru\u00edda, embora um quarto da popula\u00e7\u00e3o passe fome. Vemos empreendedores e altos funcion\u00e1rios p\u00fablicos reunidos para debater como achar uma solu\u00e7\u00e3o para os obst\u00e1culos burocr\u00e1ticos que eles mesmos inventaram para satisfazer os lobbies que os financiaram. Vemos rios, montanhas, geleiras e florestas que est\u00e3o desaparecendo sob nuvens de gases t\u00f3xicos, enquanto n\u00e3o se utilizam os recursos energ\u00e9ticos n\u00e3o poluentes do sol e do vento.<br \/>\n<\/br><br \/>\n<a href=\"http:\/\/imediata.org\/wp-content\/uploads\/2012\/06\/images1.jpeg\"><img loading=\"lazy\" decoding=\"async\" src=\"http:\/\/imediata.org\/wp-content\/uploads\/2012\/06\/images1.jpeg\" alt=\"\" title=\"images\" width=\"275\" height=\"183\" class=\"alignright size-full wp-image-1934\" \/><\/a><br \/>\n<\/br><\/p>\n<p>\u00c9 essa a foto (e algu\u00e9m ter\u00e1 a faculdade de defini-la arbitr\u00e1ria ou, conforme a escolha, populista) do nosso planeta, visto de fora.<br \/>\n<\/br><\/p>\n<p>Toda a nossa \u201cintelligentsia pol\u00edtica e econ\u00f4mica\u201d se precipita para achar solu\u00e7\u00f5es a problemas que n\u00e3o existem, justamente porque se insiste em fazer funcionar certos sistemas que n\u00e3o t\u00eam qualquer motivo de existir, a n\u00e3o ser obter mesquinhas vantagens \u00e0queles que os gerenciam.<br \/>\n<\/br><\/p>\n<p>Quem sabe o que pensaria um ser alien\u00edgena e inexperiente das quest\u00f5es da terra quando nos ouve falar, n\u00e3o do superaquecimento terrestre, n\u00e3o do bilh\u00e3o de pessoas que sofrem de sede a cada dia, n\u00e3o das pessoas desempregadas porque foram expulsas do sistema produtivo, n\u00e3o dos milh\u00f5es de pessoas que n\u00e3o trabalham porque \u00e9 mais conveniente investir na bolsa que nas ind\u00fastrias, n\u00e3o as guerras feitas para aumentar o PNB mas, incompreensivelmente, de palavras abstratas e vazias como derivativos e finan\u00e7as.<br \/>\n<\/br><\/p>\n<p>Como pode um ser racional e n\u00e3o contagiado por uma informa\u00e7\u00e3o invasiva e deformante compreender que o mundo ocidental est\u00e1 para implodir porque inventou um sistema financeiro capaz de vender infinitas vezes a promessa de um cr\u00e9dito, garantida por outras promessas de cr\u00e9dito, baseadas no capital de uma empresa que vale centenas ou milhares de vezes menos que o volume dos t\u00edtulos emitidos?<br \/>\n<\/br><\/p>\n<p>\u00c9 simplesmente loucura pensar que poderemos sair dessa enorme fraude em que ca\u00edmos, sem condenar com penas severas quem as provocou, mas \u00e9 um insulto apresentar a conta desse holocausto midi\u00e1tico e financeiro \u00e0s v\u00edtimas e n\u00e3o aos r\u00e9us.<br \/>\n<\/br><br \/>\n<a href=\"http:\/\/imediata.org\/wp-content\/uploads\/2012\/06\/olocausto1.jpg\"><img loading=\"lazy\" decoding=\"async\" src=\"http:\/\/imediata.org\/wp-content\/uploads\/2012\/06\/olocausto1.jpg\" alt=\"\" title=\"olocausto1\" width=\"261\" height=\"230\" class=\"alignright size-full wp-image-1935\" \/><\/a><br \/>\n<\/br><\/p>\n","protected":false},"excerpt":{"rendered":"<p>Holocausto midi\u00e1tico &#8211; &#8220;Uma nuvem de loucura&#8221; A grande fraude \u00e9 a ilus\u00e3o de liberdade e pot\u00eancia que se prova navegando na rede, mas somos s\u00f3 atores desempenhando um papel dentro dela. Por: Ernesto Celestini Fonte: peacelink.it Tradu\u00e7\u00e3o: Mario S. Mieli Parece que vivemos numa daquelas atmosferas m\u00e1gicas para as quais \u00e9ramos transportados atrav\u00e9s das [&hellip;]<\/p>\n","protected":false},"author":1,"featured_media":0,"comment_status":"open","ping_status":"open","sticky":false,"template":"","format":"standard","meta":{"footnotes":""},"categories":[68,81,9,82],"tags":[1070,932,95,1067,1069,1071,1068],"class_list":["post-1929","post","type-post","status-publish","format-standard","hentry","category-dossie-queda-da-rua-do-muro","category-imediartivismo","category-lance-de-dados","category-midia_corporativa","tag-a-grande-fraude","tag-ernesto-celestini","tag-mario-s-mieli","tag-midia","tag-rede","tag-sistema-de-poder-e-controle","tag-solidao"],"_links":{"self":[{"href":"https:\/\/imediata.org\/index.php?rest_route=\/wp\/v2\/posts\/1929","targetHints":{"allow":["GET"]}}],"collection":[{"href":"https:\/\/imediata.org\/index.php?rest_route=\/wp\/v2\/posts"}],"about":[{"href":"https:\/\/imediata.org\/index.php?rest_route=\/wp\/v2\/types\/post"}],"author":[{"embeddable":true,"href":"https:\/\/imediata.org\/index.php?rest_route=\/wp\/v2\/users\/1"}],"replies":[{"embeddable":true,"href":"https:\/\/imediata.org\/index.php?rest_route=%2Fwp%2Fv2%2Fcomments&post=1929"}],"version-history":[{"count":3,"href":"https:\/\/imediata.org\/index.php?rest_route=\/wp\/v2\/posts\/1929\/revisions"}],"predecessor-version":[{"id":1939,"href":"https:\/\/imediata.org\/index.php?rest_route=\/wp\/v2\/posts\/1929\/revisions\/1939"}],"wp:attachment":[{"href":"https:\/\/imediata.org\/index.php?rest_route=%2Fwp%2Fv2%2Fmedia&parent=1929"}],"wp:term":[{"taxonomy":"category","embeddable":true,"href":"https:\/\/imediata.org\/index.php?rest_route=%2Fwp%2Fv2%2Fcategories&post=1929"},{"taxonomy":"post_tag","embeddable":true,"href":"https:\/\/imediata.org\/index.php?rest_route=%2Fwp%2Fv2%2Ftags&post=1929"}],"curies":[{"name":"wp","href":"https:\/\/api.w.org\/{rel}","templated":true}]}}