{"id":1924,"date":"2012-06-26T20:04:47","date_gmt":"2012-06-26T20:04:47","guid":{"rendered":"http:\/\/imediata.org\/?p=1924"},"modified":"2012-06-26T20:04:47","modified_gmt":"2012-06-26T20:04:47","slug":"discurso-de-evo-morales-presidente-da-bolivia-na-rio20","status":"publish","type":"post","link":"https:\/\/imediata.org\/?p=1924","title":{"rendered":">> Discurso de Evo Morales, presidente da Bol\u00edvia, na Rio+20"},"content":{"rendered":"<p><strong>Discurso de Evo Morales, presidente da Bol\u00edvia, na Rio+20, em 21 de junho de 2012<\/strong><br \/>\n<\/br><br \/>\n<strong>Evo Morales: Destac\u00f3 vigencia de las palabras de Fidel Castro, en Cumbre R\u00edo+20<\/strong><br \/>\n<iframe loading=\"lazy\" title=\"Evo Morales: Destac\u00f3 vigencia de las palabras de Fidel Castro, en Cumbre R\u00edo+20\" width=\"640\" height=\"480\" src=\"https:\/\/www.youtube.com\/embed\/C8b51h_e4Y0?feature=oembed\" frameborder=\"0\" allow=\"accelerometer; autoplay; clipboard-write; encrypted-media; gyroscope; picture-in-picture; web-share\" referrerpolicy=\"strict-origin-when-cross-origin\" allowfullscreen><\/iframe><br \/>\n<\/br><br \/>\n<strong>\u201cO capitalismo n\u00e3o \u00e9 uma solu\u00e7\u00e3o, sinto muito que esteja sendo dado seguimento \u00e0 chamada economia verde, visto que essa \u00e9 o novo colonialismo, para submeter os povos e os governos anti-imperialistas e anticapitalistas, por isso vos exorto a refletir para o bem das futuras gera\u00e7\u00f5es, se quisermos passar \u00e0 hist\u00f3ria e se quisermos que este evento seja importante, n\u00e3o temos outra alternativa: devemos aprovar um documento que permita por fim \u00e0s pol\u00edticas econ\u00f4micas, ecol\u00f3gicas e sociais que est\u00e3o lavando o mundo \u00e0 destrui\u00e7\u00e3o da humanidade.\u201d <\/strong><\/p>\n","protected":false},"excerpt":{"rendered":"<p>Discurso de Evo Morales, presidente da Bol\u00edvia, na Rio+20, em 21 de junho de 2012 Evo Morales: Destac\u00f3 vigencia de las palabras de Fidel Castro, en Cumbre R\u00edo+20 \u201cO capitalismo n\u00e3o \u00e9 uma solu\u00e7\u00e3o, sinto muito que esteja sendo dado seguimento \u00e0 chamada economia verde, visto que essa \u00e9 o novo colonialismo, para submeter os [&hellip;]<\/p>\n","protected":false},"author":1,"featured_media":0,"comment_status":"open","ping_status":"open","sticky":false,"template":"","format":"standard","meta":{"footnotes":""},"categories":[5,9],"tags":[1062,809],"class_list":["post-1924","post","type-post","status-publish","format-standard","hentry","category-biodiversidade-imediata","category-lance-de-dados","tag-conferencia-de-evo-morales-na-rio20","tag-evo-morales"],"_links":{"self":[{"href":"https:\/\/imediata.org\/index.php?rest_route=\/wp\/v2\/posts\/1924","targetHints":{"allow":["GET"]}}],"collection":[{"href":"https:\/\/imediata.org\/index.php?rest_route=\/wp\/v2\/posts"}],"about":[{"href":"https:\/\/imediata.org\/index.php?rest_route=\/wp\/v2\/types\/post"}],"author":[{"embeddable":true,"href":"https:\/\/imediata.org\/index.php?rest_route=\/wp\/v2\/users\/1"}],"replies":[{"embeddable":true,"href":"https:\/\/imediata.org\/index.php?rest_route=%2Fwp%2Fv2%2Fcomments&post=1924"}],"version-history":[{"count":1,"href":"https:\/\/imediata.org\/index.php?rest_route=\/wp\/v2\/posts\/1924\/revisions"}],"predecessor-version":[{"id":1925,"href":"https:\/\/imediata.org\/index.php?rest_route=\/wp\/v2\/posts\/1924\/revisions\/1925"}],"wp:attachment":[{"href":"https:\/\/imediata.org\/index.php?rest_route=%2Fwp%2Fv2%2Fmedia&parent=1924"}],"wp:term":[{"taxonomy":"category","embeddable":true,"href":"https:\/\/imediata.org\/index.php?rest_route=%2Fwp%2Fv2%2Fcategories&post=1924"},{"taxonomy":"post_tag","embeddable":true,"href":"https:\/\/imediata.org\/index.php?rest_route=%2Fwp%2Fv2%2Ftags&post=1924"}],"curies":[{"name":"wp","href":"https:\/\/api.w.org\/{rel}","templated":true}]}}