{"id":1894,"date":"2012-06-24T16:43:45","date_gmt":"2012-06-24T16:43:45","guid":{"rendered":"http:\/\/imediata.org\/?p=1894"},"modified":"2012-06-24T16:59:48","modified_gmt":"2012-06-24T16:59:48","slug":"marktplatz-uber-alles-litania-da-mais-valia-dia-blog-lica-por-artur-damaru","status":"publish","type":"post","link":"https:\/\/imediata.org\/?p=1894","title":{"rendered":">> MARKTPLATZ \u00dcBER ALLES-LITANIA DA MAIS-VALIA DIA-BLOG-LICA, por Artur d&#8217;Amaru"},"content":{"rendered":"<p><\/br><br \/>\n<strong>MARKTPLATZ \u00dcBER ALLES*<br \/>\nLITANIA DA MAIS-VALIA  DIA-BLOG-LICA<\/strong><br \/>\n<\/br><br \/>\n<strong>Auto de m\u00e1 f\u00e9 de Artur d\u2019Amaru<br \/>\nem desomenagem a todas as TecnoKracias e<br \/>\nEx-colas de Aberra\u00e7\u00e3o de Empresas do Plan\u2026eta-terra!<\/strong><br \/>\n<\/br><br \/>\n<a href=\"http:\/\/imediata.org\/wp-content\/uploads\/2012\/06\/Judging-Van-Eycks-Last-Judgment-BOTTOM-1420-25-NY-MMA2.jpg\"><img loading=\"lazy\" decoding=\"async\" src=\"http:\/\/imediata.org\/wp-content\/uploads\/2012\/06\/Judging-Van-Eycks-Last-Judgment-BOTTOM-1420-25-NY-MMA2-547x1024.jpg\" alt=\"\" title=\"Judging-Van Eycks - Last Judgment-BOTTOM - 1420-25 NY-MMA\" width=\"547\" height=\"1024\" class=\"alignright size-large wp-image-1899\" srcset=\"https:\/\/imediata.org\/wp-content\/uploads\/2012\/06\/Judging-Van-Eycks-Last-Judgment-BOTTOM-1420-25-NY-MMA2-547x1024.jpg 547w, https:\/\/imediata.org\/wp-content\/uploads\/2012\/06\/Judging-Van-Eycks-Last-Judgment-BOTTOM-1420-25-NY-MMA2-160x300.jpg 160w\" sizes=\"auto, (max-width: 547px) 100vw, 547px\" \/><\/a><br \/>\n<strong>Jan Van Eyck &#8211; O Ju\u00edzo Universal &#8211; detalhe &#8211; Metropolitan Museum of Art<\/strong><br \/>\n<\/br><\/p>\n<p>O diabo estava deprimido. Apesar de todas as malevol\u00eancias de todas as mil\u00edcias infernais, a quintess\u00eancia do mal tinha sido ultrapassada de muito por grupos de humanoides convictos em adorar um falso deus ainda mais maligno, ao qual chamavam MERCADOS.<br \/>\n<\/br><\/p>\n<p>*Nota explicativa: Artur d\u2019Amaru gostaria de enfatizar que, apesar do t\u00edtulo da litania ser em l\u00edngua alem\u00e3, n\u00e3o \u00e9 a Alemanha a verdadeira central de emana\u00e7\u00e3o do poder imperial do IV Reich; \u00e9 s\u00f3 uma subcentral. N\u00e3o mais que uma filial desta prepot\u00eancia imposta, como tantas outras filiais. Mas que a Alemanha, por vasta experi\u00eancia pr\u00f3pria, deveria se cuidar para que n\u00e3o lhe reencenem a mesma jogada da \u00faltima vez, quando a ela foi repassada toda a culpa e responsabilidade das iniquidades Kapetalistas, repasse facilitado pelo seu eterno anseio de ser a primeira da classe&#8230; Igualmente, que a Alemanha n\u00e3o nos d\u00ea falsas li\u00e7\u00f5es de moral. Para maiores detalhes sobre essas li\u00e7\u00f5es:<a href=\"http:\/\/www.pedroolalla.com\/index.php\/es\/blog\/139-las-deudas-de-alemania\">Las deudas de Alemania, de Pedro Olalla<\/a> <\/p>\n<p><\/br><\/p>\n<p><strong>MARKTPLATZ \u00dcBER ALLES <\/p>\n<p>LITANIA DA MAIS-VALIA  DIA-BLOG-LICA<\/strong><\/p>\n<p><\/br><\/p>\n<p><strong>Pro mercado eu me desperto<br \/>\nPro mercado eu te desconserto<br \/>\n<\/br><\/p>\n<p>Pro mercado eu me ofere\u00e7o<br \/>\nPro mercado eu te esque\u00e7o<br \/>\n<\/br><\/p>\n<p>Pro mercado eu me encasqueto<br \/>\nPro mercado eu te espeto<br \/>\n<\/br><\/p>\n<p>Pro mercado eu me assanho<br \/>\nPro mercado eu te afa\u00e7anho<br \/>\n<\/br><\/p>\n<p>Pro mercado eu me constituo<br \/>\nPro mercado eu te prostituo<br \/>\n<\/br><\/p>\n<p>Pro mercado eu me disfar\u00e7o<br \/>\nPro mercado eu te desfa\u00e7o<br \/>\n<\/br><\/p>\n<p>Pro mercado eu me compenso<br \/>\nPro mercado eu te dispenso<br \/>\n<\/br><\/p>\n<p>Pro mercado eu me procuro<br \/>\nPro mercado eu te torturo<br \/>\n<\/br><\/p>\n<p>Pro mercado eu me chacoalho<br \/>\nPor mercado eu te achocalho<br \/>\n<\/br><\/p>\n<p>Pro mercado eu me mulambo<br \/>\nPro mercado eu te esculhambo<br \/>\n<\/br><\/p>\n<p>Pro mercado eu me prostro<br \/>\nPro mercado eu te encrosto<br \/>\n<\/br><\/p>\n<p>Pro mercado eu me componho<br \/>\nPro mercado eu te exponho<br \/>\n<\/br><\/p>\n<p>Pro mercado eu me conformo<br \/>\nPro mercado eu te disformo<br \/>\n<\/br><\/p>\n<p>Pro mercado eu me diagramo<br \/>\nPro mercado eu te programo<br \/>\n<\/br><\/p>\n<p>Pro mercado eu me afino<br \/>\nPro mercado eu te apropino<br \/>\n<\/br><\/p>\n<p>Pro mercado eu me alugo<br \/>\nPro mercado eu te subjugo<br \/>\n<\/br><\/p>\n<p>Pro mercado eu me remeto<br \/>\nPro mercado eu te submeto<br \/>\n<\/br><\/p>\n<p>Pro mercado eu me atraio<br \/>\nPro mercado eu te traio<br \/>\n<\/br><\/p>\n<p>Pro mercado eu me encaixo<br \/>\nPro mercado eu te rebaixo<br \/>\n<\/br><\/p>\n<p>Pro mercado eu me extasio<br \/>\nPro mercado eu te extravio<br \/>\n<\/br><\/p>\n<p>Pro mercado eu me remedio<br \/>\nPro mercado eu te assedio<br \/>\n<\/br><\/p>\n<p>Pro mercado eu me arrebato<br \/>\nPro mercado eu te combato<br \/>\n<\/br><\/p>\n<p>Pro mercado eu me contor\u00e7o<br \/>\nPro mercado eu te distor\u00e7o<br \/>\n<\/br><\/p>\n<p>Pro mercado eu me nego<br \/>\nPro mercado eu te entrego<br \/>\n<\/br><\/p>\n<p>Pro mercado eu me concentro<br \/>\nPro mercado eu te decentro<br \/>\n<\/br><\/p>\n<p>Pro mercado eu me comprimo<br \/>\nPro mercado eu te suprimo<br \/>\n<\/br><\/p>\n<p>Pro mercado eu me devoto<br \/>\nPro mercado eu te convoco<br \/>\n<\/br><\/p>\n<p>Pro mercado eu me abrigo<br \/>\nPro mercado eu te obrigo<br \/>\n<\/br><\/p>\n<p>Pro mercado eu me tensiono<br \/>\nPro mercado eu te extorsiono<br \/>\n<\/br><\/p>\n<p>Pro mercado eu me conduzo<br \/>\nPro mercado eu te abuso<br \/>\n<\/br><\/p>\n<p>Pro mercado eu me arrisco<br \/>\nPro mercado eu te confisco<br \/>\n<\/br><\/p>\n<p>Pro mercado eu me partidarizo<br \/>\nPro mercado eu te ridicularizo<br \/>\n<\/br><\/p>\n<p>Pro mercado eu me amedronto<br \/>\nPro mercado eu te confronto<br \/>\n<\/br><\/p>\n<p>Pro mercado eu me arrumo<br \/>\nPro mercado eu te aprumo<br \/>\n<\/br><\/p>\n<p>Pro mercado eu me proponho<br \/>\nPro mercado eu te disponho<br \/>\n<\/br><\/p>\n<p>Pro mercado eu me fomento<br \/>\nPro mercado eu te arregimento<br \/>\n<\/br><\/p>\n<p>Pro mercado eu me alinho<br \/>\nPro mercado eu te constrinjo<br \/>\n<\/br><\/p>\n<p>Pro mercado eu me computo<br \/>\nPro mercado eu te refuto<br \/>\n<\/br><\/p>\n<p>Pro mercado eu me oriento<br \/>\nPro mercado eu te arrebento<br \/>\n<\/br><\/p>\n<p>Pro mercado eu me deslumbro<br \/>\nPro mercado eu te excomungo<br \/>\n<\/br><\/p>\n<p>Pro mercado eu me apelo<br \/>\nPro mercado eu te repelo<br \/>\n<\/br><\/p>\n<p>Pro mercado eu me encambito<br \/>\nPro mercado eu te vomito<br \/>\n<\/br><\/p>\n<p>Pro mercado eu me encarrego<br \/>\nPro mercado eu te desagrego<br \/>\n<\/br><\/p>\n<p>Pro mercado eu me encero<br \/>\nPro mercado eu te encerro<br \/>\n<\/br><\/p>\n<p>Pro mercado eu me comovo<br \/>\nPro mercado eu te removo<br \/>\n<\/br><br \/>\nPro mercado eu me penteio<br \/>\nPro mercado eu te rastreio<br \/>\n<\/br><\/p>\n<p>Pro mercado eu me troco<br \/>\nPro mercado eu te sufoco<br \/>\n<\/br><\/p>\n<p>Pro mercado eu me angustio<br \/>\nPro mercado eu te confio<br \/>\n<\/br><\/p>\n<p>Pro mercado eu me devasto<br \/>\nPro mercado eu te devasso<br \/>\n<\/br><\/p>\n<p>Pro mercado eu me derrubo<br \/>\nPro mercado eu te roubo<br \/>\n<\/br><\/p>\n<p>Pro mercado eu me imolo<br \/>\nPro mercado eu te assolo<br \/>\n<\/br><\/p>\n<p>Pro mercado eu me encolerizo<br \/>\nPro mercado eu te escravizo<br \/>\n<\/br><\/p>\n<p>Pro mercado eu me alucino<br \/>\nPro mercado eu te extermino<br \/>\n<\/br><\/p>\n<p>Pro mercado eu me propelo<br \/>\nPro mercado eu te esfacelo<br \/>\n<\/br><\/p>\n<p>Pro mercado eu me arrega\u00e7o<br \/>\nPro mercado eu te abaga\u00e7o<br \/>\n<\/br><\/p>\n<p>Pro mercado eu me consagro<br \/>\nPro mercado eu te dessacro<br \/>\n<\/br><\/p>\n<p>Pro mercado eu me confesso<br \/>\nPro mercado eu te desfecho<br \/>\n<\/br><\/p>\n<p>Pro mercado eu me arreganho<br \/>\nPro mercado eu te dissanguo<br \/>\n<\/br><\/p>\n<p>Pro mercado eu me arrecato<br \/>\nPro mercado eu te mato<br \/>\n<\/br><\/p>\n<p>Pro mercado eu me bato<br \/>\nPro mercado eu te abato<br \/>\n<\/br><\/p>\n<p>Pro mercado eu me financio<br \/>\nPro mercado eu te mercancio<br \/>\n<\/br><\/p>\n<p>Pro mercado eu me enfuxico<br \/>\nPro mercado eu te intoxico<br \/>\n <\/br><\/p>\n<p>Pro mercado eu me obstruo<br \/>\nPro mercado eu te destruo<br \/>\n<\/br><\/p>\n<p>Pro mercado eu me inquilino<br \/>\nPro mercado eu te aniquilo<br \/>\n<\/br><\/p>\n<p>Pro mercado eu me zero<br \/>\nPro mercado eu te dilacero<br \/>\n<\/br><\/p>\n<p>Pro mercado eu me gasto<br \/>\nPro mercado eu te desgasto<br \/>\n<\/br><\/p>\n<p>Pro mercado eu me encaro\u00e7o<br \/>\nPro mercado eu te destro\u00e7o<\/strong><br \/>\n<\/br><\/p>\n<p><a href=\"http:\/\/imediata.org\/wp-content\/uploads\/2012\/06\/vp851i.jpg\"><img loading=\"lazy\" decoding=\"async\" src=\"http:\/\/imediata.org\/wp-content\/uploads\/2012\/06\/vp851i.jpg\" alt=\"\" title=\"vp851i\" width=\"500\" height=\"539\" class=\"alignright size-full wp-image-1902\" srcset=\"https:\/\/imediata.org\/wp-content\/uploads\/2012\/06\/vp851i.jpg 500w, https:\/\/imediata.org\/wp-content\/uploads\/2012\/06\/vp851i-278x300.jpg 278w\" sizes=\"auto, (max-width: 500px) 100vw, 500px\" \/><\/a><br \/>\n<strong>Jan Van Eyck &#8211; O Ju\u00edzo Universal &#8211; detalhe &#8211; Metropolitan Museum of Art<\/strong><\/p>\n","protected":false},"excerpt":{"rendered":"<p>MARKTPLATZ \u00dcBER ALLES* LITANIA DA MAIS-VALIA DIA-BLOG-LICA Auto de m\u00e1 f\u00e9 de Artur d\u2019Amaru em desomenagem a todas as TecnoKracias e Ex-colas de Aberra\u00e7\u00e3o de Empresas do Plan\u2026eta-terra! Jan Van Eyck &#8211; O Ju\u00edzo Universal &#8211; detalhe &#8211; Metropolitan Museum of Art O diabo estava deprimido. Apesar de todas as malevol\u00eancias de todas as mil\u00edcias [&hellip;]<\/p>\n","protected":false},"author":1,"featured_media":0,"comment_status":"open","ping_status":"open","sticky":false,"template":"","format":"standard","meta":{"footnotes":""},"categories":[68,81,11],"tags":[157,1048,1047],"class_list":["post-1894","post","type-post","status-publish","format-standard","hentry","category-dossie-queda-da-rua-do-muro","category-imediartivismo","category-sambaqui","tag-artur-damaru","tag-litania-da-mais-valia-dia-blog-lica","tag-marktplatz-uber-alles"],"_links":{"self":[{"href":"https:\/\/imediata.org\/index.php?rest_route=\/wp\/v2\/posts\/1894","targetHints":{"allow":["GET"]}}],"collection":[{"href":"https:\/\/imediata.org\/index.php?rest_route=\/wp\/v2\/posts"}],"about":[{"href":"https:\/\/imediata.org\/index.php?rest_route=\/wp\/v2\/types\/post"}],"author":[{"embeddable":true,"href":"https:\/\/imediata.org\/index.php?rest_route=\/wp\/v2\/users\/1"}],"replies":[{"embeddable":true,"href":"https:\/\/imediata.org\/index.php?rest_route=%2Fwp%2Fv2%2Fcomments&post=1894"}],"version-history":[{"count":10,"href":"https:\/\/imediata.org\/index.php?rest_route=\/wp\/v2\/posts\/1894\/revisions"}],"predecessor-version":[{"id":1908,"href":"https:\/\/imediata.org\/index.php?rest_route=\/wp\/v2\/posts\/1894\/revisions\/1908"}],"wp:attachment":[{"href":"https:\/\/imediata.org\/index.php?rest_route=%2Fwp%2Fv2%2Fmedia&parent=1894"}],"wp:term":[{"taxonomy":"category","embeddable":true,"href":"https:\/\/imediata.org\/index.php?rest_route=%2Fwp%2Fv2%2Fcategories&post=1894"},{"taxonomy":"post_tag","embeddable":true,"href":"https:\/\/imediata.org\/index.php?rest_route=%2Fwp%2Fv2%2Ftags&post=1894"}],"curies":[{"name":"wp","href":"https:\/\/api.w.org\/{rel}","templated":true}]}}