{"id":1796,"date":"2012-06-16T16:36:43","date_gmt":"2012-06-16T16:36:43","guid":{"rendered":"http:\/\/imediata.org\/?p=1796"},"modified":"2012-06-16T16:36:43","modified_gmt":"2012-06-16T16:36:43","slug":"cinco-minutos-para-saborear-juliette-greco-aos-85-anos-em-entrevista-ou-cantando","status":"publish","type":"post","link":"https:\/\/imediata.org\/?p=1796","title":{"rendered":">> Cinco minutos para saborear Juliette Gr\u00e9co aos 85 anos, em entrevista ou cantando"},"content":{"rendered":"<p><strong>Cinco minutos para saborear Juliette Gr\u00e9co aos 85 anos, em entrevista ou cantando<\/strong><br \/>\n<\/br><br \/>\n<strong>e se Paris falasse, n\u00e3o seria provavelmente com a voz de Juliette Gr\u00e9co?<\/strong><br \/>\n<\/br><\/p>\n<p><strong>Juliette Gr\u00e9co: l&#8217;interview en studio<\/strong><br \/>\n<iframe loading=\"lazy\" title=\"Juliette Gr\u00e9co: l&#039;interview en studio\" width=\"640\" height=\"360\" src=\"https:\/\/www.youtube.com\/embed\/EPbwRgvMiME?feature=oembed\" frameborder=\"0\" allow=\"accelerometer; autoplay; clipboard-write; encrypted-media; gyroscope; picture-in-picture; web-share\" referrerpolicy=\"strict-origin-when-cross-origin\" allowfullscreen><\/iframe><br \/>\n<\/br><br \/>\n<strong>Juliette Gr\u00e9co et Melody Gardot: le duo (version int\u00e9grale)<\/strong><br \/>\n<iframe loading=\"lazy\" title=\"OFF STUDIO - Juliette Gr\u00e9co et Melody Gardot: le duo (version int\u00e9grale)\" width=\"640\" height=\"360\" src=\"https:\/\/www.youtube.com\/embed\/FMh7CFSKt8c?feature=oembed\" frameborder=\"0\" allow=\"accelerometer; autoplay; clipboard-write; encrypted-media; gyroscope; picture-in-picture; web-share\" referrerpolicy=\"strict-origin-when-cross-origin\" allowfullscreen><\/iframe><\/p>\n","protected":false},"excerpt":{"rendered":"<p>Cinco minutos para saborear Juliette Gr\u00e9co aos 85 anos, em entrevista ou cantando e se Paris falasse, n\u00e3o seria provavelmente com a voz de Juliette Gr\u00e9co? Juliette Gr\u00e9co: l&#8217;interview en studio Juliette Gr\u00e9co et Melody Gardot: le duo (version int\u00e9grale)<\/p>\n","protected":false},"author":1,"featured_media":0,"comment_status":"open","ping_status":"open","sticky":false,"template":"","format":"standard","meta":{"footnotes":""},"categories":[212,11],"tags":[670,967,968],"class_list":["post-1796","post","type-post","status-publish","format-standard","hentry","category-cinco-minutos","category-sambaqui","tag-juliette-greco","tag-melody-gardot","tag-paris"],"_links":{"self":[{"href":"https:\/\/imediata.org\/index.php?rest_route=\/wp\/v2\/posts\/1796","targetHints":{"allow":["GET"]}}],"collection":[{"href":"https:\/\/imediata.org\/index.php?rest_route=\/wp\/v2\/posts"}],"about":[{"href":"https:\/\/imediata.org\/index.php?rest_route=\/wp\/v2\/types\/post"}],"author":[{"embeddable":true,"href":"https:\/\/imediata.org\/index.php?rest_route=\/wp\/v2\/users\/1"}],"replies":[{"embeddable":true,"href":"https:\/\/imediata.org\/index.php?rest_route=%2Fwp%2Fv2%2Fcomments&post=1796"}],"version-history":[{"count":1,"href":"https:\/\/imediata.org\/index.php?rest_route=\/wp\/v2\/posts\/1796\/revisions"}],"predecessor-version":[{"id":1797,"href":"https:\/\/imediata.org\/index.php?rest_route=\/wp\/v2\/posts\/1796\/revisions\/1797"}],"wp:attachment":[{"href":"https:\/\/imediata.org\/index.php?rest_route=%2Fwp%2Fv2%2Fmedia&parent=1796"}],"wp:term":[{"taxonomy":"category","embeddable":true,"href":"https:\/\/imediata.org\/index.php?rest_route=%2Fwp%2Fv2%2Fcategories&post=1796"},{"taxonomy":"post_tag","embeddable":true,"href":"https:\/\/imediata.org\/index.php?rest_route=%2Fwp%2Fv2%2Ftags&post=1796"}],"curies":[{"name":"wp","href":"https:\/\/api.w.org\/{rel}","templated":true}]}}