{"id":1789,"date":"2012-06-16T16:15:31","date_gmt":"2012-06-16T16:15:31","guid":{"rendered":"http:\/\/imediata.org\/?p=1789"},"modified":"2012-06-16T16:41:45","modified_gmt":"2012-06-16T16:41:45","slug":"singelas-profana-acoes-54-%e2%80%93-mestres-corporativos-e-seus-retratos-por-sarah-guthrie","status":"publish","type":"post","link":"https:\/\/imediata.org\/?p=1789","title":{"rendered":">> Singelas PROFANA-a\u00e7\u00f5es 54 \u2013 Mestres Corporativos e seus retratos, por Sarah Guthrie"},"content":{"rendered":"<p><strong>Singelas PROFANA-a\u00e7\u00f5es 54 \u2013 Mestres Corporativos e seus retratos, por Sarah Guthrie<\/strong><br \/>\n<\/br><br \/>\nFonte: <a href=\"http:\/\/www.scottedelman.com\/2012\/06\/11\/artomatic\/\">Scott Edelman<\/a>, via <a href=\"http:\/\/www.commondreams.org\/further\/2012\/06\/16\">commondreams<\/a><br \/>\n<\/br><br \/>\n<a href=\"http:\/\/imediata.org\/wp-content\/uploads\/2012\/06\/SarahGuthrie4-e1339467094285-225x300.jpg\"><img loading=\"lazy\" decoding=\"async\" src=\"http:\/\/imediata.org\/wp-content\/uploads\/2012\/06\/SarahGuthrie4-e1339467094285-225x300.jpg\" alt=\"\" title=\"SarahGuthrie4-e1339467094285-225x300\" width=\"225\" height=\"300\" class=\"alignright size-full wp-image-1790\" \/><\/a><br \/>\n<\/br><\/p>\n<p><a href=\"http:\/\/imediata.org\/wp-content\/uploads\/2012\/06\/SarahGuthrie1-e1339466847216-225x300.jpg\"><img loading=\"lazy\" decoding=\"async\" src=\"http:\/\/imediata.org\/wp-content\/uploads\/2012\/06\/SarahGuthrie1-e1339466847216-225x300.jpg\" alt=\"\" title=\"SarahGuthrie1-e1339466847216-225x300\" width=\"225\" height=\"300\" class=\"alignright size-full wp-image-1791\" \/><\/a><br \/>\n<\/br><br \/>\n<a href=\"http:\/\/imediata.org\/wp-content\/uploads\/2012\/06\/SarahGuthrie3-e1339467019429-225x300.jpg\"><img loading=\"lazy\" decoding=\"async\" src=\"http:\/\/imediata.org\/wp-content\/uploads\/2012\/06\/SarahGuthrie3-e1339467019429-225x300.jpg\" alt=\"\" title=\"SarahGuthrie3-e1339467019429-225x300\" width=\"225\" height=\"300\" class=\"alignright size-full wp-image-1792\" \/><\/a><br \/>\n<\/br><br \/>\n<strong>Artista explica seus motivos para a s\u00e9rie:<\/strong><br \/>\n<strong>Tradu\u00e7\u00e3o: Mario S. Mieli<\/strong><br \/>\n<\/br><br \/>\n<strong>CORPORATE MASTERS<br \/>\nSarah C. B. Guthrie, M.F.A.<\/strong><br \/>\n<\/br><br \/>\n<strong>\u201cCorpora\u00e7\u00f5es s\u00e3o pessoas, meu amigo.\u201d<br \/>\n &#8211; Mitt Romney, Presum\u00edvel Candidato \u00e0 Presid\u00eancia Indicado pelo Partido Republicano<\/strong><br \/>\n<\/br><\/p>\n<p><strong>A passagem de Citizens United (Cidad\u00e3os Unidos) outorga \u00e0s corpora\u00e7\u00f5es o mesmo estado legal de seres humanos. O que significa que uma corpora\u00e7\u00e3o \u00e9 agora uma pessoa? O que significa isso em termos de produzir arte? Ser\u00e1 que uma corpora\u00e7\u00e3o n\u00e3o desejaria ser retratada iconicamente para se imortalizar? Que imagem corresponde ao rosto de uma corpora\u00e7\u00e3o? Quem s\u00e3o os patronos da arte hoje? Ser\u00e1 que os logos poderiam ser amostrados na pintura e na m\u00fasica? O que significa \u201cpossuir\u201d uma imagem ou um lema? <\/strong><br \/>\n<\/br><\/p>\n<p><strong>As corpora\u00e7\u00f5es selecionadas s\u00e3o grandes multi-nacionais que t\u00eam tido destaque nas not\u00edcias recentemente: por pagarem legalmente menos imposto de renda federal que voc\u00ea ou eu; pela domina\u00e7\u00e3o do mercado; por levarem a economia \u00e0 beira do desastre.<\/strong><\/p>\n","protected":false},"excerpt":{"rendered":"<p>Singelas PROFANA-a\u00e7\u00f5es 54 \u2013 Mestres Corporativos e seus retratos, por Sarah Guthrie Fonte: Scott Edelman, via commondreams Artista explica seus motivos para a s\u00e9rie: Tradu\u00e7\u00e3o: Mario S. Mieli CORPORATE MASTERS Sarah C. B. Guthrie, M.F.A. \u201cCorpora\u00e7\u00f5es s\u00e3o pessoas, meu amigo.\u201d &#8211; Mitt Romney, Presum\u00edvel Candidato \u00e0 Presid\u00eancia Indicado pelo Partido Republicano A passagem de Citizens [&hellip;]<\/p>\n","protected":false},"author":1,"featured_media":0,"comment_status":"open","ping_status":"open","sticky":false,"template":"","format":"standard","meta":{"footnotes":""},"categories":[81,11,96],"tags":[95,960,961,962],"class_list":["post-1789","post","type-post","status-publish","format-standard","hentry","category-imediartivismo","category-sambaqui","category-singelas-profana-acoes","tag-mario-s-mieli","tag-mestres-corporativos","tag-sarah-guthrie","tag-scott-edelman"],"_links":{"self":[{"href":"https:\/\/imediata.org\/index.php?rest_route=\/wp\/v2\/posts\/1789","targetHints":{"allow":["GET"]}}],"collection":[{"href":"https:\/\/imediata.org\/index.php?rest_route=\/wp\/v2\/posts"}],"about":[{"href":"https:\/\/imediata.org\/index.php?rest_route=\/wp\/v2\/types\/post"}],"author":[{"embeddable":true,"href":"https:\/\/imediata.org\/index.php?rest_route=\/wp\/v2\/users\/1"}],"replies":[{"embeddable":true,"href":"https:\/\/imediata.org\/index.php?rest_route=%2Fwp%2Fv2%2Fcomments&post=1789"}],"version-history":[{"count":2,"href":"https:\/\/imediata.org\/index.php?rest_route=\/wp\/v2\/posts\/1789\/revisions"}],"predecessor-version":[{"id":1798,"href":"https:\/\/imediata.org\/index.php?rest_route=\/wp\/v2\/posts\/1789\/revisions\/1798"}],"wp:attachment":[{"href":"https:\/\/imediata.org\/index.php?rest_route=%2Fwp%2Fv2%2Fmedia&parent=1789"}],"wp:term":[{"taxonomy":"category","embeddable":true,"href":"https:\/\/imediata.org\/index.php?rest_route=%2Fwp%2Fv2%2Fcategories&post=1789"},{"taxonomy":"post_tag","embeddable":true,"href":"https:\/\/imediata.org\/index.php?rest_route=%2Fwp%2Fv2%2Ftags&post=1789"}],"curies":[{"name":"wp","href":"https:\/\/api.w.org\/{rel}","templated":true}]}}