{"id":1734,"date":"2012-06-12T15:07:09","date_gmt":"2012-06-12T15:07:09","guid":{"rendered":"http:\/\/imediata.org\/?p=1734"},"modified":"2012-06-15T14:23:32","modified_gmt":"2012-06-15T14:23:32","slug":"europa-%e2%80%9cum-super-golpe-para-um-ultra-estado%e2%80%9d-%e2%80%9cgod-save-the-queen-mas-e-a-humanidade%e2%80%9d-trechos-de-artigos-de-moreno-pasquinelli-e-julian-rose-singela-video","status":"publish","type":"post","link":"https:\/\/imediata.org\/?p=1734","title":{"rendered":">> EURO(PA): \u201cUM SUPER GOLPE PARA UM ULTRA ESTADO\u201d + \u201cGOD SAVE THE QUEEN, MAS E A HUMANIDADE?\u201d (trechos de artigos de Moreno Pasquinelli e Julian Rose) + Singela V\u00eddeo-profana\u00e7\u00e3o"},"content":{"rendered":"<p><strong>EURO(PA): \u201cUM SUPER GOLPE PARA UM ULTRA ESTADO\u201d + \u201cGOD SAVE THE QUEEN, MAS E A HUMANIDADE?\u201d (trechos de artigos de Moreno Pasquinelli e Julian Rose) + Singela V\u00eddeo-profana\u00e7\u00e3o<\/strong><br \/>\n<\/br><\/p>\n<p><strong>Por Moreno Pasquinelli, trechos de seu artigo (no original italiano): \u201cDepois da Espanha, a It\u00e1lia &#8211; O tsunami est\u00e1 chegando\u201d. Artigo integral no original italiano, aqui:<\/strong><br \/>\n<a href=\"http:\/\/sollevazione.blogspot.it\/2012\/06\/dopo-la-spagna-litalia.html\">http:\/\/sollevazione.blogspot.it\/2012\/06\/dopo-la-spagna-litalia.html<\/a><br \/>\n<strong>Tradu\u00e7\u00f5es: Mario S. Mieli<\/strong><br \/>\n<\/br><br \/>\n<a href=\"http:\/\/imediata.org\/wp-content\/uploads\/2012\/06\/A-Balsa-da-Medusa.jpg\"><img loading=\"lazy\" decoding=\"async\" src=\"http:\/\/imediata.org\/wp-content\/uploads\/2012\/06\/A-Balsa-da-Medusa.jpg\" alt=\"\" title=\"1 - G\u00e9ricault - A Balsa da Medusa - Museu do Louvre, Paris\" width=\"640\" height=\"434\" class=\"alignright size-full wp-image-1735\" srcset=\"https:\/\/imediata.org\/wp-content\/uploads\/2012\/06\/A-Balsa-da-Medusa.jpg 640w, https:\/\/imediata.org\/wp-content\/uploads\/2012\/06\/A-Balsa-da-Medusa-300x203.jpg 300w\" sizes=\"auto, (max-width: 640px) 100vw, 640px\" \/><\/a><br \/>\n<strong>Th\u00e9odore G\u00e9ricault, A BALSA DA MEDUSA, Museu do Louvre, Paris<\/strong><br \/>\n<\/br><\/p>\n<p>\u201cO momento \u00e9 dram\u00e1tico. Os eurocratas n\u00e3o desistem. Com a meta de salvar o euro, e com o euro,  a ditadura deles, depois que faliram todos os cartuchos, t\u00eam em mente usar a \u00faltima arma letal que t\u00eam \u00e0 disposi\u00e7\u00e3o: <strong>enterrar as na\u00e7\u00f5es, expropriar os povos de qualquer residual soberania, para fundar um superestado imperial  comandado pela aristocracia financeira e parasit\u00e1ria.<\/strong><br \/>\n<\/br><\/p>\n<p>Os resgates trazem agouro aos pa\u00edses que o recebem. Foi demonstrado n\u00e3o s\u00f3 na Gr\u00e9cia, mas tamb\u00e9m na Irlanda e em Portugal que, depois das \u201cajudas\u201d europeias, tiveram uma paralisa\u00e7\u00e3o da economia, aumento do desemprego, crescimento do d\u00e9ficit e da d\u00edvida privados e p\u00fablicos. Este resgate oferecido \u00e0 Espanha n\u00e3o ser\u00e1 exce\u00e7\u00e3o.\u201d<\/p>\n<p>[&#8230;]<\/p>\n<p><strong>\u201cModificar a constitui\u00e7\u00e3o de cada Pa\u00eds para ceder a soberania nacional e adquirir soberania europeia sigilada por uma nova carta constitucional\u201d<\/strong><br \/>\n<\/br><\/p>\n<p><strong>\u201c\u00c9 isso que pedem os \u201cmercados\u201d, leia-se a poderos\u00edssima finan\u00e7a global.<\/strong> Isso \u00e9 o que querem do outro lado do Atl\u00e2ntico (EUA). Agora sabemos que a China tamb\u00e9m o deseja. Que esse super estado possa se tornar, depois de amanh\u00e3, um problema geopol\u00edtico para as outras pot\u00eancias, veremos depois, hoje \u00e9 preciso institui-lo, n\u00e3o tanto e n\u00e3o s\u00f3 para a salva\u00e7\u00e3o do euro, mas para <strong>salvar o barraco treme-treme do capitalismo internacional. Um super golpe para um ultra estado.<\/strong><br \/>\n<\/br><\/p>\n<p><strong>N\u00e3o precisamos explicar por quais raz\u00f5es os povos, todos os povos, devem se opor a esta loucura imperialista. O que a Uni\u00e3o Europeia carrega no ventre \u00e9 t\u00e3o monstruoso que at\u00e9 mesmo as for\u00e7as que hoje, em nome de um mal compreendido \u201ceurope\u00edsmo\u201d defendem o euro, dever\u00e3o mudar de opini\u00e3o.<\/strong><br \/>\n<\/br><\/p>\n<p>A pergunta \u00e9: ser\u00e1 que os eurocratas conseguir\u00e3o realizar esse passo antes que tudo desmorone? Conseguir\u00e3o dobrar os \u201csoberanismos\u201d alem\u00e3o e franc\u00eas? As burguesias desses pa\u00edses aceitar\u00e3o uma coabita\u00e7\u00e3o \u2018more uxorio\u2019 entre si e com as outras? Ceder eles tamb\u00e9m seu poder e transferi-lo para sempre para uma c\u00faria supranacional?<br \/>\n<\/br><\/p>\n<p>Acreditamos que isso seja altamente improv\u00e1vel. Enquanto \u00e9 quase imposs\u00edvel que consigam nesses brev\u00edssimos tempos (alguns meses), em que consiste esse \u00faltimo ato do psicodrama do euro. Veremos o que conseguir\u00e1 parir o v\u00e9rtice europeu de 28 de junho.<br \/>\n<\/br><\/p>\n<p>Entre os v\u00e1rios empurr\u00f5es e contra-empurr\u00f5es, a\u00e7\u00f5es e rea\u00e7\u00f5es, a tend\u00eancia objetiva mais forte continua sendo aquela que conduz \u00e0 implos\u00e3o da moeda \u00fanica e, com ela, a uni\u00e3o europeia. A este cen\u00e1rio, quem quer realmente mudar a ordem das coisas existente, deve se preparar, e come\u00e7ar indicando a alternativa.<br \/>\n<\/br><\/p>\n<p><strong>Para ler o Esbo\u00e7o do Manifesto do Movimento Popular de Liberta\u00e7\u00e3o (em italiano):<\/strong><br \/>\n<a href=\"http:\/\/sollevazione.blogspot.it\/2011\/12\/movimento-popolare-di-liberazione.html\">http:\/\/sollevazione.blogspot.it\/2011\/12\/movimento-popolare-di-liberazione.html<\/a><br \/>\n<\/br><\/p>\n<p><strong>Enquanto isso, na Euro(pa)cata Inglaterra, continuam as Jubilee Celebrations da rainha&#8230; Seguem trechos de artigo de Julian Rose:<\/strong><br \/>\n<\/br><br \/>\n<a href=\"http:\/\/imediata.org\/wp-content\/uploads\/2012\/06\/img4fc678cc233062.jpg\"><img loading=\"lazy\" decoding=\"async\" src=\"http:\/\/imediata.org\/wp-content\/uploads\/2012\/06\/img4fc678cc233062-300x217.jpg\" alt=\"\" title=\"img4fc678cc23306\" width=\"300\" height=\"217\" class=\"alignright size-medium wp-image-1746\" srcset=\"https:\/\/imediata.org\/wp-content\/uploads\/2012\/06\/img4fc678cc233062-300x217.jpg 300w, https:\/\/imediata.org\/wp-content\/uploads\/2012\/06\/img4fc678cc233062.jpg 682w\" sizes=\"auto, (max-width: 300px) 100vw, 300px\" \/><\/a><br \/>\n<\/br><\/p>\n<p><strong>God Save the Queen, But What About Humanity?<br \/>\nArtigo integral em ingl\u00eas:<\/strong><br \/>\n<a href=\"http:\/\/www.activistpost.com\/2012\/06\/god-save-queen-but-what-about-humanity.html#more\">http:\/\/www.activistpost.com\/2012\/06\/god-save-queen-but-what-about-humanity.html#more<\/a><\/p>\n<p><strong>Site do Julian Rose:<\/strong> <a href=\"http:\/\/www.changingcourseforlife.info\/\">http:\/\/www.changingcourseforlife.info\/<\/a><br \/>\n<\/br><\/p>\n<p>\u201cNum website respeitado apareceu a afirma\u00e7\u00e3o seguinte:<br \/>\n<\/br><\/p>\n<p><strong>\u201cMilh\u00f5es de homens e mulheres no mundo inteiro perderam seus empregos, suas casas, sua dignidade, como resultado do grande roubo banc\u00e1rio. Quem protestou contra esse assalto foi preso. E a resposta da pol\u00edcia aos protestos est\u00e1 se tornando cada vez mais militarista, enquanto aqueles que causaram o estrago se safaram e est\u00e3o em plena liberdade.<\/strong><br \/>\n<\/br><\/p>\n<p>O sistema est\u00e1 quebrado e a nossa resposta a essa crise ser\u00e1 um teste de intelig\u00eancia da nossa esp\u00e9cie&#8230;. A Europa est\u00e1 em queda livre econ\u00f4mica \u2013 e enquanto as celebra\u00e7\u00f5es do jubileu prosseguem, dia ap\u00f3s dia e 80% dos brit\u00e2nicos defendem a monarquia.<br \/>\n<\/br><\/p>\n<p><strong>Se o povo est\u00e1 t\u00e3o ofuscado celebrando o 1% &#8211; por aquilo que ele vale \u2013 ent\u00e3o que esperan\u00e7a tem a humanidade?\u201d<\/strong><br \/>\n<\/br><br \/>\n<a href=\"http:\/\/imediata.org\/wp-content\/uploads\/2012\/06\/nail-art-jubileu-rainha-elizabeth-unhas-artisticas-inspiradas71.jpg\"><img loading=\"lazy\" decoding=\"async\" src=\"http:\/\/imediata.org\/wp-content\/uploads\/2012\/06\/nail-art-jubileu-rainha-elizabeth-unhas-artisticas-inspiradas71-215x300.jpg\" alt=\"\" title=\"nail art jubileu rainha elizabeth unhas artisticas inspiradas[7]\" width=\"215\" height=\"300\" class=\"alignright size-medium wp-image-1747\" srcset=\"https:\/\/imediata.org\/wp-content\/uploads\/2012\/06\/nail-art-jubileu-rainha-elizabeth-unhas-artisticas-inspiradas71-215x300.jpg 215w, https:\/\/imediata.org\/wp-content\/uploads\/2012\/06\/nail-art-jubileu-rainha-elizabeth-unhas-artisticas-inspiradas71.jpg 367w\" sizes=\"auto, (max-width: 215px) 100vw, 215px\" \/><\/a><br \/>\n<\/br><\/p>\n<p>[Depois de uma descri\u00e7\u00e3o detalhada do autor das celebra\u00e7\u00f5es do Jubileu na Inglaterra&#8230;]<br \/>\n<\/br><\/p>\n<p><strong> \u201c O fato de que a fam\u00edlia Real Brit\u00e2nica ainda seja o s\u00edmbolo supremo de um tipo de estado de exist\u00eancia de contos de fadas, intoc\u00e1vel e imperturb\u00e1vel com o tumulto de nosso planeta saqueado e violentado,  \u00e9 um testemunho de uma extraordin\u00e1ria m\u00e1quina de Rela\u00e7\u00f5es P\u00fablicas que funciona com precis\u00e3o militar, nos bastidores da fachada real. Apenas a dose certa de exposi\u00e7\u00e3o e n\u00e3o exposi\u00e7\u00e3o: de moda e tradi\u00e7\u00e3o, de pompa e \u2018informalidade\u2019; de proeza militar e \u2018preocupa\u00e7\u00e3o\u2019 com o social. \u00c9 um aparelho administrado e executado com per\u00edcia que instila nas pessoas um fasc\u00ednio hipn\u00f3tico, tornando a maioria incapaz de discernimento ou cr\u00edtica.\u201d<\/strong><br \/>\n<\/br><\/p>\n<p>[Depois de uma descri\u00e7\u00e3o detalhada de como \u00e9 considerada uma profana\u00e7\u00e3o n\u00e3o se reconhecer a magnific\u00eancia do \u201cBritish Empire\u201d, apesar da humilha\u00e7\u00e3o da \u201cperda das col\u00f4nias\u201d, dos conluios com a mais poderosa das ex-col\u00f4nias para implantar a Nova (?) Ordem Mundial, do paralelo com o \u201cSonho Americano\u201d \u2013 \u201cbolhas virtuais para todos aqueles incapazes ou indesejosos de encarar a verdade sobre si mesmos, o sistema de controle desumano que faz funcionar o show e nossa cumplicidade insensata nesse pesadelo de controle mental\u201d  &#8211; e de antecipar a dose maci\u00e7a de afrodis\u00edacos que do Jubileu, passar\u00e1 para as Olimp\u00edadas, com todo o sombrio aparato militar de controle em a\u00e7\u00e3o&#8230;]<br \/>\n<\/br><br \/>\n<a href=\"http:\/\/imediata.org\/wp-content\/uploads\/2012\/06\/Logotipo-Londres-Olimpiadas_LANIMA20120330_0049_261.jpg\"><img loading=\"lazy\" decoding=\"async\" src=\"http:\/\/imediata.org\/wp-content\/uploads\/2012\/06\/Logotipo-Londres-Olimpiadas_LANIMA20120330_0049_261-300x214.jpg\" alt=\"\" title=\"Logotipo-Londres-Olimpiadas_LANIMA20120330_0049_26\" width=\"300\" height=\"214\" class=\"alignright size-medium wp-image-1743\" srcset=\"https:\/\/imediata.org\/wp-content\/uploads\/2012\/06\/Logotipo-Londres-Olimpiadas_LANIMA20120330_0049_261-300x214.jpg 300w, https:\/\/imediata.org\/wp-content\/uploads\/2012\/06\/Logotipo-Londres-Olimpiadas_LANIMA20120330_0049_261.jpg 650w\" sizes=\"auto, (max-width: 300px) 100vw, 300px\" \/><\/a><br \/>\n<\/br><\/p>\n<p><strong>\u201cA eterna careta (da Rainha) que se faz passar por sorriso conta uma hist\u00f3ria&#8230; A tristeza que tamb\u00e9m acompanha a Rainha n\u00e3o difere da tristeza de seus s\u00faditos: ambos est\u00e3o presos a um mundo que os ultrapassou. .. Mas sob a superf\u00edcie, essa postura real guarda os epit\u00e1fios congelados dos \u2018ganhadores e perdedores\u2019. Os ganhadores sendo a riqueza, o privil\u00e9gio e a classe. Totens aos falsos deuses que ainda exercem uma atra\u00e7\u00e3o fatal profunda para aqueles que n\u00e3o conseguem honrar e cultivar suas pr\u00f3prias ra\u00edzes divinas.<br \/>\nEnquanto poderes espirituais com os quais a humanidade est\u00e1 dotada continuarem subvertidos para fins materialistas, a mentira continuar\u00e1 sendo perpetuada e fam\u00edlias reais, presidentes, primeiros ministros e pop stars continuar\u00e3o desempenhando o papel que deles demandam seus s\u00faditos bajuladores e alter egos&#8230;<\/strong>.<br \/>\n<\/br><\/p>\n<p><strong>GOD SAVE THE QUEEN \u00e9 simplesmente uma chamada para se defender o status quo, ad infinitum&#8230;. o fato de que cerca de 80% dos cidad\u00e3os brit\u00e2nicos defendam a monarquia e, portanto, acolham de bom grado sua condi\u00e7\u00e3o de pe\u00f5es num jogo de poder antigo, leva \u00e0 pergunta: \u201cQue esperan\u00e7a para a humanidade?\u201d<\/strong><br \/>\n<\/br><br \/>\n<a href=\"http:\/\/imediata.org\/wp-content\/uploads\/2012\/06\/mascotes-de-londres-2012-wenlock-e-mandeville-1274294057509_550x3301.jpg\"><img loading=\"lazy\" decoding=\"async\" src=\"http:\/\/imediata.org\/wp-content\/uploads\/2012\/06\/mascotes-de-londres-2012-wenlock-e-mandeville-1274294057509_550x3301-300x180.jpg\" alt=\"\" title=\"mascotes-de-londres-2012-wenlock-e-mandeville-1274294057509_550x330\" width=\"300\" height=\"180\" class=\"alignright size-medium wp-image-1744\" srcset=\"https:\/\/imediata.org\/wp-content\/uploads\/2012\/06\/mascotes-de-londres-2012-wenlock-e-mandeville-1274294057509_550x3301-300x180.jpg 300w, https:\/\/imediata.org\/wp-content\/uploads\/2012\/06\/mascotes-de-londres-2012-wenlock-e-mandeville-1274294057509_550x3301.jpg 550w\" sizes=\"auto, (max-width: 300px) 100vw, 300px\" \/><\/a><br \/>\n<\/br><br \/>\n<strong>Ep\u00edlogo: \u201cA civiliza\u00e7\u00e3o, no sentido real do termo, consiste n\u00e3o na multiplica\u00e7\u00e3o, mas na deliberada e volunt\u00e1ria redu\u00e7\u00e3o dos desejos.\u201d (Mahatma Ghandi)<\/strong><\/p>\n<p><\/br><br \/>\n<strong>QUEEN ELIZABETH II. 60 ANOS EM 6 SEGUNDOS<\/strong><br \/>\n<iframe loading=\"lazy\" title=\"Her Majesty Queen Elizabeth II - 60 years in 6 seconds\" width=\"640\" height=\"360\" src=\"https:\/\/www.youtube.com\/embed\/dtKJCIeozQ8?feature=oembed\" frameborder=\"0\" allow=\"accelerometer; autoplay; clipboard-write; encrypted-media; gyroscope; picture-in-picture; web-share\" referrerpolicy=\"strict-origin-when-cross-origin\" allowfullscreen><\/iframe><\/p>\n","protected":false},"excerpt":{"rendered":"<p>EURO(PA): \u201cUM SUPER GOLPE PARA UM ULTRA ESTADO\u201d + \u201cGOD SAVE THE QUEEN, MAS E A HUMANIDADE?\u201d (trechos de artigos de Moreno Pasquinelli e Julian Rose) + Singela V\u00eddeo-profana\u00e7\u00e3o Por Moreno Pasquinelli, trechos de seu artigo (no original italiano): \u201cDepois da Espanha, a It\u00e1lia &#8211; O tsunami est\u00e1 chegando\u201d. Artigo integral no original italiano, aqui: [&hellip;]<\/p>\n","protected":false},"author":1,"featured_media":0,"comment_status":"open","ping_status":"open","sticky":false,"template":"","format":"standard","meta":{"footnotes":""},"categories":[68,9],"tags":[69,15,942,941,95,940,943],"class_list":["post-1734","post","type-post","status-publish","format-standard","hentry","category-dossie-queda-da-rua-do-muro","category-lance-de-dados","tag-crise-financeira","tag-europa","tag-jubileu-da-rainha-elizabeth-ii","tag-julian-rose","tag-mario-s-mieli","tag-moreno-pasquinelli","tag-super-golpe-para-instaurar-um-ultra-estado"],"_links":{"self":[{"href":"https:\/\/imediata.org\/index.php?rest_route=\/wp\/v2\/posts\/1734","targetHints":{"allow":["GET"]}}],"collection":[{"href":"https:\/\/imediata.org\/index.php?rest_route=\/wp\/v2\/posts"}],"about":[{"href":"https:\/\/imediata.org\/index.php?rest_route=\/wp\/v2\/types\/post"}],"author":[{"embeddable":true,"href":"https:\/\/imediata.org\/index.php?rest_route=\/wp\/v2\/users\/1"}],"replies":[{"embeddable":true,"href":"https:\/\/imediata.org\/index.php?rest_route=%2Fwp%2Fv2%2Fcomments&post=1734"}],"version-history":[{"count":6,"href":"https:\/\/imediata.org\/index.php?rest_route=\/wp\/v2\/posts\/1734\/revisions"}],"predecessor-version":[{"id":1764,"href":"https:\/\/imediata.org\/index.php?rest_route=\/wp\/v2\/posts\/1734\/revisions\/1764"}],"wp:attachment":[{"href":"https:\/\/imediata.org\/index.php?rest_route=%2Fwp%2Fv2%2Fmedia&parent=1734"}],"wp:term":[{"taxonomy":"category","embeddable":true,"href":"https:\/\/imediata.org\/index.php?rest_route=%2Fwp%2Fv2%2Fcategories&post=1734"},{"taxonomy":"post_tag","embeddable":true,"href":"https:\/\/imediata.org\/index.php?rest_route=%2Fwp%2Fv2%2Ftags&post=1734"}],"curies":[{"name":"wp","href":"https:\/\/api.w.org\/{rel}","templated":true}]}}