{"id":1716,"date":"2012-06-11T19:52:17","date_gmt":"2012-06-11T19:52:17","guid":{"rendered":"http:\/\/imediata.org\/?p=1716"},"modified":"2012-06-11T19:58:22","modified_gmt":"2012-06-11T19:58:22","slug":"globalizacao-como-guerra-nao-declarada-contra-todos-e-contra-a-natureza-entrevista-de-vandana-shiva","status":"publish","type":"post","link":"https:\/\/imediata.org\/?p=1716","title":{"rendered":">> Globaliza\u00e7\u00e3o como guerra n\u00e3o declarada contra todos e contra a natureza, entrevista de Vandana Shiva"},"content":{"rendered":"<p><strong>Globaliza\u00e7\u00e3o como guerra n\u00e3o declarada contra todos e contra a natureza, Privatiza\u00e7\u00e3o como arma letal de apropria\u00e7\u00e3o do bem comum, repress\u00e3o de protestos como forma de se destruir a democracia, Estados como empresas executoras do poder real desmantelador<\/strong><br \/>\n<\/br><\/p>\n<p><strong>Vandana Shiva falou de guerras, armas, seres humanos  e paz, em entrevista a Ernesto Celestini no F\u00f3rum \u201cPropostas de Paz &#8211; Justi\u00e7a e Paz em tempos de crise\u201d, de 8-10 de junho em Roma<br \/>\nFonte: <a href=\"http:\/\/www.peacelink.it\/sociale\/a\/36376.html\">Peacelink.it<\/a> de 10 de junho de 2012<br \/>\nTradu\u00e7\u00e3o: Mario S. Mieli<\/strong><br \/>\n<\/br><br \/>\n <a href=\"http:\/\/imediata.org\/wp-content\/uploads\/2012\/06\/17076_a36376.jpg\"><img loading=\"lazy\" decoding=\"async\" src=\"http:\/\/imediata.org\/wp-content\/uploads\/2012\/06\/17076_a36376.jpg\" alt=\"\" title=\"17076_a36376\" width=\"300\" height=\"200\" class=\"alignright size-full wp-image-1717\" \/><\/a><br \/>\n<\/br><\/p>\n<p>Durante os tr\u00eas dias de F\u00f3rum, no qual se reuniram os representantes de pelo menos 120 associa\u00e7\u00f5es para discutir aspectos e causas da crise que vivemos nestes tempos, houve interven\u00e7\u00f5es da parte dos organizadores e de h\u00f3spedes previstos e imprevistos. As conclus\u00f5es e as propostas do F\u00f3rum ainda n\u00e3o tinham sido apresentadas quando, com palavras simples e claras, Vandana Shiva, em meia hora, conseguiu envolver todos os presentes no seu racioc\u00ednio que expressou, desenvolveu e sintetizou o tema do F\u00f3rum.<br \/>\n<\/br><\/p>\n<p>Foi feita uma pergunta a Vandana Shiva: \u201cComo se constr\u00f3i a paz?\u201d <\/p>\n<p><\/br><br \/>\nPrecisamos come\u00e7ar com as nossas mentes &#8211; come\u00e7ou Vandana Shiva &#8211; e esquecer aqueles paradigmas de guerra que nos ensinaram, desde crian\u00e7as, e que colocam todos em concorr\u00eancia, os uns contra os outros e contra cada coisa. A cultura atual ensinou ao homem que precisa estar sempre <strong>pronto para se defender<\/strong> a qualquer momento e, sobretudo, em tempos de crise.<br \/>\n<\/br><br \/>\nEssa atitude de preven\u00e7\u00e3o e defesa \u00e9 sintoma de uma viol\u00eancia latente que pode emergir nos modos e nos lugares mais imprevis\u00edveis. Por exemplo, no meu pa\u00eds, a \u00cdndia, trabalhou-se muit\u00edssimo durante pelo menos 10 anos para desenvolver a agricultura com novas tecnologias para consentir uma produ\u00e7\u00e3o mais abundante, um melhor n\u00edvel de vida para os produtores e colheitas mais abundantes para placar a fome da popula\u00e7\u00e3o.<br \/>\n<\/br><\/p>\n<p>Essas novas tecnologias, e o modo como foram introduzidas, produziram desequil\u00edbrios sociais e protestos que desembocaram em rea\u00e7\u00f5es locais e, numa escalada da viol\u00eancia, determinaram o homic\u00eddio de Indira Gandhi. Assim, de um processo posto em pr\u00e1tica com bons prop\u00f3sitos de crescimento e de paz, nasceu um processo de <strong>viol\u00eancia<\/strong>.<br \/>\n<\/br><\/p>\n<p>Come\u00e7ou com a introdu\u00e7\u00e3o dos pesticidas na agricultura, com os OGMs, com as rea\u00e7\u00f5es de quem n\u00e3o aceitava mudar os pr\u00f3prios h\u00e1bitos e com as press\u00f5es dos grupos econ\u00f4micos que, ao contr\u00e1rio, queriam impor seus produtos. Come\u00e7ou um processo que queria, essencialmente, levar o bem-estar a popula\u00e7\u00f5es condenadas a sofrer pela fome e pelas inconveni\u00eancias desde sempre, mas que conseguiu escapar do controle e se tornou uma arma que <strong>levou \u00e0 morte<\/strong>. Morte por envenenamento dos alimentos pulverizados com inseticidas, morte pelos inumer\u00e1veis suic\u00eddios de cultivadores que viram suas terras se tornarem improdutivas, e que se mataram por causa das muitas d\u00edvidas que nunca teriam podido pagar. S\u00e3o todas atividades que ocorrem nos campos mais disparates da produ\u00e7\u00e3o e que n\u00e3o podem ser definidas verdadeiras armas de guerra, mas que, realmente, com toda a sua for\u00e7a de destrui\u00e7\u00e3o de massa, podem criar danos bem mais graves e incontrol\u00e1veis que uma guerra declarada.   <\/br><\/p>\n<p>A agricultura, que deveria ser um elemento propiciador de bem-estar, agora est\u00e1 sujeita n\u00e3o s\u00f3 \u00e0s intemp\u00e9ries clim\u00e1ticas mas sobretudo \u00e0s restri\u00e7\u00f5es impostas pelas multinacionais que regulam os pre\u00e7os, pelas leis que incentivam ou desincentivam as produ\u00e7\u00f5es, pela criminalidade mafiosa que trata da escolha dos cultivos e se transformou numa arma de guerra, tanto que, no mundo h\u00e1 pelo menos 2 bilh\u00f5es de pessoas que sofrem de fome ou se alimentam de \u201cjunk food\u201d.<br \/>\n<\/br><\/p>\n<p>Um conflito local menor frequentemente \u00e9 tomado como pretexto para ser transformado em conflito nacional, social, religioso, racial ou \u00e9 instrumentalizado para contrastar a imigra\u00e7\u00e3o.<br \/>\n<\/br><\/p>\n<p>A <strong>primavera \u00e1rabe<\/strong> come\u00e7ou casualmente com a retirada da permiss\u00e3o de vendedor de um ambulante tunisino e, desse pequeno incidente, teve come\u00e7o uma revolu\u00e7\u00e3o, que j\u00e1 estava no ar, mas que precisava de um pretexto para come\u00e7ar. No <strong>Egito<\/strong>, tudo come\u00e7ou devido ao aumento do pre\u00e7o do arroz. O pre\u00e7o do arroz e do p\u00e3o causaram um efeito domin\u00f3 que produziu o aumento do pre\u00e7o de todos os produtos alimentares, dos transportes, das casas, etc&#8230;<br \/>\n<\/br><\/p>\n<p><strong>Tamb\u00e9m na S\u00edria<\/strong>, tudo come\u00e7ou com o protesto dos agricultores que tinham sofrido danos devido \u00e0s mudan\u00e7as clim\u00e1ticas. Os pobres camponeses, que s\u00e3o o elo mais fraco da cadeia econ\u00f4mica, e os mais vulner\u00e1veis no caso de calamidades de qualquer tipo, como o clima, s\u00e3o aqueles que sofrem sempre mais. Portanto \u2013 diz Vandana Shiva \u2013 num certo sentido, a rebeli\u00e3o, degenerada at\u00e9 a guerra civil, com milhares de mortos, foi desencadeada por \u201cculpa do mau tempo\u201d.<br \/>\n<\/br><\/p>\n<p><strong>A globaliza\u00e7\u00e3o posta em pr\u00e1tica sem qualquer controle, n\u00e3o trouxe a ningu\u00e9m os benef\u00edcios prometidos, mas acabou sendo o fator determinante de todas as crises que s\u00e3o mais catastr\u00f3ficas que as guerras declaradas.<\/strong><br \/>\n<\/br><br \/>\nVoltando ao meu pa\u00eds, a \u00cdndia \u2013 prosseguiu Vandana Shiva \u2013 o crescimento do PIB \u00e9 de 9%, de modo que lendo os dados, pareceria um pa\u00eds em expans\u00e3o onde o bem-estar \u00e9 acess\u00edvel, pareceria que as coisas est\u00e3o indo bem para todos, mas nunca se olha ou nunca se conta como vivem as pessoas comuns. Por exemplo, <strong>nos \u00faltimos anos houve 250.000 suic\u00eddios<\/strong> ( <a href=\"http:\/\/wownews.co.uk\/news\/638-250000-farmers-commit-suicide-in-india-largest-wave-of-suicides-in-history.html\">http:\/\/wownews.co.uk\/news\/638-250000-farmers-commit-suicide-in-india-largest-wave-of-suicides-in-history.html<\/a> ) entre os agricultores que n\u00e3o conseguiam mais colher de seus campos o necess\u00e1rio para sustentar a si mesmos e as suas fam\u00edlias.<br \/>\n<\/br><\/p>\n<p>Por exemplo, passa quase despercebido que uma em cada duas crian\u00e7as n\u00e3o \u00e9 alimentada devidamente para desenvolver completamente o pr\u00f3prio corpo e o pr\u00f3prio c\u00e9rebro: \u00e9 a desnutri\u00e7\u00e3o. O primeiro passo para criar pobreza e enfermidade, que suspende a educa\u00e7\u00e3o e <strong>torna o homem escravo de quem tem mais e que, por isso, pode explorar o pr\u00f3ximo<\/strong>.<br \/>\n<\/br><br \/>\n\u00c9 preciso ent\u00e3o fazer uma outra pergunta: mas <strong>\u00e9 assim t\u00e3o importante o consumismo<\/strong>?<br \/>\n<\/br><\/p>\n<p>Todos os alimentos que comemos e que compramos em um supermercado precisam ser empacotados, recobertos de uma pel\u00edcula transparente ou de alum\u00ednio e, com frequ\u00eancia, vendidos num cont\u00eainer de cart\u00e3o ou poliestireno. Tudo isso requer trabalho e utiliza\u00e7\u00e3o de recursos da terra como petr\u00f3leo, bauxita, carv\u00e3o e \u00e1rvores. <strong>Todo esse trabalho e esse desperd\u00edcio de recursos naturais continua violando e destruindo, sem uma real necessidade, todos os recursos do planeta.<\/strong><br \/>\n<\/br><br \/>\n<a href=\"http:\/\/imediata.org\/wp-content\/uploads\/2012\/06\/wethecorporationsgbhhtyh.jpg\"><img loading=\"lazy\" decoding=\"async\" src=\"http:\/\/imediata.org\/wp-content\/uploads\/2012\/06\/wethecorporationsgbhhtyh.jpg\" alt=\"\" title=\"wethecorporationsgbhhtyh\" width=\"465\" height=\"254\" class=\"alignright size-full wp-image-1719\" srcset=\"https:\/\/imediata.org\/wp-content\/uploads\/2012\/06\/wethecorporationsgbhhtyh.jpg 465w, https:\/\/imediata.org\/wp-content\/uploads\/2012\/06\/wethecorporationsgbhhtyh-300x163.jpg 300w\" sizes=\"auto, (max-width: 465px) 100vw, 465px\" \/><\/a><br \/>\n<\/br><\/p>\n<p>E depois \u00e9 natural e espont\u00e2neo que haja manifesta\u00e7\u00f5es de protesto que nos pe\u00e7am para refletir sobre a real utilidade de certas leis que autorizam o uso, ali\u00e1s, o abuso indiscriminado dos recursos naturais. Mas justamente <strong>esses protestos constituem um pretexto para que se destrua a democracia tamb\u00e9m<\/strong>, porque, como vimos em muitos pa\u00edses contra os protestos de gente que tenta defender seus direitos, os governos enviam tropas e aplicam leis especiais, antiterrorismo.<br \/>\n<\/br><\/p>\n<p>Houve e continua havendo uma utiliza\u00e7\u00e3o impr\u00f3pria do termo \u201cGreen Economy\u201d (Economia Verde), onde vira verde tudo aquilo que n\u00e3o serve mais \u00e0 economia, aquilo que destr\u00f3i a economia, como est\u00e3o comunicando os ve\u00edculos da m\u00eddia quando entram no tema da rela\u00e7\u00e3o do homem com a ecologia, como procurar\u00e3o impor tamb\u00e9m na pr\u00f3xima confer\u00eancia Rio+20, onde se tentar\u00e1 novamente fazer acreditar que a privatiza\u00e7\u00e3o de todos os recursos ambientais, inclusive a \u00e1gua, as \u00e1rvores e a possibilidade de respirar ar puro \u00e9 a \u00fanica via para proteger de verdade a natureza.<br \/>\n<\/br><br \/>\n<a href=\"http:\/\/imediata.org\/wp-content\/uploads\/2012\/06\/direitos-subjecivos.jpg\"><img loading=\"lazy\" decoding=\"async\" src=\"http:\/\/imediata.org\/wp-content\/uploads\/2012\/06\/direitos-subjecivos.jpg\" alt=\"\" title=\"direitos-subjecivos\" width=\"215\" height=\"154\" class=\"alignright size-full wp-image-1718\" \/><\/a><br \/>\n<\/br><\/p>\n<p><strong>\u00c9 essa a verdadeira guerra de hoje, \u00e9 a guerra contra as pessoas, contra o planeta. Depois de s\u00e9culos de lutas, os movimentos democr\u00e1ticos tinham conseguido manter separados o poder econ\u00f4mico daquele pol\u00edtico, mas esse longo processo foi anulado e destru\u00eddo pela globaliza\u00e7\u00e3o e assim, os Estados se tornaram empresas, corpora\u00e7\u00f5es.<\/strong><br \/>\n<\/br><\/p>\n<p>Em seguida, Vandana Shiva abaixa a voz e quase com vergonha, faz refer\u00eancia ao governo italiano que, como em outros pa\u00edses, precisa balan\u00e7ar as contas, sem se preocupar de como vivem os seus cidad\u00e3os, como uma empresa qualquer, sem poder levar em conta que as finalidades de um Estado n\u00e3o s\u00e3o as mesmas daquelas de um empreendimento comercial. <\/br><\/p>\n<p>Se n\u00e3o forem executadas dr\u00e1sticas mudan\u00e7as de rota, impostos pelos protestos populares ou por quem representa os verdadeiros interesses dos povos, quando terminar\u00e1 a emerg\u00eancia dessas crise, o modelo econ\u00f4mico ter\u00e1 mudado e evolu\u00eddo tanto que parecer\u00e1 espont\u00e2nea a transforma\u00e7\u00e3o dos atuais Estados democr\u00e1ticos em novas formas de Estados militares que poder\u00e3o agir legalmente contra as minorias que tentar\u00e3o se opor \u00e0s escolhas dos governos-empresas e ningu\u00e9m poder\u00e1 se rebelar contra a reduzida liberdade dos cidad\u00e3os, como previsto pelas leis aprovadas pelo governo <strong>com o objetivo de prender quem quer que seja que crie obst\u00e1culos aos lucros das grandes organiza\u00e7\u00f5es multinacionais<\/strong>.<br \/>\n<\/br><\/p>\n<p>Um dos sistemas que poderiam tornar o ser humano menos dependente desses sistema cada vez mais coercitivos que os governos precisam impor, a fim de executar as tarefas designadas pelos verdadeiros detentores do poder (econ\u00f4mico-financeiro) \u00e9 aquele de reaproximar o homem \u00e0 terra, voltando a estreitar aquele v\u00ednculo que no passado o mantinha unido \u00e0s suas ra\u00edzes, e que lhe permitiu obter diretamente os alimentos para seu sustento, ficar ligado ao pr\u00f3prio territ\u00f3rio e aos seus pr\u00f3prios semelhantes, com quem constituiu a sociedade.<br \/>\n<\/br><\/p>\n<p>\u00c9 isso que acho poder\u00e1 construir a paz &#8211; e Vandana Shiva termina a confer\u00eancia &#8211; com a defesa dos bens comuns e das comunidades locais, orientando-nos no sentido de uma paz que esteja dentro de n\u00f3s e que seja rec\u00edproca n\u00e3o s\u00f3 para com o pr\u00f3ximo, mas tamb\u00e9m para com a natureza.<br \/>\n<\/br><\/p>\n<p>Nesses tempos de crise \u201cglobal\u201d, temos uma grande oportunidade para planejar um futuro diferente, sem desperd\u00edcio, com mais respeito e com uma nova esperan\u00e7a.<br \/>\nN\u00e3o podemos perder este trem.<br \/>\n<strong><br \/>\nRecomendamos tamb\u00e9m:<br \/>\n>> ECOGUERREIROS, LEVANTEM-SE! por VANDANA SHIVA \u2013 CHAMADA GLOBAL PARA A RIO+20 \u2013 A NECESSIDADE DE MUDAN\u00c7A DE PARADIGMA<\/strong><br \/>\n<a href=\"http:\/\/imediata.org\/?p=1655\">http:\/\/imediata.org\/?p=1655<\/a><\/p>\n","protected":false},"excerpt":{"rendered":"<p>Globaliza\u00e7\u00e3o como guerra n\u00e3o declarada contra todos e contra a natureza, Privatiza\u00e7\u00e3o como arma letal de apropria\u00e7\u00e3o do bem comum, repress\u00e3o de protestos como forma de se destruir a democracia, Estados como empresas executoras do poder real desmantelador Vandana Shiva falou de guerras, armas, seres humanos e paz, em entrevista a Ernesto Celestini no F\u00f3rum [&hellip;]<\/p>\n","protected":false},"author":1,"featured_media":0,"comment_status":"open","ping_status":"open","sticky":false,"template":"","format":"standard","meta":{"footnotes":""},"categories":[5,68,9],"tags":[927,932,929,928,931,924,923,95,930,925,926,174],"class_list":["post-1716","post","type-post","status-publish","format-standard","hentry","category-biodiversidade-imediata","category-dossie-queda-da-rua-do-muro","category-lance-de-dados","tag-destruicao-da-democracia","tag-ernesto-celestini","tag-estados-executores-das-decisoes-do-verdadeiro-poder","tag-estados-empresas","tag-forum-propostas-de-paz-justica-e-paz","tag-guerra-contra-a-natureza","tag-guerra-contra-todos","tag-mario-s-mieli","tag-peacelink","tag-privatizacao-como-arma","tag-repressao-de-protestos","tag-vandana-shiva"],"_links":{"self":[{"href":"https:\/\/imediata.org\/index.php?rest_route=\/wp\/v2\/posts\/1716","targetHints":{"allow":["GET"]}}],"collection":[{"href":"https:\/\/imediata.org\/index.php?rest_route=\/wp\/v2\/posts"}],"about":[{"href":"https:\/\/imediata.org\/index.php?rest_route=\/wp\/v2\/types\/post"}],"author":[{"embeddable":true,"href":"https:\/\/imediata.org\/index.php?rest_route=\/wp\/v2\/users\/1"}],"replies":[{"embeddable":true,"href":"https:\/\/imediata.org\/index.php?rest_route=%2Fwp%2Fv2%2Fcomments&post=1716"}],"version-history":[{"count":4,"href":"https:\/\/imediata.org\/index.php?rest_route=\/wp\/v2\/posts\/1716\/revisions"}],"predecessor-version":[{"id":1722,"href":"https:\/\/imediata.org\/index.php?rest_route=\/wp\/v2\/posts\/1716\/revisions\/1722"}],"wp:attachment":[{"href":"https:\/\/imediata.org\/index.php?rest_route=%2Fwp%2Fv2%2Fmedia&parent=1716"}],"wp:term":[{"taxonomy":"category","embeddable":true,"href":"https:\/\/imediata.org\/index.php?rest_route=%2Fwp%2Fv2%2Fcategories&post=1716"},{"taxonomy":"post_tag","embeddable":true,"href":"https:\/\/imediata.org\/index.php?rest_route=%2Fwp%2Fv2%2Ftags&post=1716"}],"curies":[{"name":"wp","href":"https:\/\/api.w.org\/{rel}","templated":true}]}}