{"id":1703,"date":"2012-06-11T03:58:36","date_gmt":"2012-06-11T03:58:36","guid":{"rendered":"http:\/\/imediata.org\/?p=1703"},"modified":"2012-06-11T04:00:19","modified_gmt":"2012-06-11T04:00:19","slug":"singelas-profana-acoes-53%e2%80%93-semelhancas-se-mal-lancas-monti-e-tarantola","status":"publish","type":"post","link":"https:\/\/imediata.org\/?p=1703","title":{"rendered":">> Singelas PROFANA-a\u00e7\u00f5es 53\u2013 semelhan\u00e7as se mal lan\u00e7as&#8230; Monti e Tarantola"},"content":{"rendered":"<p>Singelas PROFANA-a\u00e7\u00f5es 53\u2013 semelhan\u00e7as se mal lan\u00e7as&#8230; Monti e Tarantola<br \/>\n<\/br><\/p>\n<p>E assim, na It\u00e1lia, Mario Monti, o primeiro ministro de um governo supostamente \u201ct\u00e9cnico\u201d, imposto por \u201cpoderes ocultos\u201d europeus, nomeia a vice-diretora da Banca d\u2019Italia para a presid\u00eancia da RAI. Ou seja, uma banqueira para \u201ccuidar\u201d da informa\u00e7\u00e3o supostamente \u201cp\u00fablica\u201d.  Qual o nome da banqueira?<br \/>\n<\/br><\/p>\n<p>Anna Maria \u201cTarantola\u201d\u2026 sugestivo nome, n\u00e3o \u00e9 mesmo?<br \/>\n<\/br><\/p>\n<p>Mas ainda mais sugestivo \u00e9 como Mario Monti e Anna Maria Tarantola se parecem. Nem que fossem g\u00eameos univitelinos\u2026<br \/>\nE as fotomontagens contrapondo os dois pesonagens viram \u201cvirais\u201d na net\u2026<\/p>\n<p><\/br><br \/>\n<a href=\"http:\/\/imediata.org\/wp-content\/uploads\/2012\/06\/175111749-a4a1f6c6-2c06-4cc5-b743-c728ece9bbe3.jpg\"><img loading=\"lazy\" decoding=\"async\" src=\"http:\/\/imediata.org\/wp-content\/uploads\/2012\/06\/175111749-a4a1f6c6-2c06-4cc5-b743-c728ece9bbe3.jpg\" alt=\"\" title=\"175111749-a4a1f6c6-2c06-4cc5-b743-c728ece9bbe3\" width=\"520\" height=\"520\" class=\"alignright size-full wp-image-1704\" srcset=\"https:\/\/imediata.org\/wp-content\/uploads\/2012\/06\/175111749-a4a1f6c6-2c06-4cc5-b743-c728ece9bbe3.jpg 520w, https:\/\/imediata.org\/wp-content\/uploads\/2012\/06\/175111749-a4a1f6c6-2c06-4cc5-b743-c728ece9bbe3-150x150.jpg 150w, https:\/\/imediata.org\/wp-content\/uploads\/2012\/06\/175111749-a4a1f6c6-2c06-4cc5-b743-c728ece9bbe3-300x300.jpg 300w\" sizes=\"auto, (max-width: 520px) 100vw, 520px\" \/><\/a><br \/>\n<\/br><br \/>\n<a href=\"http:\/\/imediata.org\/wp-content\/uploads\/2012\/06\/180403637-ccc710a2-aabe-40a8-a863-ab371bd8420d.jpg\"><img loading=\"lazy\" decoding=\"async\" src=\"http:\/\/imediata.org\/wp-content\/uploads\/2012\/06\/180403637-ccc710a2-aabe-40a8-a863-ab371bd8420d.jpg\" alt=\"\" title=\"180403637-ccc710a2-aabe-40a8-a863-ab371bd8420d\" width=\"620\" height=\"253\" class=\"alignright size-full wp-image-1705\" srcset=\"https:\/\/imediata.org\/wp-content\/uploads\/2012\/06\/180403637-ccc710a2-aabe-40a8-a863-ab371bd8420d.jpg 620w, https:\/\/imediata.org\/wp-content\/uploads\/2012\/06\/180403637-ccc710a2-aabe-40a8-a863-ab371bd8420d-300x122.jpg 300w\" sizes=\"auto, (max-width: 620px) 100vw, 620px\" \/><\/a><br \/>\nFonte: <a href=\"http:\/\/www.repubblica.it\/politica\/2012\/06\/09\/foto\/monti_e_la_tarantola-36878823\/1\/?ref=HRESS-16\">La Repubblica<\/a><\/p>\n","protected":false},"excerpt":{"rendered":"<p>Singelas PROFANA-a\u00e7\u00f5es 53\u2013 semelhan\u00e7as se mal lan\u00e7as&#8230; Monti e Tarantola E assim, na It\u00e1lia, Mario Monti, o primeiro ministro de um governo supostamente \u201ct\u00e9cnico\u201d, imposto por \u201cpoderes ocultos\u201d europeus, nomeia a vice-diretora da Banca d\u2019Italia para a presid\u00eancia da RAI. Ou seja, uma banqueira para \u201ccuidar\u201d da informa\u00e7\u00e3o supostamente \u201cp\u00fablica\u201d. Qual o nome da banqueira? [&hellip;]<\/p>\n","protected":false},"author":1,"featured_media":0,"comment_status":"open","ping_status":"open","sticky":false,"template":"","format":"standard","meta":{"footnotes":""},"categories":[96],"tags":[918,920,413,919],"class_list":["post-1703","post","type-post","status-publish","format-standard","hentry","category-singelas-profana-acoes","tag-anna-maria-tarantola","tag-banqueira-manda-nas-informacoes-publicas","tag-mario-monti","tag-nova-presidente-da-rai"],"_links":{"self":[{"href":"https:\/\/imediata.org\/index.php?rest_route=\/wp\/v2\/posts\/1703","targetHints":{"allow":["GET"]}}],"collection":[{"href":"https:\/\/imediata.org\/index.php?rest_route=\/wp\/v2\/posts"}],"about":[{"href":"https:\/\/imediata.org\/index.php?rest_route=\/wp\/v2\/types\/post"}],"author":[{"embeddable":true,"href":"https:\/\/imediata.org\/index.php?rest_route=\/wp\/v2\/users\/1"}],"replies":[{"embeddable":true,"href":"https:\/\/imediata.org\/index.php?rest_route=%2Fwp%2Fv2%2Fcomments&post=1703"}],"version-history":[{"count":3,"href":"https:\/\/imediata.org\/index.php?rest_route=\/wp\/v2\/posts\/1703\/revisions"}],"predecessor-version":[{"id":1708,"href":"https:\/\/imediata.org\/index.php?rest_route=\/wp\/v2\/posts\/1703\/revisions\/1708"}],"wp:attachment":[{"href":"https:\/\/imediata.org\/index.php?rest_route=%2Fwp%2Fv2%2Fmedia&parent=1703"}],"wp:term":[{"taxonomy":"category","embeddable":true,"href":"https:\/\/imediata.org\/index.php?rest_route=%2Fwp%2Fv2%2Fcategories&post=1703"},{"taxonomy":"post_tag","embeddable":true,"href":"https:\/\/imediata.org\/index.php?rest_route=%2Fwp%2Fv2%2Ftags&post=1703"}],"curies":[{"name":"wp","href":"https:\/\/api.w.org\/{rel}","templated":true}]}}