{"id":1695,"date":"2012-06-11T03:46:24","date_gmt":"2012-06-11T03:46:24","guid":{"rendered":"http:\/\/imediata.org\/?p=1695"},"modified":"2012-06-11T04:30:25","modified_gmt":"2012-06-11T04:30:25","slug":"da-misantropia-por-franco-battiato-composicoes-do-autor-e-videos-da-lixocracia-nossa","status":"publish","type":"post","link":"https:\/\/imediata.org\/?p=1695","title":{"rendered":">> DA MISANTROPIA, por Franco Battiato + composi\u00e7\u00f5es do autor e v\u00eddeos de uma Lixocracia toda &#8220;nossa&#8221;"},"content":{"rendered":"<p><strong>DA MISANTROPIA<br \/>\n<\/br><br \/>\nPor Franco Battiato<br \/>\nFonte: <a href=\"http:\/\/www.ilfattoquotidiano.it\/2012\/06\/08\/della-misantropia\/256733\/?8.06.2012\">il fatto quotidiano<\/a><br \/>\nVia comedonchisciotte.org<br \/>\nTradu\u00e7\u00e3o: Mario S. Mieli<\/strong><br \/>\n<\/br><\/p>\n<p><strong>Trechos extra\u00eddos do cap\u00edtulo \u201cDe Gubernatione\u201d do livro \u201cDella Misantropia\u201d (Da Misantropia), que saiu hoje, 10 de junho de 2012, na It\u00e1lia, de Manlio Sgalambro, Edizione Adelphi.<\/strong><br \/>\n<\/br><br \/>\n<a href=\"http:\/\/imediata.org\/wp-content\/uploads\/2012\/06\/abuso-di-potere1.jpg\"><img loading=\"lazy\" decoding=\"async\" src=\"http:\/\/imediata.org\/wp-content\/uploads\/2012\/06\/abuso-di-potere1.jpg\" alt=\"\" title=\"abuso-di-potere1\" width=\"400\" height=\"370\" class=\"alignright size-full wp-image-1696\" srcset=\"https:\/\/imediata.org\/wp-content\/uploads\/2012\/06\/abuso-di-potere1.jpg 400w, https:\/\/imediata.org\/wp-content\/uploads\/2012\/06\/abuso-di-potere1-300x277.jpg 300w\" sizes=\"auto, (max-width: 400px) 100vw, 400px\" \/><\/a><br \/>\n<\/br><br \/>\nA dissolu\u00e7\u00e3o das sociedades nos seus <strong>governos<\/strong> \u00e9 algo que est\u00e1 acontecendo sob os nossos olhos\u2026<br \/>\n<\/br><\/p>\n<p><strong>Esse governo<\/strong>, cujo conceito triunfa, a cada dia faz avisar de sua exist\u00eancia, cada dia fala de si e se torna vis\u00edvel de todos os modos. Elogia quotidianamente as suas atividades e as fun\u00e7\u00f5es em que se exterioriza o seu ser de maneira indecorosa. Com se fosse poss\u00edvel admirar um indiv\u00edduo que se gaba cada dia das suas fun\u00e7\u00f5es corp\u00f3reas&#8230;<br \/>\n<\/br><\/p>\n<p>Em resumo, faz as suas <strong>necessidades em p\u00fablico<\/strong>: horr\u00edvel&#8230;<br \/>\n<\/br><\/p>\n<p><a href=\"http:\/\/imediata.org\/wp-content\/uploads\/2012\/06\/300px-Pieter_Bruegel_the_Elder_-_The_Misanthrope_-_WGA3521.jpg\"><img loading=\"lazy\" decoding=\"async\" src=\"http:\/\/imediata.org\/wp-content\/uploads\/2012\/06\/300px-Pieter_Bruegel_the_Elder_-_The_Misanthrope_-_WGA3521.jpg\" alt=\"\" title=\"300px-Pieter_Bruegel_the_Elder_-_The_Misanthrope_-_WGA3521\" width=\"300\" height=\"292\" class=\"alignright size-full wp-image-1697\" \/><\/a><br \/>\nFoto: O Misantropo, de Bruegel, O Anci\u00e3o, (1568), Museo di Capodimonte, N\u00e1poles<br \/>\n<\/br><br \/>\n\u2026.Um ponto que n\u00e3o se discute \u00e9, de fato, se precisamos ser governados. \u00c9 necess\u00e1rio, portanto, que reportem esse industrioso conceito para cada um de n\u00f3s que formamos o seu objeto, e nos perguntarmos se nos julgamos verdadeiramente t\u00e3o inferiores e incapazes. H\u00e1 quem, entre n\u00f3s, diria: \u201cEu quero ser governado?\u201d<br \/>\n<\/br><\/p>\n<p>Resumindo, se grupos de miser\u00e1veis gritam \u201c<strong>Queremos um governo<\/strong>\u201d, na realidade, tomados individualmente, nenhum deles desejaria ser governado. Querer\u00edamos s\u00f3 administradores do nosso comum patrim\u00f4nio, que os pol\u00edticos chamam \u201csociedade\u201d para se apoderem melhor dele&#8230;<br \/>\n<\/br><\/p>\n<p>&#8230;. Para os <strong>oficiantes da pol\u00edtica<\/strong> n\u00f3s somos almas mortas. Podemos falar somente atrav\u00e9s deles. (Mas a pol\u00edtica e os seus sacerdotes aspiram a que n\u00f3s tamb\u00e9m pensemos atrav\u00e9s deles.) Eles s\u00e3o como funis pelos quais passam nossas lamenta\u00e7\u00f5es, j\u00e1 transformadas em felizes marchinhas\u2026. Eles desejariam \u2018<strong>representar<\/strong>\u2019 a minha exist\u00eancia, enquanto eu duvido da deles&#8230;<br \/>\n<\/br><\/p>\n<p>&#8230; E acho que quem amplia a si mesmo, quem chega a compreender na unidade de si mesmo tudo aquilo que \u00e9, e a transformar aquilo que ele \u00e9 naquilo que ele tem, n\u00e3o pode mais levar em conta seus pr\u00f3prios similares. Eu sou todos os meus atributos. Que eu seja n\u00e3o basta, preciso ter-me&#8230;<br \/>\n<\/br><\/p>\n<p>&#8230; <strong>&#8220;Eu me possuo&#8221;<\/strong> se torna o seu ponto de for\u00e7a e isso atrav\u00e9s do se reapropriar tamb\u00e9m do poder de se auto-representar.<br \/>\n<\/br><br \/>\n<strong>Sele\u00e7\u00e3o de v\u00eddeos de \u00e9pocas diversas com composi\u00e7\u00f5es de Franco Battiato<\/strong><br \/>\n<strong>Franco Battiato? &#8211; Shock In My Town?<\/strong><br \/>\nhttp:\/\/youtu.be\/qlwFygkAw9w<br \/>\n<\/br><\/p>\n<p><strong>Franco Battiato &#8211; Up Patriots to Arms<\/strong><br \/>\nhttp:\/\/youtu.be\/ULOI_yDuq4A<br \/>\n<\/br><\/p>\n<p><strong>Franco Battiato- Aria Di Rivoluzione?<\/strong><br \/>\n<iframe loading=\"lazy\" title=\"Franco Battiato- Aria Di Rivoluzione\" width=\"640\" height=\"480\" src=\"https:\/\/www.youtube.com\/embed\/6xl3WbjR9a0?feature=oembed\" frameborder=\"0\" allow=\"accelerometer; autoplay; clipboard-write; encrypted-media; gyroscope; picture-in-picture; web-share\" referrerpolicy=\"strict-origin-when-cross-origin\" allowfullscreen><\/iframe><br \/>\n<\/br><\/p>\n<p><strong>Povera Patria-Franco Battiato?<\/strong><br \/>\nhttp:\/\/youtu.be\/rHN_IeseHKs<br \/>\n<\/br><\/p>\n<p><strong>E por que n\u00e3o inserir alguns flashes de uma LIXOCRACIA toda \u201cnossa\u201d?<\/strong><br \/>\n<\/br><\/p>\n<p><strong>Cabral e sua gang gastaram quase US$ 400 mil em Paris<\/strong><br \/>\n<iframe loading=\"lazy\" title=\"Cabral e sua gang gastaram quase US$ 400 mil em Paris\" width=\"640\" height=\"480\" src=\"https:\/\/www.youtube.com\/embed\/iBh_7kDxY-4?feature=oembed\" frameborder=\"0\" allow=\"accelerometer; autoplay; clipboard-write; encrypted-media; gyroscope; picture-in-picture; web-share\" referrerpolicy=\"strict-origin-when-cross-origin\" allowfullscreen><\/iframe><\/p>\n<p><\/br><\/p>\n<p><strong>Governador Do Rio Aparece Em V\u00eddeo Junto Com Dono Da Construtora Delta<\/strong><br \/>\nhttp:\/\/youtu.be\/L355epb-GF0<\/p>\n","protected":false},"excerpt":{"rendered":"<p>DA MISANTROPIA Por Franco Battiato Fonte: il fatto quotidiano Via comedonchisciotte.org Tradu\u00e7\u00e3o: Mario S. Mieli Trechos extra\u00eddos do cap\u00edtulo \u201cDe Gubernatione\u201d do livro \u201cDella Misantropia\u201d (Da Misantropia), que saiu hoje, 10 de junho de 2012, na It\u00e1lia, de Manlio Sgalambro, Edizione Adelphi. A dissolu\u00e7\u00e3o das sociedades nos seus governos \u00e9 algo que est\u00e1 acontecendo sob [&hellip;]<\/p>\n","protected":false},"author":1,"featured_media":0,"comment_status":"open","ping_status":"open","sticky":false,"template":"","format":"standard","meta":{"footnotes":""},"categories":[81,9],"tags":[916,917,898,95,915,914],"class_list":["post-1695","post","type-post","status-publish","format-standard","hentry","category-imediartivismo","category-lance-de-dados","tag-franco-battiato","tag-governar","tag-lixocracia","tag-mario-s-mieli","tag-misantropia","tag-poder"],"_links":{"self":[{"href":"https:\/\/imediata.org\/index.php?rest_route=\/wp\/v2\/posts\/1695","targetHints":{"allow":["GET"]}}],"collection":[{"href":"https:\/\/imediata.org\/index.php?rest_route=\/wp\/v2\/posts"}],"about":[{"href":"https:\/\/imediata.org\/index.php?rest_route=\/wp\/v2\/types\/post"}],"author":[{"embeddable":true,"href":"https:\/\/imediata.org\/index.php?rest_route=\/wp\/v2\/users\/1"}],"replies":[{"embeddable":true,"href":"https:\/\/imediata.org\/index.php?rest_route=%2Fwp%2Fv2%2Fcomments&post=1695"}],"version-history":[{"count":7,"href":"https:\/\/imediata.org\/index.php?rest_route=\/wp\/v2\/posts\/1695\/revisions"}],"predecessor-version":[{"id":1714,"href":"https:\/\/imediata.org\/index.php?rest_route=\/wp\/v2\/posts\/1695\/revisions\/1714"}],"wp:attachment":[{"href":"https:\/\/imediata.org\/index.php?rest_route=%2Fwp%2Fv2%2Fmedia&parent=1695"}],"wp:term":[{"taxonomy":"category","embeddable":true,"href":"https:\/\/imediata.org\/index.php?rest_route=%2Fwp%2Fv2%2Fcategories&post=1695"},{"taxonomy":"post_tag","embeddable":true,"href":"https:\/\/imediata.org\/index.php?rest_route=%2Fwp%2Fv2%2Ftags&post=1695"}],"curies":[{"name":"wp","href":"https:\/\/api.w.org\/{rel}","templated":true}]}}