{"id":1674,"date":"2012-06-06T19:32:44","date_gmt":"2012-06-06T19:32:44","guid":{"rendered":"http:\/\/imediata.org\/?p=1674"},"modified":"2012-06-06T19:32:44","modified_gmt":"2012-06-06T19:32:44","slug":"sala-de-espera-27-%e2%80%93-e-essa-a-nossa-natureza-humana","status":"publish","type":"post","link":"https:\/\/imediata.org\/?p=1674","title":{"rendered":">> Sala de Espera 27 \u2013 \u00c9 essa a nossa natureza humana?"},"content":{"rendered":"<p><strong>Sala de Espera 27 \u2013 \u00c9 essa a nossa natureza humana?<br \/>\n<\/br><\/p>\n<p>Fonte do v\u00eddeo: The Shift Project<br \/>\nTranscri\u00e7\u00e3o traduzida: Mario S. Mieli<br \/>\n<\/br><br \/>\n\u00c9 essa a nossa natureza humana?<\/strong><br \/>\nIs This Our Human Nature?<br \/>\n<iframe loading=\"lazy\" title=\"Is This Our Human Nature?\" width=\"640\" height=\"360\" src=\"https:\/\/www.youtube.com\/embed\/hb4ZHJpMuIo?feature=oembed\" frameborder=\"0\" allow=\"accelerometer; autoplay; clipboard-write; encrypted-media; gyroscope; picture-in-picture; web-share\" referrerpolicy=\"strict-origin-when-cross-origin\" allowfullscreen><\/iframe><\/p>\n<p><\/br><br \/>\n\u00c9 essa nossa natureza humana?<br \/>\n\u00c9 esse o nosso estado natural?<br \/>\nParece auto-evidente. Pense nisso: se todas essas coisas, todo o esfor\u00e7o que \u00e9 colocado diariamente pela m\u00eddia, por tudo que vemos nas not\u00edcias, nos esportes, que vemos constantemente na propaganda, tudo que nos jogam na cara o tempo todo. Sem parar.<br \/>\nSe tudo isso n\u00e3o estivesse a\u00ed, o que estar\u00edamos fazendo? Ser\u00e1 que funcionar\u00edamos desse modo?<br \/>\n<\/br><br \/>\nSe n\u00e3o estiv\u00e9ssemos morrendo de medo, se n\u00e3o estiv\u00e9ssemos vendo separa\u00e7\u00e3o entre todo mundo, julgando todo mundo com base no que est\u00e3o fazendo, no que est\u00e3o vestindo, em como se comportam&#8230;<br \/>\n<\/br><br \/>\nTodas essas coisas precisam estar a\u00ed o tempo todo, porque se n\u00e3o estivessem a\u00ed, voltar\u00edamos ao nosso estado natural, voltar\u00edamos a ser o que realmente somos.<br \/>\n<\/br><br \/>\nPor isso vemos tantas dessas coisas o tempo todo. Por isso coloca-se tamanho esfor\u00e7o para colocar e sustentar todas essas coisas.<br \/>\n<\/br><br \/>\nOlhem a economia, o modo como  o mundo funciona.<br \/>\nPrecisa de tanto para se mantido, porque \u00e9 totalmente contr\u00e1rio ao que somos, a como funcionar\u00edamos como seres humanos naturais.<br \/>\n<\/br><br \/>\nPor isso vemos essas coisas todas, todo esse esfor\u00e7o.<br \/>\nSe isso sumisse, o mundo seria totalmente diferente.<br \/>\nPor isso h\u00e1 tanto medo \u2013 o que aconteceria se o sistema entrasse em colapso? O que aconteceria?<br \/>\n<\/br><br \/>\nEles sabem que no momento que ele entrar em colapso, ser\u00e1 o momento que as pessoas voltar\u00e3o ao seu estado natural, passando a operar de modo cooperativo, com base na comunidade, com todos ajudando os outros a progredir.<br \/>\n<\/br><br \/>\n[voz no telefone, dirigindo-se aos respons\u00e1veis pelo mundo tal como ele \u00e9]<br \/>\n<\/br><br \/>\nEu sei que voc\u00eas est\u00e3o a\u00ed. Posso senti-los.<br \/>\nSei que voc\u00eas est\u00e3o com medo. Medo de n\u00f3s.<br \/>\nMedo de mudan\u00e7a. N\u00e3o sei sobre o futuro.<br \/>\nE n\u00e3o vim aqui para dizer-lhes como isso vai acabar.<br \/>\nVim aqui para dizer-lhes como vai come\u00e7ar.<br \/>\n<\/br><br \/>\n[Na tela: FALHA DE SISTEMA]<br \/>\n<\/br><br \/>\nVou desligar o telefone e mostrar a todas as pessoas o que voc\u00eas n\u00e3o querem que elas vejam.<br \/>\nVou mostrar o que seria o mundo SEM VOC\u00caS.<br \/>\nUm mundo sem regras nem controle, sem fronteiras nem limites.<br \/>\nUm mundo onde tudo \u00e9 poss\u00edvel.<br \/>\n<\/br><br \/>\nPara onde iremos? \u00c9 uma escolha que deixo para voc\u00eas.<\/p>\n","protected":false},"excerpt":{"rendered":"<p>Sala de Espera 27 \u2013 \u00c9 essa a nossa natureza humana? Fonte do v\u00eddeo: The Shift Project Transcri\u00e7\u00e3o traduzida: Mario S. Mieli \u00c9 essa a nossa natureza humana? Is This Our Human Nature? \u00c9 essa nossa natureza humana? \u00c9 esse o nosso estado natural? Parece auto-evidente. Pense nisso: se todas essas coisas, todo o esfor\u00e7o [&hellip;]<\/p>\n","protected":false},"author":1,"featured_media":0,"comment_status":"open","ping_status":"open","sticky":false,"template":"","format":"standard","meta":{"footnotes":""},"categories":[81,100],"tags":[894,895,95,893],"class_list":["post-1674","post","type-post","status-publish","format-standard","hentry","category-imediartivismo","category-sala-de-espera","tag-a-natureza-humana","tag-evolucao-da-consciencia-humana","tag-mario-s-mieli","tag-the-shift-project"],"_links":{"self":[{"href":"https:\/\/imediata.org\/index.php?rest_route=\/wp\/v2\/posts\/1674","targetHints":{"allow":["GET"]}}],"collection":[{"href":"https:\/\/imediata.org\/index.php?rest_route=\/wp\/v2\/posts"}],"about":[{"href":"https:\/\/imediata.org\/index.php?rest_route=\/wp\/v2\/types\/post"}],"author":[{"embeddable":true,"href":"https:\/\/imediata.org\/index.php?rest_route=\/wp\/v2\/users\/1"}],"replies":[{"embeddable":true,"href":"https:\/\/imediata.org\/index.php?rest_route=%2Fwp%2Fv2%2Fcomments&post=1674"}],"version-history":[{"count":1,"href":"https:\/\/imediata.org\/index.php?rest_route=\/wp\/v2\/posts\/1674\/revisions"}],"predecessor-version":[{"id":1675,"href":"https:\/\/imediata.org\/index.php?rest_route=\/wp\/v2\/posts\/1674\/revisions\/1675"}],"wp:attachment":[{"href":"https:\/\/imediata.org\/index.php?rest_route=%2Fwp%2Fv2%2Fmedia&parent=1674"}],"wp:term":[{"taxonomy":"category","embeddable":true,"href":"https:\/\/imediata.org\/index.php?rest_route=%2Fwp%2Fv2%2Fcategories&post=1674"},{"taxonomy":"post_tag","embeddable":true,"href":"https:\/\/imediata.org\/index.php?rest_route=%2Fwp%2Fv2%2Ftags&post=1674"}],"curies":[{"name":"wp","href":"https:\/\/api.w.org\/{rel}","templated":true}]}}