{"id":1655,"date":"2012-06-02T02:40:44","date_gmt":"2012-06-02T02:40:44","guid":{"rendered":"http:\/\/imediata.org\/?p=1655"},"modified":"2012-06-02T02:59:13","modified_gmt":"2012-06-02T02:59:13","slug":"ecoguerreiros-levantem-se-por-vandana-shiva-chamada-global-para-a-rio20-a-necessidade-de-mudanca-de-paradigma","status":"publish","type":"post","link":"https:\/\/imediata.org\/?p=1655","title":{"rendered":">> ECOGUERREIROS, LEVANTEM-SE! por VANDANA SHIVA &#8211; CHAMADA GLOBAL PARA A RIO+20 &#8211; A NECESSIDADE DE MUDAN\u00c7A DE PARADIGMA"},"content":{"rendered":"<p><strong>ECOGUERREIROS, LEVANTEM-SE! por VANDANA SHIVA &#8211; CHAMADA GLOBAL PARA A RIO+20 &#8211; A NECESSIDADE DE MUDAN\u00c7A DE PARADIGMA <\/strong><br \/>\n<\/br><\/p>\n<p><strong>Por: Vandana Shiva<br \/>\nFonte: <a href=\"http:\/\/www.asianage.com\/columnists\/eco-warriors-arise-128\">Asian Age<\/a> de 1 de junho de 2012<br \/>\nTradu\u00e7\u00e3o: Mario S. Mieli<\/strong><br \/>\n<\/br><br \/>\n<a href=\"http:\/\/imediata.org\/wp-content\/uploads\/2012\/06\/pag1_baiadeguanabara_310x190.jpg\"><img loading=\"lazy\" decoding=\"async\" src=\"http:\/\/imediata.org\/wp-content\/uploads\/2012\/06\/pag1_baiadeguanabara_310x190.jpg\" alt=\"\" title=\"pag1_baiadeguanabara_310x190\" width=\"310\" height=\"190\" class=\"alignright size-full wp-image-1656\" srcset=\"https:\/\/imediata.org\/wp-content\/uploads\/2012\/06\/pag1_baiadeguanabara_310x190.jpg 310w, https:\/\/imediata.org\/wp-content\/uploads\/2012\/06\/pag1_baiadeguanabara_310x190-300x183.jpg 300w\" sizes=\"auto, (max-width: 310px) 100vw, 310px\" \/><\/a><br \/>\n<\/br><br \/>\n<a href=\"http:\/\/imediata.org\/wp-content\/uploads\/2012\/06\/VANDANA1.thumbnail.jpg\"><img loading=\"lazy\" decoding=\"async\" src=\"http:\/\/imediata.org\/wp-content\/uploads\/2012\/06\/VANDANA1.thumbnail.jpg\" alt=\"\" title=\"VANDANA1.thumbnail\" width=\"100\" height=\"118\" class=\"alignright size-full wp-image-1657\" \/><\/a><br \/>\n<\/br><br \/>\nEm junho de 2012, movimentos e l\u00edderes se reunir\u00e3o no Rio para a Rio+20, duas d\u00e9cadas depois que a Confer\u00eancia da ONU sobre Meio Ambiente e Desenvolvimento ocorreu, em 1992, para discutir  urgentes desafios ecol\u00f3gicos, como a extin\u00e7\u00e3o de esp\u00e9cies, a eros\u00e3o da biodiversidade e a mudan\u00e7a clim\u00e1tica. A Confer\u00eancia nos forneceu duas leis ambientais significativas: a Conven\u00e7\u00e3o das Na\u00e7\u00f5es Unidas para a Diversidade Biol\u00f3gica (CDB) e a Conven\u00e7\u00e3o sobre Mudan\u00e7a do Clima, na estrutura das Na\u00e7\u00f5es Unidas. Deu-nos tamb\u00e9m os princ\u00edpios do Rio, inclusive o Princ\u00edpio Precaucion\u00e1rio e o Princ\u00edpio segundo o qual Quem Polui Paga.<br \/>\n<\/br><\/p>\n<p>O mundo mudou radicalmente desde 1992 e, infelizmente, n\u00e3o para melhor. A sustentabilidade ecol\u00f3gica tem sido sistematicamente sacrificada em prol de um modelo de economia que est\u00e1, ele mesmo, em crise. Em 1995, criou um deslocamento tect\u00f4nico quanto aos valores que guiam nossas decis\u00f5es, e quanto a quem toma essas decis\u00f5es. A Confer\u00eancia do Rio estava baseada em valores de sustentabilidade ecol\u00f3gica, justi\u00e7a social e equidade econ\u00f4mica \u2013 seja em v\u00e1rios pa\u00edses que ao interior desses v\u00e1rios pa\u00edses. Ela foi configurada por movimentos ecol\u00f3gicos, ci\u00eancia ecol\u00f3gica e governos soberanos. O \u2018establishment\u2019 da OMC (Organiza\u00e7\u00e3o Mundial do Com\u00e9rcio), e o paradigma do comando corporativo global, imprecisamente chamado de \u201clivre mercado\u201d (mais acuradamente descrito como globaliza\u00e7\u00e3o corporativa) mudou os valores e as estruturas da governan\u00e7a e do processo de tomada de decis\u00e3o.<br \/>\n<\/br><\/p>\n<p>A conserva\u00e7\u00e3o dos recursos da Terra e a partilha justa desses recursos foram substitu\u00eddos pela gan\u00e2ncia, pelo apoderamento e pela privatiza\u00e7\u00e3o de recursos (1). Economias e sociedades sustent\u00e1veis foram substitu\u00eddas por sistema de produ\u00e7\u00e3o n\u00e3o sustent\u00e1veis e um movimento incans\u00e1vel em espalhar o v\u00edrus do consumismo. A tomada de decis\u00e3o passou \u00e0s m\u00e3os de corpora\u00e7\u00f5es globais, tanto direta quanto indiretamente. Assim, n\u00e3o surpreende que, ao nos reunirmos na Rio+20, a crise ecol\u00f3gica est\u00e1 mais profunda que na \u00e9poca da Confer\u00eancia de \u201892, e a determina\u00e7\u00e3o e a capacidade dos governos est\u00e3o mais fracas (2).<br \/>\n<\/br><\/p>\n<p>Enquanto as corpora\u00e7\u00f5es escreviam as regras da OMC e do livre com\u00e9rcio global, elas tamb\u00e9m subvertiam as regras ambientais que deveriam regular suas atividades comerciais para garantir a sustentabilidade. Essas empresas mudaram as leis relativas ao meio-ambiente que deveriam regular o com\u00e9rcio atrav\u00e9s de leis para a comercializa\u00e7\u00e3o e a mercantiliza\u00e7\u00e3o dos recursos da terra e das fun\u00e7\u00f5es ecol\u00f3gicas.<br \/>\n<\/br><\/p>\n<p><strong>Lucrando com a polui\u00e7\u00e3o <\/strong><br \/>\n<\/br><\/p>\n<p>As corpora\u00e7\u00f5es subverteram o Tratado do Clima e a Conven\u00e7\u00e3o para a Biodiversidade. <strong>Em vez dos poluidores pagarem e serem regulados em \u00e2mbito nacional e internacional para parar a polui\u00e7\u00e3o, os maiores poluidores atmosf\u00e9ricos, que mais contribu\u00edram para a mudan\u00e7a clim\u00e1tica, est\u00e3o ditando as regras de como lidar com a mudan\u00e7a clim\u00e1tica.<\/strong> O setor biotecnol\u00f3gico, que causou a polui\u00e7\u00e3o gen\u00e9tica, espalhando organismos geneticamente modificados no ambiente, est\u00e1 ditando as regras de como gerenciar a biodiversidade e como governar a Biosseguran\u00e7a. Um exemplo disso \u00e9 a introdu\u00e7\u00e3o da BRAI (Biotechnology Regulatory Authority, ou Autoridade Regulat\u00f3ria em Biotecnologia), na \u00cdndia.<br \/>\n<\/br><\/p>\n<p>O objetivo original do Tratado do Clima era estabelecer alvos de redu\u00e7\u00e3o de emiss\u00f5es legalmente obrigat\u00f3rios, que no per\u00edodo pr\u00e9-globaliza\u00e7\u00e3o estavam concentrados no Norte industrial rico. O tratado foi destru\u00eddo na Confer\u00eancia sobre o Clima em Copenhague (3), por uma tentativa de substitui-lo com o Acordo de Copenhague n\u00e3o compuls\u00f3rio. O Protocolo de Kyoto introduziu a comercializa\u00e7\u00e3o das emiss\u00f5es,  o que significou, efetivamente, que o poluidor \u00e9 pago, e n\u00e3o punido. Os grandes poluidores industriais s\u00e3o pagos, primeiro, com a permiss\u00e3o de terem direitos privados sobre a nossa atmosfera comum. Depois, s\u00e3o pagos atrav\u00e9s dos lucros da comercializa\u00e7\u00e3o do carbono.<br \/>\n<\/br><br \/>\n<a href=\"http:\/\/imediata.org\/wp-content\/uploads\/2012\/06\/arton1941-880791.jpg\"><img loading=\"lazy\" decoding=\"async\" src=\"http:\/\/imediata.org\/wp-content\/uploads\/2012\/06\/arton1941-880791.jpg\" alt=\"\" title=\"arton1941-880791\" width=\"220\" height=\"129\" class=\"alignright size-full wp-image-1658\" \/><\/a><br \/>\n<\/br><br \/>\nOs lucros aumentaram e as emiss\u00f5es aumentaram. O caos clim\u00e1tico est\u00e1 pior hoje que em 1992. E os poluidores est\u00e3o buscando novas formas de fazer dinheiro e se apoderarem de recursos. Agora querem transformar em mercadoria as fun\u00e7\u00f5es e os servi\u00e7os ecol\u00f3gicos que a natureza fornece. Esse ser\u00e1 o grande debate Clim\u00e1tico na Rio+20.<br \/>\n<\/br><\/p>\n<p>O objetivo original da Conven\u00e7\u00e3o sobre a Diversidade Biol\u00f3gica era a conserva\u00e7\u00e3o da biodiversidade e seu uso sustent\u00e1vel e justo (4). Este objetivo foi subvertido e est\u00e1 sendo crescentemente substitu\u00eddo por objetivos de com\u00e9rcio em recursos gen\u00e9ticos, lucros e privatiza\u00e7\u00e3o. O Protocolo de Nagoya sobre Acesso e Partilha dos Benef\u00edcios restringe o acesso a somente protagonistas globais, ignorando o acesso de comunidades locais. Trata como utiliza\u00e7\u00e3o, somente a utiliza\u00e7\u00e3o para pesquisa e com\u00e9rcio \u2013 ignorando as necessidades de sobreviv\u00eancia das comunidades locais. Na realidade, trata-se de Biopirataria legalizada, porque permite a transfer\u00eancia da riqueza gen\u00e9tica das comunidades locais para a as corpora\u00e7\u00f5es globais e destr\u00f3i as economias e culturas baseadas na biodiversidade, que conservaram essa biodiversidades, e que s\u00e3o necess\u00e1rias para conserv\u00e1-la para o futuro.<br \/>\n<\/br><\/p>\n<p><strong>\u2018Sabemos que podemos mudar isso\u2019 <\/strong><br \/>\n<\/br><\/p>\n<p>Tanto no Tratado do Clima quanto na Conven\u00e7\u00e3o sobre a Biodiversidade os neg\u00f3cios e o com\u00e9rcio est\u00e3o substituindo a conserva\u00e7\u00e3o e o bem comum. Os Direitos das Corpora\u00e7\u00f5es est\u00e3o substituindo os Direitos da Natureza e dos Cidad\u00e3os.<br \/>\n<\/br><\/p>\n<p>E esta mudan\u00e7a de valores, da conserva\u00e7\u00e3o e partilha para a explora\u00e7\u00e3o e a privatiza\u00e7\u00e3o, \u00e9 justificada em nome do progresso e do crescimento econ\u00f4micos. Apesar disso, o paradigma econ\u00f4mico pelo qual a Terra e a Sociedade est\u00e3o sendo saqueadas e destru\u00eddas, est\u00e1 ele mesmo em profunda crise. Basta ver os suic\u00eddios de agricultores e a crise de fome e subnutri\u00e7\u00e3o da \u00cdndia. Basta ver os protestos na Gr\u00e9cia, na Espanha, no movimento Occupy dos 99% nos EUA.<br \/>\n<\/br><\/p>\n<p>Como os indignados espanh\u00f3is disseram:<br \/>\n<\/br><\/p>\n<p>\u201c N\u00e3o compreendemos porque dever\u00edamos pagar os custos da crise, enquanto seus instigadores continuam a ter lucros recordes\u201d. Estamos cansados de uma injusti\u00e7a depois da outra. Queremos de volta a dignidade humana. Esse n\u00e3o \u00e9 o tipo de mundo em que queremos viver, e somos n\u00f3s que devemos decidir que mundo queremos. Sabemos que podemos mud\u00e1-lo e estamos curtindo muito fazer isso.\u201d<br \/>\n<\/br><\/p>\n<p><strong>\u00c9 extremamente necess\u00e1ria uma mudan\u00e7a de paradigma. E essa mudan\u00e7a n\u00e3o vir\u00e1 daquelas pessoas que criaram a crise, e que est\u00e3o procurando novos modos de prolongar o ciclo de vida da economia da Gan\u00e2ncia, tornando tudo uma mercadoria e privatizando todas as formas de vida da Terra. Eles vir\u00e3o \u00e0 Rio+20 para pintar de verde a Economia da Gan\u00e2ncia, e cham\u00e1-la de Economia Verde. E eles ter\u00e3o governos poderosos do seu lado. <\/strong><br \/>\n<\/br><\/p>\n<p><strong>Movimentos para a sustentabilidade ecol\u00f3gica, justi\u00e7a social e profunda democracia vir\u00e3o \u00e0 Rio+20 com um outro paradigma, centrado nos Direitos da M\u00e3e Terra, os direitos das gera\u00e7\u00f5es futuras, das mulheres, das comunidades ind\u00edgenas e dos agricultores. <\/strong><br \/>\n<\/br><\/p>\n<p><strong>\u00c9 esta disputa \u00e9pica entre um paradigma destrutivo, ultrapassado e moribundo e o paradigma emergente de valoriza\u00e7\u00e3o da vida que ser\u00e1 o aspecto mais significativo da Rio+20. O resultado dessa disputa determinar\u00e1 o futuro da humanidade.<\/strong> Este paradigma n\u00e3o entrar\u00e1 nas negocia\u00e7\u00f5es, que podem resultar somente no m\u00ednimo denominador comum, dentro do contexto corrente da influ\u00eancia corporativa. Mas ele fornecer\u00e1 a energia para a C\u00fapula dos Povos, e de muitas iniciativas governamentais no Rio Centro. Essa disputa continuar\u00e1 al\u00e9m do Rio, em cada pa\u00eds, em cada cidade e vilarejo, em cada fazenda e local de trabalho, em cada rua e em cada casa.<br \/>\n<\/br><\/p>\n<p>Nenhum de n\u00f3s est\u00e1 imune \u00e0 crise, ou \u00e0 resposta dada a ela. Nenhum de n\u00f3s \u00e9 um mero espectador. Estamos todos imersos em processos que est\u00e3o amea\u00e7ando o planeta e nosso pr\u00f3prio futuro, ou achando modos criativos de forjar um futuro justo e sustent\u00e1vel. Cada dia \u00e9 uma Confer\u00eancia sobre Meio Ambiente e Desenvolvimento em nossas vidas. E cada um de n\u00f3s est\u00e1 negociando o nosso destino coletivo na Terra.<br \/>\n<\/br><\/p>\n<p>\u00a9 2012 The Asian Age<br \/>\n<\/br><br \/>\n<a href=\"http:\/\/imediata.org\/wp-content\/uploads\/2012\/06\/global_transition.jpg.png\"><img loading=\"lazy\" decoding=\"async\" src=\"http:\/\/imediata.org\/wp-content\/uploads\/2012\/06\/global_transition.jpg.png\" alt=\"\" title=\"global_transition.jpg\" width=\"281\" height=\"289\" class=\"alignright size-full wp-image-1659\" \/><\/a><br \/>\n<\/br><br \/>\n<strong>Notas:<\/strong><br \/>\n(1)\thttp:\/\/www.guardian.co.uk\/sustainable-business\/climate-change-business-action-investors<br \/>\n(2)\thttp:\/\/www.huffingtonpost.com\/2012\/05\/11\/united-nations-rio20_n_1509908.html<br \/>\n(3)\thttp:\/\/www.nytimes.com\/2009\/12\/14\/business\/energy-environment\/14iht-green14.html?_r=2&#038;pagewanted=all<br \/>\n(4)\thttp:\/\/www.guardian.co.uk\/global-development\/2012\/may\/24\/rio-20-sustainable-agriculture-caroline-spelman<\/p>\n<p><\/br><br \/>\n<strong>Alguns sites para acompanhar os eventos da Rio+20:<\/strong><br \/>\n<\/br><br \/>\n<a href=\"http:\/\/rio20.net\/pt-br\/\">http:\/\/rio20.net\/pt-br\/<\/a><\/p>\n<p><a href=\"http:\/\/cupuladospovos.org.br\/\">http:\/\/cupuladospovos.org.br\/<\/a><\/p>\n<p><a href=\"http:\/\/www.rio20.gov.br\/\">http:\/\/www.rio20.gov.br\/<\/a><\/p>\n<p><a href=\"http:\/\/www.rio20.info\/2012\/\">http:\/\/www.rio20.info\/2012\/<\/a><\/p>\n<p><\/br><\/p>\n<p><strong>VEJA TAMB\u00c9M OS SEGUINTES ARTIGOS DE VANDANA SHIVA DISPON\u00cdVEIS NA IMEDIATA:<\/strong><br \/>\n<\/br><\/p>\n<p><strong>>> Al\u00e9m dos paradigmas fossilizados: a futura economia alimentar, por Vandana Shiva<\/strong><br \/>\n<a href=\"http:\/\/imediata.org\/?p=1456\">http:\/\/imediata.org\/?p=1456<\/a><br \/>\n<\/br><\/p>\n<p><strong>>> Bioimperialismo, controle total da vida na Terra, espalhar a cultura da ignor\u00e2ncia \u2013 Vandana Shiva em entrevista<\/strong><br \/>\n<a href=\"http:\/\/imediata.org\/?p=1134\">http:\/\/imediata.org\/?p=1134<\/a><br \/>\n<\/br><\/p>\n<p><strong>>> Cinco minutos com Vandana Shiva \u2013 \u201cN\u00e3o h\u00e1 limites para o que podemos criar.\u201d<\/strong><br \/>\n<a href=\"http:\/\/imediata.org\/?p=674???\">?http:\/\/imediata.org\/?p=674<\/a><br \/>\n<\/br><br \/>\n<strong>VANDANA SHIVA: ABAIXO A DITADURA ALIMENTAR!!!<\/strong><br \/>\n<a href=\"http:\/\/imediata.org\/?p=470\">http:\/\/imediata.org\/?p=470<\/a><br \/>\n<\/br><\/p>\n<p><strong>Est\u00e1 na hora de acabar com a Guerra contra a Terra<\/strong><br \/>\n<a href=\"http:\/\/imediata.org\/?p=365\">http:\/\/imediata.org\/?p=365<\/a><br \/>\n<\/br><\/p>\n<p><strong>Os campos de exterm\u00ednio das corpora\u00e7\u00f5es multinacionais; os pesticidas, polui\u00e7\u00e3o e economias de genoc\u00eddio<\/strong><br \/>\n<a href=\"http:\/\/imediata.org\/?p=356\">http:\/\/imediata.org\/?p=356<\/a><br \/>\n<\/br><\/p>\n<p><strong>A injusti\u00e7a dos cr\u00e9ditos de carbono compensat\u00f3rios<\/strong><br \/>\n<a href=\"http:\/\/imediata.org\/?p=84\">http:\/\/imediata.org\/?p=84<\/a><br \/>\n<\/br><\/p>\n<p><strong>Consulte tamb\u00e9m os v\u00e1rios artigos anteriores no<br \/>\nArquivo Imediata: portais Lance de Dados e Biodiversidade:<\/strong><br \/>\n<\/br><\/p>\n<p><strong>\u00c1GUAS SAGRADAS<\/strong><br \/>\n<a href=\"http:\/\/imediata.org\/biodiv\/shiva_aguassagradas.html\">http:\/\/imediata.org\/biodiv\/shiva_aguassagradas.html<\/a><br \/>\n<\/br><\/p>\n<p><strong>A privatiza\u00e7\u00e3o e as guerras da \u00e1gua<\/strong><br \/>\n<a href=\"http:\/\/imediata.org\/biodiv\/shiva_guerrasagua.html\">http:\/\/imediata.org\/biodiv\/shiva_guerrasagua.html<\/a><br \/>\n<\/br><\/p>\n<p><strong>Terrorismo, Agricultura e a Coopera\u00e7\u00e3o \u00cdndia-EUA<\/strong><br \/>\n<a href=\"http:\/\/imediata.org\/lancededados\/VANDANASHIVA\/vandana_terroragricultura.html\">http:\/\/imediata.org\/lancededados\/VANDANASHIVA\/vandana_terroragricultura.html<\/a><br \/>\n<\/br><\/p>\n<p><strong>O mundo polarizado da globaliza\u00e7\u00e3o (Uma resposta \u00e0 hip\u00f3tese da terra plana de Tom Friedman)<\/strong><br \/>\n<a href=\"http:\/\/imediata.org\/lancededados\/VANDANASHIVA\/vandana_mundopolarizado.html\">http:\/\/imediata.org\/lancededados\/VANDANASHIVA\/vandana_mundopolarizado.html<\/a><br \/>\n<\/br><\/p>\n<p><strong>&#8220;Moldando hoje o futuro no qual queremos viver&#8221; \u2013 uma hora com Vandana Shiva<\/strong><br \/>\n<a href=\"http:\/\/imediata.org\/lancededados\/VANDANASHIVA\/futuro.html\">http:\/\/imediata.org\/lancededados\/VANDANASHIVA\/futuro.html<\/a><br \/>\n<\/br><\/p>\n<p><strong>&#8220;A liberta\u00e7\u00e3o \u00e9 vida com dignidade&#8221;<br \/>\nFergus Nicoll entrevista Vandana Shiva no programa Agenda da BBC.<\/strong><br \/>\n<a href=\"http:\/\/imediata.org\/lancededados\/VANDANASHIVA\/vandana_entrevistaBBC.html\">http:\/\/imediata.org\/lancededados\/VANDANASHIVA\/vandana_entrevistaBBC.html<\/a><br \/>\n<\/br><\/p>\n<p><strong>Em louvor aos excrementos das vacas<\/strong><br \/>\n<a href=\"http:\/\/imediata.org\/lancededados\/VANDANASHIVA\/vandana_excrementos.html\">http:\/\/imediata.org\/lancededados\/VANDANASHIVA\/vandana_excrementos.html<\/a><br \/>\n<\/br><\/p>\n<p><strong>Desconstruindo o acesso ao mercado; mercado de quem, acesso de quem?<\/strong><br \/>\n<a href=\"http:\/\/imediata.org\/lancededados\/VANDANASHIVA\/desconstruindo.html\">http:\/\/imediata.org\/lancededados\/VANDANASHIVA\/desconstruindo.html<\/a><\/p>\n","protected":false},"excerpt":{"rendered":"<p>ECOGUERREIROS, LEVANTEM-SE! por VANDANA SHIVA &#8211; CHAMADA GLOBAL PARA A RIO+20 &#8211; A NECESSIDADE DE MUDAN\u00c7A DE PARADIGMA Por: Vandana Shiva Fonte: Asian Age de 1 de junho de 2012 Tradu\u00e7\u00e3o: Mario S. Mieli Em junho de 2012, movimentos e l\u00edderes se reunir\u00e3o no Rio para a Rio+20, duas d\u00e9cadas depois que a Confer\u00eancia da [&hellip;]<\/p>\n","protected":false},"author":1,"featured_media":0,"comment_status":"open","ping_status":"open","sticky":false,"template":"","format":"standard","meta":{"footnotes":""},"categories":[5,81,9],"tags":[880,881,95,734,879,174],"class_list":["post-1655","post","type-post","status-publish","format-standard","hentry","category-biodiversidade-imediata","category-imediartivismo","category-lance-de-dados","tag-cupula-dos-povos","tag-ecoguerreiros","tag-mario-s-mieli","tag-mudanca-de-paradigma","tag-rio20","tag-vandana-shiva"],"_links":{"self":[{"href":"https:\/\/imediata.org\/index.php?rest_route=\/wp\/v2\/posts\/1655","targetHints":{"allow":["GET"]}}],"collection":[{"href":"https:\/\/imediata.org\/index.php?rest_route=\/wp\/v2\/posts"}],"about":[{"href":"https:\/\/imediata.org\/index.php?rest_route=\/wp\/v2\/types\/post"}],"author":[{"embeddable":true,"href":"https:\/\/imediata.org\/index.php?rest_route=\/wp\/v2\/users\/1"}],"replies":[{"embeddable":true,"href":"https:\/\/imediata.org\/index.php?rest_route=%2Fwp%2Fv2%2Fcomments&post=1655"}],"version-history":[{"count":4,"href":"https:\/\/imediata.org\/index.php?rest_route=\/wp\/v2\/posts\/1655\/revisions"}],"predecessor-version":[{"id":1663,"href":"https:\/\/imediata.org\/index.php?rest_route=\/wp\/v2\/posts\/1655\/revisions\/1663"}],"wp:attachment":[{"href":"https:\/\/imediata.org\/index.php?rest_route=%2Fwp%2Fv2%2Fmedia&parent=1655"}],"wp:term":[{"taxonomy":"category","embeddable":true,"href":"https:\/\/imediata.org\/index.php?rest_route=%2Fwp%2Fv2%2Fcategories&post=1655"},{"taxonomy":"post_tag","embeddable":true,"href":"https:\/\/imediata.org\/index.php?rest_route=%2Fwp%2Fv2%2Ftags&post=1655"}],"curies":[{"name":"wp","href":"https:\/\/api.w.org\/{rel}","templated":true}]}}