{"id":1628,"date":"2012-05-29T21:10:29","date_gmt":"2012-05-29T21:10:29","guid":{"rendered":"http:\/\/imediata.org\/?p=1628"},"modified":"2012-05-29T21:47:31","modified_gmt":"2012-05-29T21:47:31","slug":"grecia-o-segundo-julgamento-de-socrates","status":"publish","type":"post","link":"https:\/\/imediata.org\/?p=1628","title":{"rendered":">> Gr\u00e9cia: o segundo julgamento de S\u00f3crates"},"content":{"rendered":"<p><strong>Gr\u00e9cia: o segundo julgamento de S\u00f3crates<br \/>\nFonte: <a href=\"http:\/\/www.radio-canada.ca\/nouvelles\/International\/2012\/05\/25\/006-grece-proces-fictif-socrate.shtml\">Radio Canada e ag\u00eancia France Presse<\/a><br \/>\nTradu\u00e7\u00e3o: Mario S. Mieli<\/strong><br \/>\n<\/br><br \/>\n<a href=\"http:\/\/imediata.org\/wp-content\/uploads\/2012\/05\/proces-socrate_sn635.jpg\"><img loading=\"lazy\" decoding=\"async\" src=\"http:\/\/imediata.org\/wp-content\/uploads\/2012\/05\/proces-socrate_sn635.jpg\" alt=\"\" title=\"proces-socrate_sn635\" width=\"499\" height=\"281\" class=\"alignright size-full wp-image-1629\" srcset=\"https:\/\/imediata.org\/wp-content\/uploads\/2012\/05\/proces-socrate_sn635.jpg 499w, https:\/\/imediata.org\/wp-content\/uploads\/2012\/05\/proces-socrate_sn635-300x168.jpg 300w\" sizes=\"auto, (max-width: 499px) 100vw, 499px\" \/><\/a><br \/>\n<\/br><br \/>\n<strong>Em pleno tumulto econ\u00f4mico e a alguns dias de elei\u00e7\u00f5es legislativas cruciais, os gregos assistir\u00e3o a um segundo processo de S\u00f3crates, julgado e condenado h\u00e1 aproximadamente 2.500 anos. <\/strong><br \/>\n<\/br><\/p>\n<p>O fil\u00f3sofo S\u00f3crates foi processado por ter desafiado as leis da cidade.<br \/>\n<\/br><\/p>\n<p>\u201cEstamos falando, aqui, de democracia versus oligarquia, de liberdade de express\u00e3o em tempos de crise nacional, da sabedoria dos eleitores versos sua n\u00e3o-sabedoria\u201d, dizem os organizadores desse processo fict\u00edcio que queriam aproveitar a oportunidade para \u201cdebater todos esses temas\u201d de atualidade.<br \/>\n<\/br><\/p>\n<p>Um painel de dez ju\u00edzes europeus e americanos ouvir\u00e1 os argumentos de advogados internacionais, divididos entre defensores e acusadores do fil\u00f3sofo.<br \/>\n<\/br><\/p>\n<p>Segundo os organizadores, 800 pessoas assistir\u00e3o ao processo, al\u00e9m dos internautas que poder\u00e3o seguir os debates no site da Internet do Centro Cultural Onassis.<br \/>\n<\/br><\/p>\n<p>Os ju\u00edzes e o p\u00fablico dever\u00e3o julgar se era S\u00f3crates cupado de n\u00e3o respeitar os deuses da cidade, de introduzir novas cren\u00e7as e de corromper a juventude.<br \/>\n<\/br><\/p>\n<p>Naquele tempo, S\u00f3crates denunciava a Doxa, a opini\u00e3o corrente, que poder\u00edamos interpretar como \u201ca quest\u00e3o dominante\u201d. Desse modo, ele obrigava seus interlocutores a refletir e a expressar seus pensamentos.<br \/>\n<\/br><br \/>\nPlat\u00e3o questionava conceitos como a pol\u00edtica e a moral, o que lhe trouxe numerosos inimigos.<br \/>\n<\/br><br \/>\n \u201cNaturalmente, h\u00e1 uma rela\u00e7\u00e3o entre o processo de S\u00f3crates e a atualidade, mas n\u00e3o somente a atualidade grega: o assunto \u00e9 diacr\u00f4nico e intercultural\u201d explicou Anthony Papadimitriou, presidente da funda\u00e7\u00e3o Onassis, organizadora do evento.<br \/>\n<\/br><\/p>\n<p>Por meio de S\u00f3crates, \u201cabordamos os limites da liberdade de palavra e de pensamento. At\u00e9 onde pode ir o cidad\u00e3o que \u00e9 contra o regime? Quais s\u00e3o os direitos do regime democr\u00e1tico contra os cidad\u00e3os?\u201d explica ele.<br \/>\n<\/br><br \/>\n \u201cA quest\u00e3o da justi\u00e7a foi tamb\u00e9m colocada. A ideia da inoc\u00eancia de S\u00f3crates foi um pretexto para difamar a democracia ateniense. Trata-se, portanto, de reestabelecer a reputa\u00e7\u00e3o da democracia grega&#8221;, diz Papadimitriou, que apoiar\u00e1 a cidade ateniense.<br \/>\n<\/br><\/p>\n<p>Ao seu lado, o advogado franc\u00eas que defender\u00e1 S\u00f3crates, apresenta sua linha de defesa como segue: \u201cN\u00e3o existe pena sem lei\u201d. \u201cSer\u00e1 que a democracia deve temer as opini\u00f5es contr\u00e1rias e o livre arb\u00edtrio? Ser\u00e1 que as ideias devem ser condenadas?\u201d<br \/>\n<\/br><\/p>\n<p>Os organizadores deste processo fict\u00edcio estimam que o processo poderia ser ben\u00e9fico para a Gr\u00e9cia em crise. <\/p>\n","protected":false},"excerpt":{"rendered":"<p>Gr\u00e9cia: o segundo julgamento de S\u00f3crates Fonte: Radio Canada e ag\u00eancia France Presse Tradu\u00e7\u00e3o: Mario S. Mieli Em pleno tumulto econ\u00f4mico e a alguns dias de elei\u00e7\u00f5es legislativas cruciais, os gregos assistir\u00e3o a um segundo processo de S\u00f3crates, julgado e condenado h\u00e1 aproximadamente 2.500 anos. O fil\u00f3sofo S\u00f3crates foi processado por ter desafiado as leis [&hellip;]<\/p>\n","protected":false},"author":1,"featured_media":0,"comment_status":"open","ping_status":"open","sticky":false,"template":"","format":"standard","meta":{"footnotes":""},"categories":[81,9],"tags":[561,869,867,868],"class_list":["post-1628","post","type-post","status-publish","format-standard","hentry","category-imediartivismo","category-lance-de-dados","tag-grecia","tag-julgamento-ficticio","tag-segundo-julgamento-de-socrates","tag-socrates"],"_links":{"self":[{"href":"https:\/\/imediata.org\/index.php?rest_route=\/wp\/v2\/posts\/1628","targetHints":{"allow":["GET"]}}],"collection":[{"href":"https:\/\/imediata.org\/index.php?rest_route=\/wp\/v2\/posts"}],"about":[{"href":"https:\/\/imediata.org\/index.php?rest_route=\/wp\/v2\/types\/post"}],"author":[{"embeddable":true,"href":"https:\/\/imediata.org\/index.php?rest_route=\/wp\/v2\/users\/1"}],"replies":[{"embeddable":true,"href":"https:\/\/imediata.org\/index.php?rest_route=%2Fwp%2Fv2%2Fcomments&post=1628"}],"version-history":[{"count":3,"href":"https:\/\/imediata.org\/index.php?rest_route=\/wp\/v2\/posts\/1628\/revisions"}],"predecessor-version":[{"id":1642,"href":"https:\/\/imediata.org\/index.php?rest_route=\/wp\/v2\/posts\/1628\/revisions\/1642"}],"wp:attachment":[{"href":"https:\/\/imediata.org\/index.php?rest_route=%2Fwp%2Fv2%2Fmedia&parent=1628"}],"wp:term":[{"taxonomy":"category","embeddable":true,"href":"https:\/\/imediata.org\/index.php?rest_route=%2Fwp%2Fv2%2Fcategories&post=1628"},{"taxonomy":"post_tag","embeddable":true,"href":"https:\/\/imediata.org\/index.php?rest_route=%2Fwp%2Fv2%2Ftags&post=1628"}],"curies":[{"name":"wp","href":"https:\/\/api.w.org\/{rel}","templated":true}]}}