{"id":1595,"date":"2012-05-25T19:04:58","date_gmt":"2012-05-25T19:04:58","guid":{"rendered":"http:\/\/imediata.org\/?p=1595"},"modified":"2012-05-25T19:11:39","modified_gmt":"2012-05-25T19:11:39","slug":"singelas-profana-acoes-47-%e2%80%93-escracho-a-napolitana","status":"publish","type":"post","link":"https:\/\/imediata.org\/?p=1595","title":{"rendered":">> Singelas PROFANA-a\u00e7\u00f5es 47 \u2013 Escracho \u00e0 napolitana"},"content":{"rendered":"<p><strong>Singelas PROFANA-a\u00e7\u00f5es 47 \u2013 Escracho \u00e0 napolitana<\/strong><br \/>\n<\/br><br \/>\n<a href=\"http:\/\/imediata.org\/wp-content\/uploads\/2012\/05\/manichin-impiccati8.jpg\"><img loading=\"lazy\" decoding=\"async\" src=\"http:\/\/imediata.org\/wp-content\/uploads\/2012\/05\/manichin-impiccati8-300x199.jpg\" alt=\"\" title=\"manichin-impiccati8\" width=\"300\" height=\"199\" class=\"alignright size-medium wp-image-1596\" srcset=\"https:\/\/imediata.org\/wp-content\/uploads\/2012\/05\/manichin-impiccati8-300x199.jpg 300w, https:\/\/imediata.org\/wp-content\/uploads\/2012\/05\/manichin-impiccati8.jpg 512w\" sizes=\"auto, (max-width: 300px) 100vw, 300px\" \/><\/a><br \/>\n<\/br><br \/>\n<strong>O Centro de N\u00e1poles (inclusive bem na frente da Prefeitura da cidade), acordou na quinta 24\/5\/2012 repleto de manequins enforcados, vestidos branco e com o rosto do Anonymous, dependurados em postes, \u00e1rvores, cercas, etc. Alguns enforcados individualmente, outros instalados \u201cem fam\u00edlias de manequins\u201d, tudo em protesto contra a pol\u00edtica de austeridade, a precariedade do trabalho, a crise econ\u00f4mica, o desemprego, a onda de suic\u00eddios. Cada manequim carregava um cartaz com dizeres como \u201cDesempregado\u201d, \u201cEstudante\u201d, \u201cPrec\u00e1rio\u201d, &#8220;Oper\u00e1rio&#8221;, &#8220;Trabalhador&#8221;, &#8220;Ambiente&#8221;, etc.<\/strong><br \/>\n<\/br><br \/>\n<a href=\"http:\/\/imediata.org\/wp-content\/uploads\/2012\/05\/manichin-impiccati5.jpg\"><img loading=\"lazy\" decoding=\"async\" src=\"http:\/\/imediata.org\/wp-content\/uploads\/2012\/05\/manichin-impiccati5-300x199.jpg\" alt=\"\" title=\"manichin-impiccati5\" width=\"300\" height=\"199\" class=\"alignright size-medium wp-image-1597\" srcset=\"https:\/\/imediata.org\/wp-content\/uploads\/2012\/05\/manichin-impiccati5-300x199.jpg 300w, https:\/\/imediata.org\/wp-content\/uploads\/2012\/05\/manichin-impiccati5.jpg 512w\" sizes=\"auto, (max-width: 300px) 100vw, 300px\" \/><\/a><br \/>\n<\/br><br \/>\n<strong>Ta\u00ed uma forma simb\u00f3lica de reocupar as ruas de uma cidade, retomando o velho estilo de uma \u201cCommedia dell\u2019Arte\u201d muda e \u00e0 prova de g\u00e1s lacrimog\u00eaneo, cassetetes, ondas emissoras de frequ\u00eancias e outras sofistic\u00e1lias \u201cdo mal\u201d com as quais se reprime o direito de express\u00e3o da popula\u00e7\u00e3o.  <\/strong><br \/>\n<\/br><br \/>\n<a href=\"http:\/\/imediata.org\/wp-content\/uploads\/2012\/05\/manichin-impiccati4.jpg\"><img loading=\"lazy\" decoding=\"async\" src=\"http:\/\/imediata.org\/wp-content\/uploads\/2012\/05\/manichin-impiccati4-300x199.jpg\" alt=\"\" title=\"manichin-impiccati4\" width=\"300\" height=\"199\" class=\"alignright size-medium wp-image-1598\" srcset=\"https:\/\/imediata.org\/wp-content\/uploads\/2012\/05\/manichin-impiccati4-300x199.jpg 300w, https:\/\/imediata.org\/wp-content\/uploads\/2012\/05\/manichin-impiccati4.jpg 512w\" sizes=\"auto, (max-width: 300px) 100vw, 300px\" \/><\/a><br \/>\n<\/br><br \/>\n<strong>Prova de que criatividade n\u00e3o \u00e9 imposs\u00edvel SEM PATROCINADOR, de que \u00e9 poss\u00edvel manifestar com gra\u00e7a e humor, sem quebrar vitrines nem quebrar a pr\u00f3pria cara. S\u00f3 N\u00e1poles mesmo, uma das mais velhas cidades europeias (apesar do nome, Cidade Nova = Nea Polis) e, segundo o escritor franc\u00eas Dominique Fernandez, apaixonado por aquela cidade, provavelmente a menos europeia das cidades da Europa (no melhor sentido que a palavra &#8220;menos&#8221; tem, nesse caso).<\/strong><br \/>\n<\/br><br \/>\n<a href=\"http:\/\/imediata.org\/wp-content\/uploads\/2012\/05\/manichin-impiccati3.jpg\"><img loading=\"lazy\" decoding=\"async\" src=\"http:\/\/imediata.org\/wp-content\/uploads\/2012\/05\/manichin-impiccati3-143x300.jpg\" alt=\"\" title=\"CRISI: IN STRADE NAPOLI MANICHINI IMPICCATI\" width=\"143\" height=\"300\" class=\"alignright size-medium wp-image-1599\" srcset=\"https:\/\/imediata.org\/wp-content\/uploads\/2012\/05\/manichin-impiccati3-143x300.jpg 143w, https:\/\/imediata.org\/wp-content\/uploads\/2012\/05\/manichin-impiccati3-490x1024.jpg 490w, https:\/\/imediata.org\/wp-content\/uploads\/2012\/05\/manichin-impiccati3.jpg 512w\" sizes=\"auto, (max-width: 143px) 100vw, 143px\" \/><\/a><br \/>\n<\/br><br \/>\n<strong>Enfim, vai dar um trabalh\u00e3o remover os bonecos&#8230; pairando na urbe que tem o maior n\u00famero de santos e realeza enterrados em seus edif\u00edcios &#8211; agora, sob a sombra generosa dos auspiciosos manequins&#8230;<\/strong><br \/>\n<\/br><br \/>\n<a href=\"http:\/\/imediata.org\/wp-content\/uploads\/2012\/05\/manichin-impiccati2.jpg\"><img loading=\"lazy\" decoding=\"async\" src=\"http:\/\/imediata.org\/wp-content\/uploads\/2012\/05\/manichin-impiccati2-200x300.jpg\" alt=\"\" title=\"CRISI: IN STRADE NAPOLI MANICHINI IMPICCATI\" width=\"200\" height=\"300\" class=\"alignright size-medium wp-image-1600\" srcset=\"https:\/\/imediata.org\/wp-content\/uploads\/2012\/05\/manichin-impiccati2-200x300.jpg 200w, https:\/\/imediata.org\/wp-content\/uploads\/2012\/05\/manichin-impiccati2.jpg 512w\" sizes=\"auto, (max-width: 200px) 100vw, 200px\" \/><\/a><br \/>\n<\/br><\/p>\n<p><strong>Fotos da galeria de fotos da <a href=\"http:\/\/www.rainews24.it\/it\/foto-gallery.php?galleryid=165510&#038;photoid=392883\">rainews<\/a><\/strong><\/p>\n","protected":false},"excerpt":{"rendered":"<p>Singelas PROFANA-a\u00e7\u00f5es 47 \u2013 Escracho \u00e0 napolitana O Centro de N\u00e1poles (inclusive bem na frente da Prefeitura da cidade), acordou na quinta 24\/5\/2012 repleto de manequins enforcados, vestidos branco e com o rosto do Anonymous, dependurados em postes, \u00e1rvores, cercas, etc. Alguns enforcados individualmente, outros instalados \u201cem fam\u00edlias de manequins\u201d, tudo em protesto contra a [&hellip;]<\/p>\n","protected":false},"author":1,"featured_media":0,"comment_status":"open","ping_status":"open","sticky":false,"template":"","format":"standard","meta":{"footnotes":""},"categories":[68,81,96],"tags":[853,855,852,850,849,854,851],"class_list":["post-1595","post","type-post","status-publish","format-standard","hentry","category-dossie-queda-da-rua-do-muro","category-imediartivismo","category-singelas-profana-acoes","tag-a-crise-economica","tag-a-onda-de-suicidios","tag-a-precariedade-do-trabalho","tag-manequins-enforcados","tag-manifestacao-em-napoles","tag-o-desemprego","tag-politica-de-austeridade"],"_links":{"self":[{"href":"https:\/\/imediata.org\/index.php?rest_route=\/wp\/v2\/posts\/1595","targetHints":{"allow":["GET"]}}],"collection":[{"href":"https:\/\/imediata.org\/index.php?rest_route=\/wp\/v2\/posts"}],"about":[{"href":"https:\/\/imediata.org\/index.php?rest_route=\/wp\/v2\/types\/post"}],"author":[{"embeddable":true,"href":"https:\/\/imediata.org\/index.php?rest_route=\/wp\/v2\/users\/1"}],"replies":[{"embeddable":true,"href":"https:\/\/imediata.org\/index.php?rest_route=%2Fwp%2Fv2%2Fcomments&post=1595"}],"version-history":[{"count":4,"href":"https:\/\/imediata.org\/index.php?rest_route=\/wp\/v2\/posts\/1595\/revisions"}],"predecessor-version":[{"id":1604,"href":"https:\/\/imediata.org\/index.php?rest_route=\/wp\/v2\/posts\/1595\/revisions\/1604"}],"wp:attachment":[{"href":"https:\/\/imediata.org\/index.php?rest_route=%2Fwp%2Fv2%2Fmedia&parent=1595"}],"wp:term":[{"taxonomy":"category","embeddable":true,"href":"https:\/\/imediata.org\/index.php?rest_route=%2Fwp%2Fv2%2Fcategories&post=1595"},{"taxonomy":"post_tag","embeddable":true,"href":"https:\/\/imediata.org\/index.php?rest_route=%2Fwp%2Fv2%2Ftags&post=1595"}],"curies":[{"name":"wp","href":"https:\/\/api.w.org\/{rel}","templated":true}]}}