{"id":1563,"date":"2012-05-20T00:46:27","date_gmt":"2012-05-20T00:46:27","guid":{"rendered":"http:\/\/imediata.org\/?p=1563"},"modified":"2012-05-23T21:50:46","modified_gmt":"2012-05-23T21:50:47","slug":"bill-lundberg-%e2%80%93-exposicao-no-oi-futuro-flamengo-rio-de-janeiro-de-225-a-1562012-inauguracao-2152012-as-19h30","status":"publish","type":"post","link":"https:\/\/imediata.org\/?p=1563","title":{"rendered":">> BILL LUNDBERG \u2013 Exposi\u00e7\u00e3o no Oi Futuro Flamengo, Rio de Janeiro, de 22\/5 a 15\/6\/2012"},"content":{"rendered":"<p><strong>BILL LUNDBERG \u2013 Exposi\u00e7\u00e3o com curadoria de Alberto Saraiva e Ivair Reinaldim no OI FUTURO FLAMENGO. De 22 de maio a 15 de junho de 2012. Inaugura\u00e7\u00e3o: 21 de maio de 2012 \u00e0s 19h30.<\/strong><br \/>\n<\/br><br \/>\n<a href=\"http:\/\/imediata.org\/wp-content\/uploads\/2012\/05\/image0011.jpg\"><img loading=\"lazy\" decoding=\"async\" src=\"http:\/\/imediata.org\/wp-content\/uploads\/2012\/05\/image0011.jpg\" alt=\"\" title=\"image001\" width=\"756\" height=\"674\" class=\"alignright size-full wp-image-1566\" srcset=\"https:\/\/imediata.org\/wp-content\/uploads\/2012\/05\/image0011.jpg 756w, https:\/\/imediata.org\/wp-content\/uploads\/2012\/05\/image0011-300x267.jpg 300w\" sizes=\"auto, (max-width: 756px) 100vw, 756px\" \/><\/a><br \/>\n<\/br><br \/>\n<strong>VEJA TAMB\u00c9M ESPECIAL BILL LUNDBERG NO PORTAL SAMBAQUI DA IMEDIATA:<\/strong><br \/>\n<\/br><br \/>\n<strong>ESPECIAL RETROSPECTIVA V\u00cdDEO-INSTALA\u00c7\u00d5ES DE BILL LUNDBERG:<br \/>\nMadeleine 1999<br \/>\nOpening \u2013 1998<br \/>\nCorner \u2013 1983<br \/>\nDread \u2013 1978<br \/>\nFailure \u2013 1977<br \/>\nCharade \u2013 1976<br \/>\nSilent Dinner \u2013 1976<br \/>\nSwimmer 1975<br \/>\nAqui:<\/strong><br \/>\n<a href=\"http:\/\/imediata.org\/sambaqui\/Bill_Lundberg\/videos.html\">http:\/\/imediata.org\/sambaqui\/Bill_Lundberg\/videos.html<\/a><br \/>\n<\/br><br \/>\n<strong>Textos do e sobre o artista na Imediata:<br \/>\n<\/br><br \/>\nPOSSIBLE DIALOGUES, por Bill Lundberg (em ingl\u00eas)<\/strong><br \/>\n<a href=\"http:\/\/imediata.org\/sambaqui\/Bill_Lundberg\/dialogospossiveis_engl.html\">http:\/\/imediata.org\/sambaqui\/Bill_Lundberg\/dialogospossiveis_engl.html<\/a><br \/>\n<\/br><br \/>\n<strong>DI\u00c1LOGOS POSS\u00cdVEIS por Bill Lundberg (em portugu\u00eas, tradu\u00e7\u00e3o de Mario S. Mieli)<\/strong><br \/>\n<a href=\"http:\/\/imediata.org\/sambaqui\/Bill_Lundberg\/dialogospossiveis_port.html\">http:\/\/imediata.org\/sambaqui\/Bill_Lundberg\/dialogospossiveis_port.html<\/a><br \/>\n<\/br><br \/>\n<strong>THE SYNTAX OF ILLUSION por Valerie Cassel (em ingl\u00eas)<\/strong><br \/>\n<a href=\"http:\/\/imediata.org\/sambaqui\/Bill_Lundberg\/eng.html\">http:\/\/imediata.org\/sambaqui\/Bill_Lundberg\/eng.html<\/a><br \/>\n<\/br><br \/>\n<strong>A SINTAXE DA ILUS\u00c3O por Valerie Cassel, (em portugu\u00eas, com tradu\u00e7\u00e3o de Mario S. Mieli)<\/strong><br \/>\n<a href=\"http:\/\/imediata.org\/sambaqui\/Bill_Lundberg\/port.html\">http:\/\/imediata.org\/sambaqui\/Bill_Lundberg\/port.html<\/a><\/p>\n","protected":false},"excerpt":{"rendered":"<p>BILL LUNDBERG \u2013 Exposi\u00e7\u00e3o com curadoria de Alberto Saraiva e Ivair Reinaldim no OI FUTURO FLAMENGO. De 22 de maio a 15 de junho de 2012. Inaugura\u00e7\u00e3o: 21 de maio de 2012 \u00e0s 19h30. VEJA TAMB\u00c9M ESPECIAL BILL LUNDBERG NO PORTAL SAMBAQUI DA IMEDIATA: ESPECIAL RETROSPECTIVA V\u00cdDEO-INSTALA\u00c7\u00d5ES DE BILL LUNDBERG: Madeleine 1999 Opening \u2013 1998 [&hellip;]<\/p>\n","protected":false},"author":1,"featured_media":0,"comment_status":"open","ping_status":"open","sticky":false,"template":"","format":"standard","meta":{"footnotes":""},"categories":[11],"tags":[820,818,816,821,819,95,817],"class_list":["post-1563","post","type-post","status-publish","format-standard","hentry","category-sambaqui","tag-a-sintaxe-da-ilusao","tag-alberto-saraiva","tag-bill-lundberg","tag-dialogos-possiveis","tag-ivair-reinaldim","tag-mario-s-mieli","tag-oi-futuro-flamengo"],"_links":{"self":[{"href":"https:\/\/imediata.org\/index.php?rest_route=\/wp\/v2\/posts\/1563","targetHints":{"allow":["GET"]}}],"collection":[{"href":"https:\/\/imediata.org\/index.php?rest_route=\/wp\/v2\/posts"}],"about":[{"href":"https:\/\/imediata.org\/index.php?rest_route=\/wp\/v2\/types\/post"}],"author":[{"embeddable":true,"href":"https:\/\/imediata.org\/index.php?rest_route=\/wp\/v2\/users\/1"}],"replies":[{"embeddable":true,"href":"https:\/\/imediata.org\/index.php?rest_route=%2Fwp%2Fv2%2Fcomments&post=1563"}],"version-history":[{"count":4,"href":"https:\/\/imediata.org\/index.php?rest_route=\/wp\/v2\/posts\/1563\/revisions"}],"predecessor-version":[{"id":1582,"href":"https:\/\/imediata.org\/index.php?rest_route=\/wp\/v2\/posts\/1563\/revisions\/1582"}],"wp:attachment":[{"href":"https:\/\/imediata.org\/index.php?rest_route=%2Fwp%2Fv2%2Fmedia&parent=1563"}],"wp:term":[{"taxonomy":"category","embeddable":true,"href":"https:\/\/imediata.org\/index.php?rest_route=%2Fwp%2Fv2%2Fcategories&post=1563"},{"taxonomy":"post_tag","embeddable":true,"href":"https:\/\/imediata.org\/index.php?rest_route=%2Fwp%2Fv2%2Ftags&post=1563"}],"curies":[{"name":"wp","href":"https:\/\/api.w.org\/{rel}","templated":true}]}}