{"id":1531,"date":"2012-05-16T15:46:21","date_gmt":"2012-05-16T15:46:21","guid":{"rendered":"http:\/\/imediata.org\/?p=1531"},"modified":"2012-05-16T15:47:42","modified_gmt":"2012-05-16T15:47:42","slug":"cinco-minutos-ou-muitissimo-mais-para-dizer-ate-sempre-a-carlos-fuentes","status":"publish","type":"post","link":"https:\/\/imediata.org\/?p=1531","title":{"rendered":">> Cinco minutos ou muit\u00edssimo mais para dizer at\u00e9 sempre a Carlos Fuentes"},"content":{"rendered":"<p><strong>Cinco minutos ou muit\u00edssimo mais para dizer at\u00e9 sempre a Carlos Fuentes<\/strong><\/p>\n<p><\/br><br \/>\n<strong>EL ESPEJO ENTERRADO &#8211; CARLOS FUENTES.mov<\/strong><br \/>\nhttp:\/\/youtu.be\/fG1RMg9N5U4<br \/>\n<\/br><br \/>\n<strong>Visi\u00f3n Siete: A los 83 a\u00f1os, muri\u00f3 Carlos Fuentes<\/strong><br \/>\n<iframe loading=\"lazy\" title=\"Visi\u00f3n Siete: A los 83 a\u00f1os, muri\u00f3 Carlos Fuentes\" width=\"640\" height=\"480\" src=\"https:\/\/www.youtube.com\/embed\/a5xjNtO2OXw?feature=oembed\" frameborder=\"0\" allow=\"accelerometer; autoplay; clipboard-write; encrypted-media; gyroscope; picture-in-picture; web-share\" referrerpolicy=\"strict-origin-when-cross-origin\" allowfullscreen><\/iframe><br \/>\n<\/br><br \/>\n<strong>Globo News &#8211; Dossi\u00ea com Carlos Fuentes (parte 1)<\/strong><br \/>\n<iframe loading=\"lazy\" title=\"Globo News - Dossi\u00ea com Carlos Fuentes (parte 1)\" width=\"640\" height=\"480\" src=\"https:\/\/www.youtube.com\/embed\/pGNDsdlANjs?feature=oembed\" frameborder=\"0\" allow=\"accelerometer; autoplay; clipboard-write; encrypted-media; gyroscope; picture-in-picture; web-share\" referrerpolicy=\"strict-origin-when-cross-origin\" allowfullscreen><\/iframe><br \/>\nCarlos Fuentes entrevistado por Geneton Moraes Neto no programa Dossi\u00ea Globo News.Originalmente exibido no canal Globo News em 25\/02\/2012. Primeira parte.<br \/>\n<\/br><br \/>\n<strong>Globo News &#8211; Dossi\u00ea com Carlos Fuentes (parte 2)<\/strong><br \/>\n<iframe loading=\"lazy\" title=\"Globo News - Dossi\u00ea com Carlos Fuentes (parte 2)\" width=\"640\" height=\"480\" src=\"https:\/\/www.youtube.com\/embed\/ri8tL_WXeNQ?feature=oembed\" frameborder=\"0\" allow=\"accelerometer; autoplay; clipboard-write; encrypted-media; gyroscope; picture-in-picture; web-share\" referrerpolicy=\"strict-origin-when-cross-origin\" allowfullscreen><\/iframe><br \/>\n<\/br><br \/>\n<strong>Carlos Fuentes: escrever para ser<br \/>\nartigo de Eric Nepomuceno<br \/>\nFonte:<\/strong> <a href=\"http:\/\/www.cartamaior.com.br\/templates\/materiaMostrar.cfm?materia_id=20152\">cartamaior<\/a><\/p>\n<p><\/br><br \/>\nVejo algumas fotos em preto e branco. E me detenho em uma, feita em algum dia incerto da Barcelona daqueles anos 70, mostrando um Vargas Llosa alto e sorridente, um Carlos Fuentes um tanto formal, e um Gabriel Garc\u00eda M\u00e1rquez cabeludo e com bigodes que parecem desenhados a carv\u00e3o. Fuentes ainda fumava: na m\u00e3o esquerda, posta fraternalmente sobre o ombro de Garc\u00eda M\u00e1rquez, aparece o cigarro. Ali est\u00e3o eles: Vargas Llosa aparece \u00e0 esquerda, Fuentes est\u00e1 no centro, Garc\u00eda M\u00e1rquez \u00e0 direita. Exatamente o avesso do que a vida reservaria aos tr\u00eas, ou do que os tr\u00eas fariam de suas vidas.<br \/>\n<\/br><br \/>\n<a href=\"http:\/\/imediata.org\/wp-content\/uploads\/2012\/05\/foto_mat_35159.jpg\"><img loading=\"lazy\" decoding=\"async\" src=\"http:\/\/imediata.org\/wp-content\/uploads\/2012\/05\/foto_mat_35159-300x142.jpg\" alt=\"\" title=\"foto_mat_35159\" width=\"300\" height=\"142\" class=\"alignright size-medium wp-image-1532\" srcset=\"https:\/\/imediata.org\/wp-content\/uploads\/2012\/05\/foto_mat_35159-300x142.jpg 300w, https:\/\/imediata.org\/wp-content\/uploads\/2012\/05\/foto_mat_35159.jpg 470w\" sizes=\"auto, (max-width: 300px) 100vw, 300px\" \/><\/a><br \/>\n<\/br><br \/>\nNa foto, os tr\u00eas s\u00e3o jovens, e parecem confiantes, e ocupam o inverso do espa\u00e7o que o tempo e a realidade se encarregariam de colocar em seus devidos lugares: quem \u00e0 direita, ao centro, \u00e0 esquerda.<br \/>\n<\/br><br \/>\nVolta e meia imagino como ser\u00e1 ter sido ser jovem, ou melhor, ser um jovem Fuentes, um jovem Mario Vargas, um jovem Garc\u00eda M\u00e1rquez naqueles anos de turbilh\u00e3o. Uma vez perguntei isso a Fuentes. Est\u00e1vamos em S\u00e3o Paulo, caminh\u00e1vamos ao l\u00e9u com Silvia Lemus, sua mulher, para cima e para baixo por aquelas paralelas da rua Augusta, e ele me contava coisas. Dizia assim: \u2018\u00c9 que a gente era muito jovem, e acredit\u00e1vamos nas mesmas coisas, e t\u00ednhamos uma confian\u00e7a enorme no futuro\u2019. Insistia: sua amizade com Garc\u00eda M\u00e1rquez, que vinha de 1961, era a qualquer prova. E acabei sendo testemunha disso, dessa verdade.<br \/>\n<\/br><br \/>\nE lembro que algum tempo depois, coisa de ano ou ano e meio, ao entrar num restaurante italiano em Buenos Aires, topei com ele e com Silvia. E ele, como sempre de uma eleg\u00e2ncia sem fim \u2013 e, aten\u00e7\u00e3o: estou me referindo \u00e0 eleg\u00e2ncia como postura diante da vida \u2013, quis continuar uma conversa que eu nem lembrava qual era.<br \/>\n<\/br><br \/>\nEra a conversa sobre nossos respectivos anos jovens. Disse ele, lembrando de Vargas Llosa, de Garc\u00eda M\u00e1rquez, de Cort\u00e1zar: \u2018A vida segue, e \u00e0s vezes, nos separa. Bom mesmo \u00e9 quando voc\u00ea consegue discordar de tudo e fazer com que nada separe os afetos, a amizade\u2019. Tentou isso a vida inteira. \u00c0s vezes \u2013 com Cort\u00e1zar, com Garc\u00eda M\u00e1rquez \u2013, conseguiu. Ali\u00e1s, sem maiores esfor\u00e7os.<br \/>\n<\/br><br \/>\nQuando me refiro a ele como um homem elegante, me refiro a um pensamento que conseguia ser ao mesmo tempo \u00e1gil e contido, que n\u00e3o se limitava \u00e0s barreiras que muitas vezes nos impomos a n\u00f3s mesmos. Acreditava no que acreditava.<br \/>\n<\/br><br \/>\nAcreditava no futuro. No futuro da Am\u00e9rica Latina, no futuro no ser humano. Acreditava que, em algum momento desse nosso eterno recome\u00e7ar, n\u00f3s, da Am\u00e9rica Latina, deixar\u00edamos de recome\u00e7ar e come\u00e7ar\u00edamos de verdade. E escrevia assim: acreditando. N\u00e3o h\u00e1 dois livros dele que sejam iguais. Porque, em seu of\u00edcio, Carlos Fuentes era como na vida: sempre disposto a recome\u00e7ar, a reinventar. Sua obra \u00e9 desigual, porque ao longo da vida somos desiguais. Escrevia cada livro como se fosse o primeiro. E por isso mesmo ele foi tantos, como tantos somos n\u00f3s em nosso dia-a-dia.<br \/>\n<\/br><br \/>\nA \u00fanica coisa que se manteve sempre em cada palavra, cada frase que desenhou, foi a f\u00e9 no futuro. Jamais acreditou em limites e fronteiras, quando escrevia. E nem quando vivia.<br \/>\n<\/br><br \/>\nQualquer um que tenha a palavra escrita como mat\u00e9ria prima, e a mem\u00f3ria como guia dos tempos, saber\u00e1 descobrir no autor de \u2018A regi\u00e3o mais transparente\u2019, ou \u2018A morte de Artemio Cruz\u2019, ou de \u2018Terra Nostra\u2019, de \u2018Gringo Viejo\u2019, um eterno contempor\u00e2neo, um companheiro de viagem, um parceiro de sonhos e ousadias. E uma testemunha de desesperan\u00e7as e esperan\u00e7as, de tudo aquilo que poder\u00edamos ter sido e que n\u00e3o fomos.<br \/>\n<\/br><br \/>\nFuentes dizia que, mais do que pela obra dos grandes historiadores, dos grandes soci\u00f3logos, dos grandes antrop\u00f3logos \u2013 e ele foi amigo de v\u00e1rios dos grandes \u2013, a verdadeira hist\u00f3ria nossa era escrita por escritores.<br \/>\n<\/br><br \/>\nLembro bem da vez em que ele disse que escrever literatura n\u00e3o era um ato natural: era como dizer que a realidade, n\u00e3o \u00e9 suficiente. Que precisa de outra realidade, a da imagina\u00e7\u00e3o. E que isso era perigoso. Assim viveu, assim escreveu.<br \/>\n<\/br><br \/>\nMuito mais que um grande escritor, a Am\u00e9rica perdeu um homem de seu tempo \u2013 de seus tempos. Que soube defender suas id\u00e9ias com tamanha inteireza, com tamanha eleg\u00e2ncia, com tamanha firmeza, que mesmo os que tantas vezes discordaram dele poucas vezes deixaram de respeit\u00e1-lo.<br \/>\n<\/br><br \/>\nEu perdi um amigo distante. Que teve uma vida coalhada de dramas tenebrosos \u2013 a ele e a Silvia foi reservada a pior das dores de um ser humano, a de enterrar seus filhos \u2013 e conseguiu continuar caminhando. E sorrindo.<br \/>\n<\/br><br \/>\nLembro de Carlos Fuentes como algu\u00e9m que n\u00e3o se deixou abater. Que n\u00e3o deixou de sorrir e de acreditar.<br \/>\n<\/br><br \/>\nCerta vez, ele me disse que escrevia para continuar sendo. E, assim, foi.<\/p>\n","protected":false},"excerpt":{"rendered":"<p>Cinco minutos ou muit\u00edssimo mais para dizer at\u00e9 sempre a Carlos Fuentes EL ESPEJO ENTERRADO &#8211; CARLOS FUENTES.mov http:\/\/youtu.be\/fG1RMg9N5U4 Visi\u00f3n Siete: A los 83 a\u00f1os, muri\u00f3 Carlos Fuentes Globo News &#8211; Dossi\u00ea com Carlos Fuentes (parte 1) Carlos Fuentes entrevistado por Geneton Moraes Neto no programa Dossi\u00ea Globo News.Originalmente exibido no canal Globo News em [&hellip;]<\/p>\n","protected":false},"author":1,"featured_media":0,"comment_status":"open","ping_status":"open","sticky":false,"template":"","format":"standard","meta":{"footnotes":""},"categories":[212],"tags":[779,784,782,780,783,781],"class_list":["post-1531","post","type-post","status-publish","format-standard","hentry","category-cinco-minutos","tag-carlos-fuentes","tag-cartamaior","tag-dossie-carlos-fuentes-globo-news","tag-el-espejo-enterrado","tag-eric-nepomuceno","tag-morte-de-carlos-fuentes"],"_links":{"self":[{"href":"https:\/\/imediata.org\/index.php?rest_route=\/wp\/v2\/posts\/1531","targetHints":{"allow":["GET"]}}],"collection":[{"href":"https:\/\/imediata.org\/index.php?rest_route=\/wp\/v2\/posts"}],"about":[{"href":"https:\/\/imediata.org\/index.php?rest_route=\/wp\/v2\/types\/post"}],"author":[{"embeddable":true,"href":"https:\/\/imediata.org\/index.php?rest_route=\/wp\/v2\/users\/1"}],"replies":[{"embeddable":true,"href":"https:\/\/imediata.org\/index.php?rest_route=%2Fwp%2Fv2%2Fcomments&post=1531"}],"version-history":[{"count":2,"href":"https:\/\/imediata.org\/index.php?rest_route=\/wp\/v2\/posts\/1531\/revisions"}],"predecessor-version":[{"id":1534,"href":"https:\/\/imediata.org\/index.php?rest_route=\/wp\/v2\/posts\/1531\/revisions\/1534"}],"wp:attachment":[{"href":"https:\/\/imediata.org\/index.php?rest_route=%2Fwp%2Fv2%2Fmedia&parent=1531"}],"wp:term":[{"taxonomy":"category","embeddable":true,"href":"https:\/\/imediata.org\/index.php?rest_route=%2Fwp%2Fv2%2Fcategories&post=1531"},{"taxonomy":"post_tag","embeddable":true,"href":"https:\/\/imediata.org\/index.php?rest_route=%2Fwp%2Fv2%2Ftags&post=1531"}],"curies":[{"name":"wp","href":"https:\/\/api.w.org\/{rel}","templated":true}]}}