{"id":1516,"date":"2012-05-14T00:22:14","date_gmt":"2012-05-14T00:22:14","guid":{"rendered":"http:\/\/imediata.org\/?p=1516"},"modified":"2012-05-14T00:34:01","modified_gmt":"2012-05-14T00:34:01","slug":"singelas-profana-acoes-45-%e2%80%93-um-benigni-vintage-reportando-quando-karl-marx-encontrou-deus%e2%80%a6","status":"publish","type":"post","link":"https:\/\/imediata.org\/?p=1516","title":{"rendered":">> Singelas PROFANA-a\u00e7\u00f5es 45 \u2013 Um Benigni vintage, reportando quando Karl Marx encontrou Deus\u2026"},"content":{"rendered":"<p><strong>Singelas PROFANA-a\u00e7\u00f5es 45 \u2013 Um Benigni vintage, reportando quando Karl Marx encontrou Deus\u2026<br \/>\n<\/br><br \/>\nTranscri\u00e7\u00e3o traduzida: Mario S. Mieli<br \/>\n<\/br><br \/>\nBenigni racconta Carlo Marx da DIO.<\/strong><br \/>\n<iframe loading=\"lazy\" title=\"Benigni racconta Carlo Marx da DIO.\" width=\"640\" height=\"480\" src=\"https:\/\/www.youtube.com\/embed\/olGwlslhAs0?feature=oembed\" frameborder=\"0\" allow=\"accelerometer; autoplay; clipboard-write; encrypted-media; gyroscope; picture-in-picture; web-share\" referrerpolicy=\"strict-origin-when-cross-origin\" allowfullscreen><\/iframe><\/p>\n<p>\u201cessa coisa do Ju\u00edzo Final\u2026. Ele que regula o bem e o mal\u2026 E a voz dele foi embora\u2026 Foi um dia daqueles\u2026 Ele tinha muito o que fazer. E as contas j\u00e1 est\u00e3o regradas. O vale de Josaf\u00e1 est\u00e1 vazio, no sil\u00eancio. N\u00e3o, no sil\u00eancio geral.<br \/>\n<\/br><\/p>\n<p>Ouve-se uma voz\u2026<br \/>\n<\/br><\/p>\n<p><strong>&#8211; Tem algu\u00e9m\u2026..?!?!?!<\/strong><br \/>\nEnt\u00e3o ele se vira\u2026<br \/>\n<\/br><\/p>\n<p><strong>&#8211; Quem \u00e9?<br \/>\n&#8211; Sou eu.<br \/>\n&#8211; Eu quem?<br \/>\n&#8211; Eu, Marx.<br \/>\n&#8211; Ah! O ciclista?<br \/>\n&#8211; N\u00e3o, aquele \u00e9 o Merckx. Eu sou o Marx.<br \/>\n&#8211; Ah, desculpa. Marx\u2026 Ah, Marx, o c\u00f4mico\u2026 Qual dos tr\u00eas irm\u00e3os?<br \/>\n&#8211; N\u00e3o, eu sou filho \u00fanico. Sou o Marx.<br \/>\n&#8211; Ah, Marx o pol\u00edtico\u2026 aquele de 1800-1900\u2026 que me deu muito trabalho. Droga! Entendi. Franco Marx.<br \/>\n&#8211; N\u00e3o, Carlos Marx.<br \/>\n&#8211; Bem, tive um dia daqueles e estou at\u00e9 trocando os nomes\u2026 Caro Carlos Marx\u2026 Mas como \u00e9 que voc\u00ea ficou a\u00ed parado, caro Carlos Marx?<br \/>\n&#8211; Eu protesto.<br \/>\n&#8211; Protesto?<br \/>\n&#8211; Sim, porque voc\u00ea me condenou.<br \/>\n&#8211; E o que voc\u00ea gostaria de protestar, meu caro CCCCarlos Marx? O que voc\u00ea fez de sua vida?<\/strong><br \/>\nEnt\u00e3o Marx diz:<br \/>\n<strong>&#8211; Eu\u2026. Veja, na minha vida, eu disse que os homens s\u00e3o todos iguais\u2026<br \/>\n&#8211; Bem, isso, meu querido Carlos Marx, fui eu que disse primeiro\u2026 Igual. E depois?<br \/>\n&#8211; Falei que os ricos s\u00e3o seres n\u00e3o justos e que deveriam dar dinheiro aos pobres para que ficassem melhor.<br \/>\n&#8211; Mas isso tamb\u00e9m, meu caro Carlos Marx, quem falou primeiro fui eu. E depois?<br \/>\n&#8211; Falei que os prolet\u00e1rios e os oper\u00e1rios deveriam trabalhar menos. E comer mais. \u00c0s custas dos ricos.<br \/>\n&#8211; Mas isso tamb\u00e9m, meu caro Carlos Marx, quem falou isso primeiro fui eu. Acho que voc\u00ea me plagiou um pouco demais, meu caro Carlos Marx\u2026<\/strong><br \/>\nDa\u00ed Marx disse:<br \/>\n<strong>&#8211; Ent\u00e3o se voc\u00ea me condena, voc\u00ea estar\u00e1 se condenando tamb\u00e9m, j\u00e1 que dissemos as mesmas coisas\u2026<br \/>\n&#8211; Ah, n\u00e3o, meu caro Carlos Marx, meu querido plagiador. Porque voc\u00ea tamb\u00e9m cometeu um erro\u2026<\/strong><br \/>\nE Marx pergunta:<br \/>\n<strong>&#8211; Mas qual?<br \/>\n&#8211; Voc\u00ea disse que eu n\u00e3o existia, que eu n\u00e3o estava. E, ao contr\u00e1rio, eis-me aqui! Ent\u00e3o como ficamos? (\u2026risadas\u2026) agora voc\u00ea ficou sem jeito, n\u00e3o \u00e9, meu caro Carlos Marx? Ent\u00e3o, pronto, te condenamos!!!<br \/>\n&#8211; E qual \u00e9 a condena\u00e7\u00e3o?<br \/>\n&#8211; Como voc\u00ea disse que eu n\u00e3o estava\u2026 Voc\u00ea vai ser o porteiro! E como eu estou sempre muito ocupado, com muito o que fazer, todos me enchem o saco e n\u00e3o quero ser incomodado, cada vez que me procurarem voc\u00ea vai dizer: \u201cSinto muito, Deus n\u00e3o est\u00e1!\u201d<\/strong><\/p>\n","protected":false},"excerpt":{"rendered":"<p>Singelas PROFANA-a\u00e7\u00f5es 45 \u2013 Um Benigni vintage, reportando quando Karl Marx encontrou Deus\u2026 Transcri\u00e7\u00e3o traduzida: Mario S. Mieli Benigni racconta Carlo Marx da DIO. \u201cessa coisa do Ju\u00edzo Final\u2026. Ele que regula o bem e o mal\u2026 E a voz dele foi embora\u2026 Foi um dia daqueles\u2026 Ele tinha muito o que fazer. E as [&hellip;]<\/p>\n","protected":false},"author":1,"featured_media":0,"comment_status":"open","ping_status":"open","sticky":false,"template":"","format":"standard","meta":{"footnotes":""},"categories":[96],"tags":[195,95,768,767],"class_list":["post-1516","post","type-post","status-publish","format-standard","hentry","category-singelas-profana-acoes","tag-karl-marx","tag-mario-s-mieli","tag-o-encontro-entre-deus-e-marx","tag-roberto-benigni"],"_links":{"self":[{"href":"https:\/\/imediata.org\/index.php?rest_route=\/wp\/v2\/posts\/1516","targetHints":{"allow":["GET"]}}],"collection":[{"href":"https:\/\/imediata.org\/index.php?rest_route=\/wp\/v2\/posts"}],"about":[{"href":"https:\/\/imediata.org\/index.php?rest_route=\/wp\/v2\/types\/post"}],"author":[{"embeddable":true,"href":"https:\/\/imediata.org\/index.php?rest_route=\/wp\/v2\/users\/1"}],"replies":[{"embeddable":true,"href":"https:\/\/imediata.org\/index.php?rest_route=%2Fwp%2Fv2%2Fcomments&post=1516"}],"version-history":[{"count":2,"href":"https:\/\/imediata.org\/index.php?rest_route=\/wp\/v2\/posts\/1516\/revisions"}],"predecessor-version":[{"id":1519,"href":"https:\/\/imediata.org\/index.php?rest_route=\/wp\/v2\/posts\/1516\/revisions\/1519"}],"wp:attachment":[{"href":"https:\/\/imediata.org\/index.php?rest_route=%2Fwp%2Fv2%2Fmedia&parent=1516"}],"wp:term":[{"taxonomy":"category","embeddable":true,"href":"https:\/\/imediata.org\/index.php?rest_route=%2Fwp%2Fv2%2Fcategories&post=1516"},{"taxonomy":"post_tag","embeddable":true,"href":"https:\/\/imediata.org\/index.php?rest_route=%2Fwp%2Fv2%2Ftags&post=1516"}],"curies":[{"name":"wp","href":"https:\/\/api.w.org\/{rel}","templated":true}]}}