{"id":1514,"date":"2012-05-13T12:42:08","date_gmt":"2012-05-13T12:42:08","guid":{"rendered":"http:\/\/imediata.org\/?p=1514"},"modified":"2012-05-14T00:29:57","modified_gmt":"2012-05-14T00:29:57","slug":"as-maes-de-todos-%e2%80%93-a-mae-anarquia-a-mae-liberdade-a-mae-coragem","status":"publish","type":"post","link":"https:\/\/imediata.org\/?p=1514","title":{"rendered":">> \u00c0s m\u00e3es de todos \u2013 a m\u00e3e anarquia, a m\u00e3e liberdade, a m\u00e3e coragem"},"content":{"rendered":"<p><strong>\u00c0s m\u00e3es de todos \u2013 a m\u00e3e anarquia, a m\u00e3e liberdade, a m\u00e3e coragem atrav\u00e9s de dois cantos anarquistas, um poesia de Giordano Bruno, v\u00eddeocolagem de fotos ao som de Yo Soy Maria do Piazzola, e belo filme de Christiane Gibiec sobre o Tanztheater de Pina Bausch <\/strong><br \/>\n<\/br><br \/>\n<strong>La pi\u00f9 bella canzone anarchica<\/strong><br \/>\n<iframe loading=\"lazy\" title=\"La pi\u00f9 bella canzone anarchica\" width=\"640\" height=\"480\" src=\"https:\/\/www.youtube.com\/embed\/j92-BskRPmM?feature=oembed\" frameborder=\"0\" allow=\"accelerometer; autoplay; clipboard-write; encrypted-media; gyroscope; picture-in-picture; web-share\" referrerpolicy=\"strict-origin-when-cross-origin\" allowfullscreen><\/iframe><br \/>\n<\/br><br \/>\n<strong>O mais belo canto anarquista<\/strong><br \/>\n<\/br><br \/>\nla Bella che \u00e8 addormentata, lalal\u00e0, lalal\u00e0, lalal\u00e0,<br \/>\nha un nome che fa paura,<br \/>\nla Bella che \u00e8 addormentata, lalal\u00e0, lalal\u00e0, lalal\u00e0,<br \/>\nha un nome che fa paura,<br \/>\nLibert\u00e0, Libert\u00e0, Libert\u00e0&#8230;<br \/>\n<\/br><br \/>\n<strong>a bela que est\u00e1 adormecida lalal\u00e1, lalal\u00e1, lalal\u00e1<br \/>\nTem um nome que d\u00e1 medo\u2026<br \/>\nA bela que est\u00e1 adormecida lalal\u00e1, lalal\u00e1, lalal\u00e1<br \/>\nTem um nome que d\u00e1 medo\u2026<br \/>\nLiberdade, Liberdade, Liberdade<\/strong><br \/>\n<\/br><br \/>\n<strong>Uno, evviva Giordano Bruno &#8211; Canti anarchici<\/strong><br \/>\n<iframe loading=\"lazy\" title=\"Uno, evviva Giordano Bruno - Canti anarchici\" width=\"640\" height=\"480\" src=\"https:\/\/www.youtube.com\/embed\/oOv72iTsaqE?feature=oembed\" frameborder=\"0\" allow=\"accelerometer; autoplay; clipboard-write; encrypted-media; gyroscope; picture-in-picture; web-share\" referrerpolicy=\"strict-origin-when-cross-origin\" allowfullscreen><\/iframe><br \/>\n<\/br><br \/>\n\u201cVerr\u00e0 un giorno che l\u2019uomo si sveglier\u00e0 dall\u2019oblio<br \/>\nE finalmente comprender\u00e0 chi \u00e8 veramente<br \/>\nE a chi ha ceduto le redini della sua esistenza,<br \/>\nA una mente fallace, menzognera,<br \/>\nChe lo rende e lo tiene schiavo\u2026<br \/>\n<\/br><br \/>\nL\u2019uomo non ha limiti e quando<br \/>\nUn giorno se ne render\u00e0 conto,<br \/>\nSar\u00e0 libero anche qui in questo mondo.\u201d<br \/>\nGiordano Bruno<br \/>\n<\/br><br \/>\n<strong>\u201cVir\u00e1 um dia em que o homem acordar\u00e1 do esquecimento<br \/>\ne, finalmente, compreender\u00e1 quem \u00e9 realmente<br \/>\ne a quem cedeu as r\u00e9deas de sua exist\u00eancia,<br \/>\na uma mente falaz, mentirosa,<br \/>\nque o torna e o mant\u00e9m escravo\u2026<br \/>\n<\/br><br \/>\nO homem n\u00e3o tem limites e, quando<br \/>\num dia perceber\u00e1 isso,<br \/>\nser\u00e1 livre aqui tamb\u00e9m, neste mundo.\u201d<br \/>\nGiordano Bruno &#8211; Tradu\u00e7\u00e3o Mario S. Mieli<\/strong><\/p>\n<p><\/br><br \/>\n<strong>Madri coraggio (Yo Soy Maria)<\/strong><br \/>\nhttp:\/\/youtu.be\/1jjOSAv1DCQ<br \/>\n<\/br><br \/>\n<strong>Das Tanztheater der Pina Bausch<\/strong><br \/>\n<iframe loading=\"lazy\" title=\"Das Tanztheater der Pina Bausch\" width=\"640\" height=\"480\" src=\"https:\/\/www.youtube.com\/embed\/SBLuYV4Ewyc?feature=oembed\" frameborder=\"0\" allow=\"accelerometer; autoplay; clipboard-write; encrypted-media; gyroscope; picture-in-picture; web-share\" referrerpolicy=\"strict-origin-when-cross-origin\" allowfullscreen><\/iframe><\/p>\n","protected":false},"excerpt":{"rendered":"<p>\u00c0s m\u00e3es de todos \u2013 a m\u00e3e anarquia, a m\u00e3e liberdade, a m\u00e3e coragem atrav\u00e9s de dois cantos anarquistas, um poesia de Giordano Bruno, v\u00eddeocolagem de fotos ao som de Yo Soy Maria do Piazzola, e belo filme de Christiane Gibiec sobre o Tanztheater de Pina Bausch La pi\u00f9 bella canzone anarchica O mais belo [&hellip;]<\/p>\n","protected":false},"author":1,"featured_media":0,"comment_status":"open","ping_status":"open","sticky":false,"template":"","format":"standard","meta":{"footnotes":""},"categories":[4,8],"tags":[761,264,764,766,760,762,403,759,95,765,763],"class_list":["post-1514","post","type-post","status-publish","format-standard","hentry","category-al-manakh","category-anarcom","tag-a-mais-bela-cancao-anarquista","tag-anarquismo","tag-astor-piazzola","tag-christine-gibiec","tag-coragem","tag-fabrizio-de-andre","tag-giordano-bruno","tag-liberdade","tag-mario-s-mieli","tag-pina-bausch","tag-yo-soy-maria"],"_links":{"self":[{"href":"https:\/\/imediata.org\/index.php?rest_route=\/wp\/v2\/posts\/1514","targetHints":{"allow":["GET"]}}],"collection":[{"href":"https:\/\/imediata.org\/index.php?rest_route=\/wp\/v2\/posts"}],"about":[{"href":"https:\/\/imediata.org\/index.php?rest_route=\/wp\/v2\/types\/post"}],"author":[{"embeddable":true,"href":"https:\/\/imediata.org\/index.php?rest_route=\/wp\/v2\/users\/1"}],"replies":[{"embeddable":true,"href":"https:\/\/imediata.org\/index.php?rest_route=%2Fwp%2Fv2%2Fcomments&post=1514"}],"version-history":[{"count":2,"href":"https:\/\/imediata.org\/index.php?rest_route=\/wp\/v2\/posts\/1514\/revisions"}],"predecessor-version":[{"id":1518,"href":"https:\/\/imediata.org\/index.php?rest_route=\/wp\/v2\/posts\/1514\/revisions\/1518"}],"wp:attachment":[{"href":"https:\/\/imediata.org\/index.php?rest_route=%2Fwp%2Fv2%2Fmedia&parent=1514"}],"wp:term":[{"taxonomy":"category","embeddable":true,"href":"https:\/\/imediata.org\/index.php?rest_route=%2Fwp%2Fv2%2Fcategories&post=1514"},{"taxonomy":"post_tag","embeddable":true,"href":"https:\/\/imediata.org\/index.php?rest_route=%2Fwp%2Fv2%2Ftags&post=1514"}],"curies":[{"name":"wp","href":"https:\/\/api.w.org\/{rel}","templated":true}]}}