{"id":1501,"date":"2012-05-07T16:07:11","date_gmt":"2012-05-07T16:07:11","guid":{"rendered":"http:\/\/imediata.org\/?p=1501"},"modified":"2012-05-07T16:07:11","modified_gmt":"2012-05-07T16:07:11","slug":"sala-de-espera-26-allons-enfants-de-casablanca-a-place-de-la-bastille-mesmo-com-margem-tao-pequena-de-esperanca","status":"publish","type":"post","link":"https:\/\/imediata.org\/?p=1501","title":{"rendered":">> Sala de Espera 26 &#8211; &#8220;Allons enfants!&#8221; de Casablanca \u00e0 Place de la Bastille, mesmo com margem t\u00e3o pequena de esperan\u00e7a"},"content":{"rendered":"<p>Sala de Espera 26 &#8211; &#8220;Allons enfants!&#8221; de Casablanca \u00e0 Place de la Bastille<br \/>\n<\/br><br \/>\n<strong>Casablanca La Marseillaise<\/strong><br \/>\n<iframe loading=\"lazy\" title=\"Casablanca La Marseillaise\" width=\"640\" height=\"480\" src=\"https:\/\/www.youtube.com\/embed\/HM-E2H1ChJM?feature=oembed\" frameborder=\"0\" allow=\"accelerometer; autoplay; clipboard-write; encrypted-media; gyroscope; picture-in-picture; web-share\" referrerpolicy=\"strict-origin-when-cross-origin\" allowfullscreen><\/iframe><br \/>\n<\/br><br \/>\n<a href=\"http:\/\/imediata.org\/wp-content\/uploads\/2012\/05\/5angela-mc.jpg\"><img loading=\"lazy\" decoding=\"async\" src=\"http:\/\/imediata.org\/wp-content\/uploads\/2012\/05\/5angela-mc.jpg\" alt=\"\" title=\"5angela-mc\" width=\"142\" height=\"100\" class=\"alignright size-full wp-image-1502\" \/><\/a><br \/>\n<\/br><br \/>\n<strong>R\u00e9actions de militants place de la Bastille apr\u00e8s l&#8217;annonce de la victoire de Fran\u00e7ois Hollande<\/strong><br \/>\n<iframe loading=\"lazy\" title=\"R\u00e9actions de militants place de la Bastille apr\u00e8s l&#039;annonce de la victoire de Fran\u00e7ois Hollande\" width=\"640\" height=\"360\" src=\"https:\/\/www.youtube.com\/embed\/pxXFhiIilAQ?feature=oembed\" frameborder=\"0\" allow=\"accelerometer; autoplay; clipboard-write; encrypted-media; gyroscope; picture-in-picture; web-share\" referrerpolicy=\"strict-origin-when-cross-origin\" allowfullscreen><\/iframe><\/p>\n<p><font style=\"position: absolute;overflow: hidden;height: 0;width: 0\"><a href=\"http:\/\/ikoni.eu\/\">&#1087;&#1086;&#1076;&#1072;&#1088;&#1098;&#1094;&#1080;<\/a><\/font><\/p>\n","protected":false},"excerpt":{"rendered":"<p>Sala de Espera 26 &#8211; &#8220;Allons enfants!&#8221; de Casablanca \u00e0 Place de la Bastille Casablanca La Marseillaise R\u00e9actions de militants place de la Bastille apr\u00e8s l&#8217;annonce de la victoire de Fran\u00e7ois Hollande &#1087;&#1086;&#1076;&#1072;&#1088;&#1098;&#1094;&#1080;<\/p>\n","protected":false},"author":1,"featured_media":0,"comment_status":"open","ping_status":"open","sticky":false,"template":"","format":"standard","meta":{"footnotes":""},"categories":[9,100],"tags":[608,748,751,747,749,750],"class_list":["post-1501","post","type-post","status-publish","format-standard","hentry","category-lance-de-dados","category-sala-de-espera","tag-angela-merkel","tag-casablanca","tag-eleicoes-2012-na-franca","tag-francois-hollande","tag-la-marseillaise","tag-place-de-la-bastille"],"_links":{"self":[{"href":"https:\/\/imediata.org\/index.php?rest_route=\/wp\/v2\/posts\/1501","targetHints":{"allow":["GET"]}}],"collection":[{"href":"https:\/\/imediata.org\/index.php?rest_route=\/wp\/v2\/posts"}],"about":[{"href":"https:\/\/imediata.org\/index.php?rest_route=\/wp\/v2\/types\/post"}],"author":[{"embeddable":true,"href":"https:\/\/imediata.org\/index.php?rest_route=\/wp\/v2\/users\/1"}],"replies":[{"embeddable":true,"href":"https:\/\/imediata.org\/index.php?rest_route=%2Fwp%2Fv2%2Fcomments&post=1501"}],"version-history":[{"count":1,"href":"https:\/\/imediata.org\/index.php?rest_route=\/wp\/v2\/posts\/1501\/revisions"}],"predecessor-version":[{"id":1503,"href":"https:\/\/imediata.org\/index.php?rest_route=\/wp\/v2\/posts\/1501\/revisions\/1503"}],"wp:attachment":[{"href":"https:\/\/imediata.org\/index.php?rest_route=%2Fwp%2Fv2%2Fmedia&parent=1501"}],"wp:term":[{"taxonomy":"category","embeddable":true,"href":"https:\/\/imediata.org\/index.php?rest_route=%2Fwp%2Fv2%2Fcategories&post=1501"},{"taxonomy":"post_tag","embeddable":true,"href":"https:\/\/imediata.org\/index.php?rest_route=%2Fwp%2Fv2%2Ftags&post=1501"}],"curies":[{"name":"wp","href":"https:\/\/api.w.org\/{rel}","templated":true}]}}