{"id":1437,"date":"2012-05-01T11:01:16","date_gmt":"2012-05-01T11:01:16","guid":{"rendered":"http:\/\/imediata.org\/?p=1437"},"modified":"2012-05-01T11:47:15","modified_gmt":"2012-05-01T11:47:15","slug":"singelas-profana-acoes-43-frestas-nos-trabalhos-do-terroir","status":"publish","type":"post","link":"https:\/\/imediata.org\/?p=1437","title":{"rendered":">> Singelas PROFANA-a\u00e7\u00f5es 43 &#8211; Frestas nos Trabalhos do terroir&#8230;Dia Mundial do Trabalho"},"content":{"rendered":"<p><strong>Singelas PROFANA-a\u00e7\u00f5es 43 \u2013 Frestas nos Trabalhos do terroir&#8230;Dia Mundial do Trabalho<\/strong><br \/>\n<\/br><br \/>\n<strong>Pra n\u00e3o dizer que n\u00e3o falei das flores &#8211; Geraldo Vandr\u00e9 (1968) com excelentes images de arquivo<\/strong><br \/>\n<iframe loading=\"lazy\" title=\"Pra n\u00e3o dizer que n\u00e3o falei das flores - Geraldo Vandr\u00e9 (1968)\" width=\"640\" height=\"480\" src=\"https:\/\/www.youtube.com\/embed\/A_2Gtz-zAzM?feature=oembed\" frameborder=\"0\" allow=\"accelerometer; autoplay; clipboard-write; encrypted-media; gyroscope; picture-in-picture; web-share\" referrerpolicy=\"strict-origin-when-cross-origin\" allowfullscreen><\/iframe><br \/>\n<\/br><br \/>\n<a href=\"http:\/\/imediata.org\/wp-content\/uploads\/2012\/05\/12960277-3d-render-of-cartoon-character-with-gallows.jpg\"><img loading=\"lazy\" decoding=\"async\" src=\"http:\/\/imediata.org\/wp-content\/uploads\/2012\/05\/12960277-3d-render-of-cartoon-character-with-gallows.jpg\" alt=\"\" title=\"12960277-3d-render-of-cartoon-character-with-gallows\" width=\"229\" height=\"400\" class=\"alignright size-full wp-image-1438\" srcset=\"https:\/\/imediata.org\/wp-content\/uploads\/2012\/05\/12960277-3d-render-of-cartoon-character-with-gallows.jpg 229w, https:\/\/imediata.org\/wp-content\/uploads\/2012\/05\/12960277-3d-render-of-cartoon-character-with-gallows-171x300.jpg 171w\" sizes=\"auto, (max-width: 229px) 100vw, 229px\" \/><\/a><br \/>\n<\/br><br \/>\n<strong>&#8220;A uni\u00e3o faz a forca.&#8221;<\/strong><br \/>\nPum Fui<br \/>\n<\/br><br \/>\n<strong>&#8220;Precisar dominar os outros \u00e9 precisar dos outros. O chefe \u00e9 um dependente.&#8221;<\/strong><br \/>\nFernando Pessoa<br \/>\n<\/br><br \/>\n<a href=\"http:\/\/imediata.org\/wp-content\/uploads\/2012\/05\/images.jpeg\"><img loading=\"lazy\" decoding=\"async\" src=\"http:\/\/imediata.org\/wp-content\/uploads\/2012\/05\/images.jpeg\" alt=\"\" title=\"images\" width=\"245\" height=\"206\" class=\"alignright size-full wp-image-1439\" \/><\/a><br \/>\n<\/br><br \/>\n<strong>&#8220;O estado \u00e9 a nega\u00e7\u00e3o da humanidade.&#8221;<\/strong><br \/>\nMikhail Bakunin<br \/>\n<\/br><br \/>\n<a href=\"http:\/\/imediata.org\/wp-content\/uploads\/2012\/05\/1er-Mai-chicago.jpg\"><img loading=\"lazy\" decoding=\"async\" src=\"http:\/\/imediata.org\/wp-content\/uploads\/2012\/05\/1er-Mai-chicago-264x300.jpg\" alt=\"\" title=\"1er-Mai-chicago\" width=\"264\" height=\"300\" class=\"alignright size-medium wp-image-1442\" srcset=\"https:\/\/imediata.org\/wp-content\/uploads\/2012\/05\/1er-Mai-chicago-264x300.jpg 264w, https:\/\/imediata.org\/wp-content\/uploads\/2012\/05\/1er-Mai-chicago.jpg 564w\" sizes=\"auto, (max-width: 264px) 100vw, 264px\" \/><\/a><br \/>\n<\/br><br \/>\n<strong>\u201cA hist\u00f3ria do Primeiro de Maio mostra, portanto, que se trata de um dia de luto e de luta, mas n\u00e3o s\u00f3 pela redu\u00e7\u00e3o da jornada de trabalho, mas tamb\u00e9m pela conquista de todas as outras reivindica\u00e7\u00f5es de quem produz a riqueza da sociedade.\u201d <\/strong><br \/>\nPerseu Abramo<br \/>\n<\/br><br \/>\n<a href=\"http:\/\/imediata.org\/wp-content\/uploads\/2012\/05\/arbeit.jpg\"><img loading=\"lazy\" decoding=\"async\" src=\"http:\/\/imediata.org\/wp-content\/uploads\/2012\/05\/arbeit.jpg\" alt=\"\" title=\"arbeit\" width=\"400\" height=\"259\" class=\"alignright size-full wp-image-1440\" srcset=\"https:\/\/imediata.org\/wp-content\/uploads\/2012\/05\/arbeit.jpg 400w, https:\/\/imediata.org\/wp-content\/uploads\/2012\/05\/arbeit-300x194.jpg 300w\" sizes=\"auto, (max-width: 400px) 100vw, 400px\" \/><\/a><br \/>\n<\/br><br \/>\n<strong>&#8220;\u00c9 insuport\u00e1vel constatar que a liberdade de pensar para onde come\u00e7a o direito ao trabalho.&#8221;<\/strong><br \/>\nLaurence Parisot<br \/>\n<\/br><br \/>\n<strong>&#8220;Todos v\u00f3s, que amais o trabalho desenfreado (&#8230;), o vosso labor \u00e9 maldi\u00e7\u00e3o e desejo de esquecerdes quem sois.&#8221;<\/strong><br \/>\nFriedrich Nietzsche<br \/>\n<\/br><br \/>\n<a href=\"http:\/\/imediata.org\/wp-content\/uploads\/2012\/05\/525646_400368969995307_100000666218375_1274769_563892413_n.jpg\"><img loading=\"lazy\" decoding=\"async\" src=\"http:\/\/imediata.org\/wp-content\/uploads\/2012\/05\/525646_400368969995307_100000666218375_1274769_563892413_n-300x225.jpg\" alt=\"\" title=\"525646_400368969995307_100000666218375_1274769_563892413_n\" width=\"300\" height=\"225\" class=\"alignright size-medium wp-image-1448\" srcset=\"https:\/\/imediata.org\/wp-content\/uploads\/2012\/05\/525646_400368969995307_100000666218375_1274769_563892413_n-300x225.jpg 300w, https:\/\/imediata.org\/wp-content\/uploads\/2012\/05\/525646_400368969995307_100000666218375_1274769_563892413_n.jpg 960w\" sizes=\"auto, (max-width: 300px) 100vw, 300px\" \/><\/a><br \/>\n<\/br><br \/>\n<strong>\u201cN\u00e3o h\u00e1 dignidade poss\u00edvel, n\u00e3o h\u00e1 vida verdadeira para um homem que trabalha doze horas por dia sem saber porque trabalha.\u201d<\/strong><br \/>\nAndr\u00e9 Malraux<br \/>\n<\/br><br \/>\n<strong>&#8220;Se quis\u00e9ssemos substituir um governo por outro, isto \u00e9, impor nossa vontade aos outros, bastaria, para isso, adquirir a for\u00e7a material indispens\u00e1vel para abater os opressores e colocarmo-nos em seu lugar. Mas, ao contr\u00e1rio, queremos a Anarquia, isto \u00e9, uma sociedade fundada sobre o livre e volunt\u00e1rio acordo, na qual ningu\u00e9m possa impor sua vontade a outrem, onde todos possam fazer como bem entenderem e concorrer voluntariamente para o bem-estar geral. Seu triunfo s\u00f3 poder\u00e1 ser definitivo quando universalmente os homens n\u00e3o mais quiserem ser comandados ou comandar outras pessoas e tiverem compreendido as vantagens da solidariedade para saber organizar um sistema social no qual n\u00e3o mais haver\u00e1 qualquer marca de viol\u00eancia ou coa\u00e7\u00e3o&#8221;.<\/strong><br \/>\nEnrico Malatesta<br \/>\n<\/br><br \/>\n<a href=\"http:\/\/imediata.org\/wp-content\/uploads\/2012\/05\/images-1.jpeg\"><img loading=\"lazy\" decoding=\"async\" src=\"http:\/\/imediata.org\/wp-content\/uploads\/2012\/05\/images-1.jpeg\" alt=\"\" title=\"images-1\" width=\"264\" height=\"191\" class=\"alignright size-full wp-image-1441\" \/><\/a><br \/>\n<\/br><br \/>\n<strong>&#8220;Mestre na arte da vida faz pouca distin\u00e7\u00e3o entre o seu trabalho e o seu lazer, entre a sua mente e o seu corpo, entre a sua educa\u00e7\u00e3o e a sua recrea\u00e7\u00e3o, entre o seu amor e a sua religi\u00e3o. Ele dificilmente sabe distinguir um corpo do outro. Ele simplesmente persegue sua vis\u00e3o de excel\u00eancia em tudo que faz, deixando para os outros a decis\u00e3o de saber se est\u00e1 trabalhando ou se divertindo. Ele acha que est\u00e1 sempre fazendo as duas coisas simultaneamente.&#8221;<\/strong><br \/>\nTexto Budista<br \/>\n<\/br><br \/>\n<strong>&#8220;Privatizaram sua vida, seu trabalho, sua hora de amar e seu direito de pensar. \u00c9 da empresa privada o seu passo em frente, seu p\u00e3o e seu sal\u00e1rio. E agora n\u00e3o contentes, querem privatizar o conhecimento, a sabedoria, o pensamento, que s\u00f3 \u00e0 humanidade pertence.&#8221;<\/strong><br \/>\nBertolt Brecht<br \/>\n<\/br><br \/>\n<strong>David Harvey, no Democracy Now (em ingl\u00eas)<\/strong><br \/>\n<iframe loading=\"lazy\" width=\"400\" height=\"225\" src=\"http:\/\/www.democracynow.org\/embed\/story\/2012\/4\/30\/ahead_of_may_day_david_harvey\" frameborder=\"0\"><\/iframe><br \/>\n<\/br><br \/>\n<strong>CEMIT\u00c9RIO DE SERT\u00c3O-SERRA NOVA DOURADA-MT PEDRO CASALD\u00c1LIGA<\/strong><br \/>\n<iframe loading=\"lazy\" title=\"CEMIT\u00c9RIO DE SERT\u00c3O-SERRA NOVA DOURADA-MT PEDRO CASALD\u00c1LIGA\" width=\"640\" height=\"480\" src=\"https:\/\/www.youtube.com\/embed\/Ipyc84Vzn5s?feature=oembed\" frameborder=\"0\" allow=\"accelerometer; autoplay; clipboard-write; encrypted-media; gyroscope; picture-in-picture; web-share\" referrerpolicy=\"strict-origin-when-cross-origin\" allowfullscreen><\/iframe><br \/>\n<\/br><br \/>\n<strong>Textos recomendados:<br \/>\nO que querem os Anarquistas?<\/strong><br \/>\n<a href=\"http:\/\/www.culturabrasil.pro.br\/anarquia.htm\">http:\/\/www.culturabrasil.pro.br\/anarquia.htm<\/a><br \/>\n<\/br><br \/>\n<strong>1\u00ba de Maio &#8211; Dia Mundial do Trabalho<\/strong><br \/>\n<a href=\"http:\/\/www.culturabrasil.pro.br\/diadotrabalho.htm\">http:\/\/www.culturabrasil.pro.br\/diadotrabalho.htm<\/a><\/p>\n","protected":false},"excerpt":{"rendered":"<p>Singelas PROFANA-a\u00e7\u00f5es 43 \u2013 Frestas nos Trabalhos do terroir&#8230;Dia Mundial do Trabalho Pra n\u00e3o dizer que n\u00e3o falei das flores &#8211; Geraldo Vandr\u00e9 (1968) com excelentes images de arquivo &#8220;A uni\u00e3o faz a forca.&#8221; Pum Fui &#8220;Precisar dominar os outros \u00e9 precisar dos outros. O chefe \u00e9 um dependente.&#8221; Fernando Pessoa &#8220;O estado \u00e9 a [&hellip;]<\/p>\n","protected":false},"author":1,"featured_media":0,"comment_status":"open","ping_status":"open","sticky":false,"template":"","format":"standard","meta":{"footnotes":""},"categories":[8,81,96],"tags":[726,264,722,231,725,724,727,723,717,713,721,715,720,718,618,719,716,714,221],"class_list":["post-1437","post","type-post","status-publish","format-standard","hentry","category-anarcom","category-imediartivismo","category-singelas-profana-acoes","tag-anarquia","tag-anarquismo","tag-andre-malraux","tag-bertolt-brecht","tag-d-pedro-casaldaliga","tag-david-harvey","tag-dia-mundial-do-trabalho","tag-enrico-malatesta","tag-fernando-pessoa","tag-festa-do-trabalho","tag-friedrich-nietzsche","tag-geraldo-vandre","tag-laurence-parisot","tag-mikhail-bakunin","tag-noam-chomsky","tag-perseu-abramo","tag-pra-nao-dizer-que-nao-falei-das-flores","tag-primeiro-de-maio","tag-pum-fui"],"_links":{"self":[{"href":"https:\/\/imediata.org\/index.php?rest_route=\/wp\/v2\/posts\/1437","targetHints":{"allow":["GET"]}}],"collection":[{"href":"https:\/\/imediata.org\/index.php?rest_route=\/wp\/v2\/posts"}],"about":[{"href":"https:\/\/imediata.org\/index.php?rest_route=\/wp\/v2\/types\/post"}],"author":[{"embeddable":true,"href":"https:\/\/imediata.org\/index.php?rest_route=\/wp\/v2\/users\/1"}],"replies":[{"embeddable":true,"href":"https:\/\/imediata.org\/index.php?rest_route=%2Fwp%2Fv2%2Fcomments&post=1437"}],"version-history":[{"count":7,"href":"https:\/\/imediata.org\/index.php?rest_route=\/wp\/v2\/posts\/1437\/revisions"}],"predecessor-version":[{"id":1450,"href":"https:\/\/imediata.org\/index.php?rest_route=\/wp\/v2\/posts\/1437\/revisions\/1450"}],"wp:attachment":[{"href":"https:\/\/imediata.org\/index.php?rest_route=%2Fwp%2Fv2%2Fmedia&parent=1437"}],"wp:term":[{"taxonomy":"category","embeddable":true,"href":"https:\/\/imediata.org\/index.php?rest_route=%2Fwp%2Fv2%2Fcategories&post=1437"},{"taxonomy":"post_tag","embeddable":true,"href":"https:\/\/imediata.org\/index.php?rest_route=%2Fwp%2Fv2%2Ftags&post=1437"}],"curies":[{"name":"wp","href":"https:\/\/api.w.org\/{rel}","templated":true}]}}