{"id":1400,"date":"2012-04-22T14:03:49","date_gmt":"2012-04-22T14:03:49","guid":{"rendered":"http:\/\/imediata.org\/?p=1400"},"modified":"2012-04-22T14:04:55","modified_gmt":"2012-04-22T14:04:55","slug":"cinco-minutos-com-dario-fo-nos-falando-da-crise","status":"publish","type":"post","link":"https:\/\/imediata.org\/?p=1400","title":{"rendered":">> CINCO MINUTOS COM DARIO FO NOS FALANDO DA CRISE"},"content":{"rendered":"<p><strong>A CRISE SEGUNDO DARIO FO<\/strong><br \/>\n<\/br><br \/>\n<strong>Dario Fo ci racconta la crisi<\/strong><br \/>\n<iframe loading=\"lazy\" title=\"Dario Fo ci racconta la crisi\" width=\"640\" height=\"360\" src=\"https:\/\/www.youtube.com\/embed\/WDd6DPulQ_A?feature=oembed\" frameborder=\"0\" allow=\"accelerometer; autoplay; clipboard-write; encrypted-media; gyroscope; picture-in-picture; web-share\" referrerpolicy=\"strict-origin-when-cross-origin\" allowfullscreen><\/iframe><br \/>\n<\/br><br \/>\n<strong>Resumo traduzido da fala de Dario Fo<br \/>\nTradu\u00e7\u00e3o da transcri\u00e7\u00e3o resumida: Mario S. Mieli<\/strong><br \/>\n<\/br><br \/>\n<strong>Mas o que \u00e9 a crise?<br \/>\nDe onde vem ela? Somos n\u00f3s os culpados?<br \/>\nFizemos alguma coisa errada? Exageramos com nossos pensamentos? E isso talvez seja delet\u00e9rio?<br \/>\nDe onde vem essa crise?<br \/>\nLi num livro interessante&#8230; n\u00e3o lembro o nome do autor&#8230; que<br \/>\n<\/br><\/p>\n<p>Nada foi casual. N\u00e3o teve qualquer erro da parte de quem determinou essa crise. Algu\u00e9m a quis. Com uma t\u00e9cnica extraordin\u00e1ria&#8230;..<br \/>\n<\/br><\/p>\n<p>Tudo o que aconteceu foi querido por grupos de poder, por organiza\u00e7\u00f5es que t\u00eam nas m\u00e3os os movimentos banc\u00e1rios, os empr\u00e9stimos, os grandes neg\u00f3cios, o andamento e o ritmo de toda a vida n\u00e3o s\u00f3 de uma na\u00e7\u00e3o ou outra&#8230;. al\u00e9m de v\u00e1rias na\u00e7\u00f5es que contribu\u00edram&#8230; e os EUA sendo a na\u00e7\u00e3o mais importante com um volume de neg\u00f3cios enorme, \u00e9 o centro dessas situa\u00e7\u00f5es.<br \/>\n<\/br><\/p>\n<p>Houve quem gritou: s\u00e3o delinquentes! Fazer todos esses jogos de fic\u00e7\u00e3o, m\u00f3dulos que n\u00e3o t\u00eam qualquer valor, dinheiro falso, entrar de p\u00e9s atados, apostar no desastre, justamente jogar no que \u00e9 exclusivamente o desastre para ter lucros, lucros que provocam desastre&#8230; parece piada&#8230; mas \u00e9 mesmo assim.<br \/>\n<\/br><\/p>\n<p>Estamos com pessoas que&#8230; se houvesse uma justi\u00e7a, um inqu\u00e9rito conduzido por ju\u00edzes de valor e poder, e homens pol\u00edticos dispostos a limpar quem criou isso tudo&#8230; muita gente estaria na cadeia. Mas \u00e9 mais uma vez um paradoxo.<br \/>\n<\/br><\/p>\n<p>E os jovens dizem: \u00e9 o maior embuste que voc\u00eas poderiam nos ter feito&#8230;<br \/>\n<\/br><\/p>\n<p>E daqui chegou a queda total&#8230;. o Berlusconi, que se retira&#8230; para o bem da It\u00e1lia&#8230; Mas que generosidade&#8230; dever\u00edamos agradec\u00ea-lo&#8230;  Imaginem s\u00f3: ele perde o poder para nos fazer um favor&#8230;<br \/>\n<\/br><\/p>\n<p>O discurso fica ainda mais c\u00ednico quando percebemos que a crise, que foi, como j\u00e1 dissemos, PROGRAMADA, leva ao desespero os mais pobres. Enquanto, por outro lado, os ricos, mas os PODRES DE RICOS, os riqu\u00edssimos, aqueles que t\u00eam em m\u00e3os o poder definitivo, tiveram vantagens incalcul\u00e1veis&#8230;<\/p>\n<p><\/br><\/p>\n<p>&#8230; Como aquele construtor que durante o terremoto em L\u2019Aquila, gritava a outro amigo construtor: \u201cOxal\u00e1 tiv\u00e9ssemos muitos desastres, terremotos desses. S\u00e3o o nosso favor, nosso prazer, nossa riqueza !!!\u201d<br \/>\n<\/br><\/p>\n<p>E assim vamos levando&#8230;<br \/>\n<\/strong><\/p>\n","protected":false},"excerpt":{"rendered":"<p>A CRISE SEGUNDO DARIO FO Dario Fo ci racconta la crisi Resumo traduzido da fala de Dario Fo Tradu\u00e7\u00e3o da transcri\u00e7\u00e3o resumida: Mario S. Mieli Mas o que \u00e9 a crise? De onde vem ela? Somos n\u00f3s os culpados? Fizemos alguma coisa errada? Exageramos com nossos pensamentos? E isso talvez seja delet\u00e9rio? De onde vem [&hellip;]<\/p>\n","protected":false},"author":1,"featured_media":0,"comment_status":"open","ping_status":"open","sticky":false,"template":"","format":"standard","meta":{"footnotes":""},"categories":[212,68],"tags":[69,682,683,95],"class_list":["post-1400","post","type-post","status-publish","format-standard","hentry","category-cinco-minutos","category-dossie-queda-da-rua-do-muro","tag-crise-financeira","tag-dario-fo","tag-dario-fo-nos-explica-a-crise","tag-mario-s-mieli"],"_links":{"self":[{"href":"https:\/\/imediata.org\/index.php?rest_route=\/wp\/v2\/posts\/1400","targetHints":{"allow":["GET"]}}],"collection":[{"href":"https:\/\/imediata.org\/index.php?rest_route=\/wp\/v2\/posts"}],"about":[{"href":"https:\/\/imediata.org\/index.php?rest_route=\/wp\/v2\/types\/post"}],"author":[{"embeddable":true,"href":"https:\/\/imediata.org\/index.php?rest_route=\/wp\/v2\/users\/1"}],"replies":[{"embeddable":true,"href":"https:\/\/imediata.org\/index.php?rest_route=%2Fwp%2Fv2%2Fcomments&post=1400"}],"version-history":[{"count":2,"href":"https:\/\/imediata.org\/index.php?rest_route=\/wp\/v2\/posts\/1400\/revisions"}],"predecessor-version":[{"id":1402,"href":"https:\/\/imediata.org\/index.php?rest_route=\/wp\/v2\/posts\/1400\/revisions\/1402"}],"wp:attachment":[{"href":"https:\/\/imediata.org\/index.php?rest_route=%2Fwp%2Fv2%2Fmedia&parent=1400"}],"wp:term":[{"taxonomy":"category","embeddable":true,"href":"https:\/\/imediata.org\/index.php?rest_route=%2Fwp%2Fv2%2Fcategories&post=1400"},{"taxonomy":"post_tag","embeddable":true,"href":"https:\/\/imediata.org\/index.php?rest_route=%2Fwp%2Fv2%2Ftags&post=1400"}],"curies":[{"name":"wp","href":"https:\/\/api.w.org\/{rel}","templated":true}]}}