{"id":14,"date":"2008-07-17T22:38:07","date_gmt":"2008-07-17T22:38:07","guid":{"rendered":"http:\/\/imediata.org\/?p=14"},"modified":"2008-07-20T18:21:16","modified_gmt":"2008-07-20T18:21:16","slug":"estados-europeus-desalmados-por-leonardo-boff","status":"publish","type":"post","link":"https:\/\/imediata.org\/?p=14","title":{"rendered":">>Estados europeus desalmados, por Leonardo Boff"},"content":{"rendered":"<p><img decoding=\"async\" src=\"http:\/\/imediata.org\/wp-content\/imagens\/logos\/logolance.jpg\" alt=\"null\" \/><br \/>\n<strong>Fonte: <a href=\"http:\/\/leonardoboff.com\" target=\"_blank\">http:\/\/leonardoboff.com<\/a><\/strong><\/p>\n<p>A \u201cDiretiva do Retorno\u201d tamb\u00e9m chamada de \u201cDiretiva da Deporta\u00e7\u00e3o ou da Vergonha\u201d da Comunidade Europ\u00e9ia acerca dos extracomunit\u00e1rios ilegais desmascara uma faceta desumana que a cultura europ\u00e9ia sempre teve e que dificilmente consegue disfar\u00e7ar. \u00c9 uma cultura identit\u00e1ria. Possui dificuldade imensa de conviver com o diferente. Ou o agregou, ou o submeteu ou o destruiu. Invadiu praticamente todo o mundo conhecido, subjugando e matando com a cruz e a espada. Foi ela que, nos prim\u00f3rdios da modernidade, provocou o maior genoc\u00eddio da hist\u00f3ria humana, segundo o historiador Oswald Splengler em seu O decl\u00ednio do Ocidente. Onde na Am\u00e9rica Latina havia 23 ind\u00edgenas, diz-nos o antrop\u00f3logo Darcy Ribeiro, ap\u00f3s um s\u00e9culo, restou apenas um. Depois dominou as popula\u00e7\u00f5es restantes, explorou todos os recursos naturais poss\u00edveis que serviram de base para a industrializa\u00e7\u00e3o e seu enriquecimento que s\u00e3o suas injustas vantagem at\u00e9 os dias de hoje. Atr\u00e1s de seus feitos comerciais e t\u00e9cnicos h\u00e1 rios de sangue, de suor e de l\u00e1grimas. \u00c9 uma cultura montada sobre o poder-domina\u00e7\u00e3o. <\/p>\n<p> Agora, passando por cima de v\u00e1rios artigos da Declara\u00e7\u00e3o dos Direitos Humanos de 1948 (quando foi que a respeitaram?) maltratam imigrantes, consideram-nos criminosos a serem encarcerados, mesmo menores, sem precisar de mandato judicial, apenas mediante um procedimento administrativo. Prev\u00eaem-se campos de concentra\u00e7\u00e3o para eles. Esses imigrantes escondem trag\u00e9dias em suas vidas. Est\u00e3o l\u00e1 porque querem sobreviver e ajudar a suas fam\u00edlias que deixaram  em seus pa\u00edses. <\/p>\n<p> Vejam a contradi\u00e7\u00e3o: no s\u00e9culo XIX os sobrantes do processo de industrializa\u00e7\u00e3o europeu, aqueles que poderiam desestabilizar o capitalismo selvagem nascente, previsto por Marx, foram destinados \u00e0 exporta\u00e7\u00e3o. N\u00e3o veio qualquer tipo de gente. Tinham primazia os empobrecidos e os doentes, como meus av\u00f3s italianos. Todos de sua leva eram acometidos de tracoma, na \u00e9poca de dif\u00edcil cura. Eu mesmo quando crian\u00e7a passei por esta doen\u00e7a bem como todos de nossa regi\u00e3o no interior de Santa Catarina, onde se situa hoje  a Sadia e a Perdig\u00e3o, conhecidas por  seus bons produtos. <\/p>\n<p>No Brasil foram acolhidos com generosidade. Ganharam terras, ajudaram a construir esta na\u00e7\u00e3o e agora, com a riqueza natural com que Deus nos galardoou, podemos ser a mesa posta para as fomes do mundo inteiro. As pol\u00edticas da Comunidade europ\u00e9ia de hoje, n\u00e3o mostram nenhuma reciprocidade. Com a\u00e7\u00f5es articuladas, se revelam cru\u00e9is e sem piedade. Relata-nos o pr\u00edncipe de nossos jornalistas, Mauro Santayana, no JB de 22\/06, que nos anos 80 economistas e soci\u00f3logos norte-americanos e europeus sob o patroc\u00ednio de banqueiros conclu\u00edram que era necess\u00e1rio afastar do consumo 4\/5 da humanidade, a fim de garantir a gest\u00e3o do planeta e manter os privil\u00e9gios dos 20% de ricos. Os demais deveriam ser marginalizados at\u00e9 a sua extin\u00e7\u00e3o. <\/p>\n<p>Parece que o genoc\u00eddio est\u00e1 inscrito no c\u00f3digo gen\u00e9tico deste tipo de gente que est\u00e1 por detr\u00e1s de quase todas as guerras dos \u00faltimos s\u00e9culos. A eles que gostam de cultura como pura ilustra\u00e7\u00e3o lhes recordo o que Immanuel Kant (+1804) diz em sua A paz perp\u00e9tua (1795). A primeira virtude de uma rep\u00fablica mundial \u00e9 a \u201chospitalidade geral\u201d, como direito e dever de todos. Todos est\u00e3o sobre o planeta Terra, diz ele, e t\u00eam o direito de visitar suas regi\u00f5es e seus povos, pois a Terra pertence comunitariamente a todos. <\/p>\n<p>S\u00f3 esp\u00edritos anti-cultura ocidental como Francisco de Assis, Jo\u00e3o XXIII. Luther King e Madre Tereza podem oferecer um paradigma que resgate e salve estes  Governos da maldi\u00e7\u00e3o da vida e da ira divina que pairam sobre ele. <\/p>\n","protected":false},"excerpt":{"rendered":"<p>Fonte: http:\/\/leonardoboff.com A \u201cDiretiva do Retorno\u201d tamb\u00e9m chamada de \u201cDiretiva da Deporta\u00e7\u00e3o ou da Vergonha\u201d da Comunidade Europ\u00e9ia acerca dos extracomunit\u00e1rios ilegais desmascara uma faceta desumana que a cultura europ\u00e9ia sempre teve e que dificilmente consegue disfar\u00e7ar. \u00c9 uma cultura identit\u00e1ria. Possui dificuldade imensa de conviver com o diferente. Ou o agregou, ou o submeteu [&hellip;]<\/p>\n","protected":false},"author":3,"featured_media":0,"comment_status":"open","ping_status":"open","sticky":false,"template":"","format":"standard","meta":{"footnotes":""},"categories":[9],"tags":[40,14,15,13,39],"class_list":["post-14","post","type-post","status-publish","format-standard","hentry","category-lance-de-dados","tag-boff","tag-dominacao","tag-europa","tag-imigracao","tag-ocidente"],"_links":{"self":[{"href":"https:\/\/imediata.org\/index.php?rest_route=\/wp\/v2\/posts\/14","targetHints":{"allow":["GET"]}}],"collection":[{"href":"https:\/\/imediata.org\/index.php?rest_route=\/wp\/v2\/posts"}],"about":[{"href":"https:\/\/imediata.org\/index.php?rest_route=\/wp\/v2\/types\/post"}],"author":[{"embeddable":true,"href":"https:\/\/imediata.org\/index.php?rest_route=\/wp\/v2\/users\/3"}],"replies":[{"embeddable":true,"href":"https:\/\/imediata.org\/index.php?rest_route=%2Fwp%2Fv2%2Fcomments&post=14"}],"version-history":[{"count":0,"href":"https:\/\/imediata.org\/index.php?rest_route=\/wp\/v2\/posts\/14\/revisions"}],"wp:attachment":[{"href":"https:\/\/imediata.org\/index.php?rest_route=%2Fwp%2Fv2%2Fmedia&parent=14"}],"wp:term":[{"taxonomy":"category","embeddable":true,"href":"https:\/\/imediata.org\/index.php?rest_route=%2Fwp%2Fv2%2Fcategories&post=14"},{"taxonomy":"post_tag","embeddable":true,"href":"https:\/\/imediata.org\/index.php?rest_route=%2Fwp%2Fv2%2Ftags&post=14"}],"curies":[{"name":"wp","href":"https:\/\/api.w.org\/{rel}","templated":true}]}}