{"id":1391,"date":"2012-04-19T22:49:31","date_gmt":"2012-04-19T22:49:31","guid":{"rendered":"http:\/\/imediata.org\/?p=1391"},"modified":"2012-04-19T22:51:21","modified_gmt":"2012-04-19T22:51:21","slug":"sala-de-espera-25-acoes-paralelas","status":"publish","type":"post","link":"https:\/\/imediata.org\/?p=1391","title":{"rendered":">> Sala de Espera 25 &#8211; A\u00e7\u00f5es Paralelas"},"content":{"rendered":"<p>>> Sala de Espera 25 &#8211; A\u00e7\u00f5es Paralelas<br \/>\n<\/br><br \/>\nParallel Actions<br \/>\npor Yiannis Biliris<br \/>\nFonte: <a href=\"http:\/\/www.antidocs.com\/\">antidocs<\/a><br \/>\n<\/br><br \/>\n<iframe loading=\"lazy\" src=\"http:\/\/player.vimeo.com\/video\/40474574?title=0&amp;byline=0&amp;portrait=0\" width=\"400\" height=\"225\" frameborder=\"0\" webkitAllowFullScreen mozallowfullscreen allowFullScreen><\/iframe><\/p>\n<p><a href=\"http:\/\/vimeo.com\/40474574\">Parallel Actions<\/a> from <a href=\"http:\/\/vimeo.com\/yiannisbiliris\">Yiannis Biliris<\/a> on <a href=\"http:\/\/vimeo.com\">Vimeo<\/a>.<\/p>\n<p><\/br><br \/>\n<\/br><br \/>\n<strong>Recomendamos tamb\u00e9m:<br \/>\n>> Compl\u00f4 para destruir a Gr\u00e9cia \u2013 \u00daltimo apelo de Mikis Th\u00e9odorakis<\/strong><br \/>\n<a href=\"http:\/\/imediata.org\/?p=1285\">http:\/\/imediata.org\/?p=1285<\/a><br \/>\n<\/br><br \/>\n<strong>>> Alain Badiou: Vamos salvar o povo grego dos seus salvadores!<\/strong><br \/>\n<a href=\"http:\/\/imediata.org\/?p=1257\">http:\/\/imediata.org\/?p=1257<\/a><br \/>\n<\/br><\/p>\n<p><strong>>> DITADURA FINANCEIRA \u2013 \u00c9 preciso par\u00e1-los!<\/strong><br \/>\n<a href=\"http:\/\/imediata.org\/?p=1228\">http:\/\/imediata.org\/?p=1228<\/a><br \/>\n<\/br><\/p>\n<p><strong>ALERTA E APELO DE MIKIS THEODORAKIS \u2013 Se os povos da Europa n\u00e3o se levantarem, os bancos trar\u00e3o o fascismo de volta<\/strong><br \/>\n<a href=\"http:\/\/imediata.org\/?p=573???e???\">http:\/\/imediata.org\/?p=573???e???<\/a><br \/>\n<\/br><\/p>\n<p><strong>Ah, essa Gr\u00e9cia de Min(h\u2019)erva que o Deus-Mercado tanto enerva\u2026ou O que o mundo deve \u00e0 Gr\u00e9cia\u2026 por Artur d\u2019Amaru, no fim do dossi\u00ea imediata GR\u00c9CIA SE LEVANTA:<\/strong><br \/>\n<a href=\"http:\/\/imediata.org\/?page_id=111\">http:\/\/imediata.org\/?page_id=111<\/a><\/p>\n","protected":false},"excerpt":{"rendered":"<p>>> Sala de Espera 25 &#8211; A\u00e7\u00f5es Paralelas Parallel Actions por Yiannis Biliris Fonte: antidocs Parallel Actions from Yiannis Biliris on Vimeo. Recomendamos tamb\u00e9m: >> Compl\u00f4 para destruir a Gr\u00e9cia \u2013 \u00daltimo apelo de Mikis Th\u00e9odorakis http:\/\/imediata.org\/?p=1285 >> Alain Badiou: Vamos salvar o povo grego dos seus salvadores! http:\/\/imediata.org\/?p=1257 >> DITADURA FINANCEIRA \u2013 \u00c9 preciso [&hellip;]<\/p>\n","protected":false},"author":1,"featured_media":0,"comment_status":"open","ping_status":"open","sticky":false,"template":"","format":"standard","meta":{"footnotes":""},"categories":[100],"tags":[672,561,673,674],"class_list":["post-1391","post","type-post","status-publish","format-standard","hentry","category-sala-de-espera","tag-acoes-paralelas","tag-grecia","tag-parellel-actions","tag-yiannis-biliris"],"_links":{"self":[{"href":"https:\/\/imediata.org\/index.php?rest_route=\/wp\/v2\/posts\/1391","targetHints":{"allow":["GET"]}}],"collection":[{"href":"https:\/\/imediata.org\/index.php?rest_route=\/wp\/v2\/posts"}],"about":[{"href":"https:\/\/imediata.org\/index.php?rest_route=\/wp\/v2\/types\/post"}],"author":[{"embeddable":true,"href":"https:\/\/imediata.org\/index.php?rest_route=\/wp\/v2\/users\/1"}],"replies":[{"embeddable":true,"href":"https:\/\/imediata.org\/index.php?rest_route=%2Fwp%2Fv2%2Fcomments&post=1391"}],"version-history":[{"count":2,"href":"https:\/\/imediata.org\/index.php?rest_route=\/wp\/v2\/posts\/1391\/revisions"}],"predecessor-version":[{"id":1393,"href":"https:\/\/imediata.org\/index.php?rest_route=\/wp\/v2\/posts\/1391\/revisions\/1393"}],"wp:attachment":[{"href":"https:\/\/imediata.org\/index.php?rest_route=%2Fwp%2Fv2%2Fmedia&parent=1391"}],"wp:term":[{"taxonomy":"category","embeddable":true,"href":"https:\/\/imediata.org\/index.php?rest_route=%2Fwp%2Fv2%2Fcategories&post=1391"},{"taxonomy":"post_tag","embeddable":true,"href":"https:\/\/imediata.org\/index.php?rest_route=%2Fwp%2Fv2%2Ftags&post=1391"}],"curies":[{"name":"wp","href":"https:\/\/api.w.org\/{rel}","templated":true}]}}