{"id":1381,"date":"2012-04-15T23:54:35","date_gmt":"2012-04-15T23:54:35","guid":{"rendered":"http:\/\/imediata.org\/?p=1381"},"modified":"2012-04-15T23:58:37","modified_gmt":"2012-04-15T23:58:37","slug":"arquivos-do-filosofo-michel-foucault-sao-classificados-%e2%80%9ctesouro-nacional%e2%80%9d","status":"publish","type":"post","link":"https:\/\/imediata.org\/?p=1381","title":{"rendered":">> Arquivos do fil\u00f3sofo Michel Foucault s\u00e3o classificados \u201ctesouro nacional\u201d na Fran\u00e7a"},"content":{"rendered":"<p><strong>Arquivos do fil\u00f3sofo Michel Foucault s\u00e3o classificados \u201ctesouro nacional\u201d na Fran\u00e7a<\/strong><br \/>\n<\/br><br \/>\nFonte: <a href=\"http:\/\/www.lemonde.fr\/culture\/article\/2012\/04\/14\/les-archives-du-philosophe-michel-foucault-classees-tresor-national_1685632_3246.html#xtor=AL-32280258\">Le Monde.fr de 14.04.2012<\/a><br \/>\nTradu\u00e7\u00e3o: Mario S. Mieli<br \/>\n<\/br> <\/p>\n<p>O Estado franc\u00eas decidiu classificar como \u201ctesouro nacional\u201d os arquivos do fil\u00f3sofo Michel Foucault, proibindo sua exporta\u00e7\u00e3o, conforme aviso publicado no s\u00e1bado, 14 de abril, no Journal Officiel.<br \/>\n<\/br> <\/p>\n<p>Apreendido pelo Minist\u00e9rio da Cultura, a Comiss\u00e3o Consultiva dos Tesouros Nacionais fez valer que esse conjunto de 37.000 folhetos, manuscritos e textos datilografados cobrindo um per\u00edodo de quarenta anos, \u201c\u00e9 \u00fanico para a compreens\u00e3o e estudo da obra de Michel Foucault\u201d, falecido em 1984. \u201cEm consequ\u00eancia disso, o conjunto dos bens apresenta um interesse maior para o patrim\u00f4nio nacional do ponto de vista da hist\u00f3ria e da Arte, e deve ser considerado um tesouro nacional\u201d.<br \/>\n<\/br> <\/p>\n<p>Interrogado no s\u00e1bado, o Minist\u00e9rio da Cultura indicou que poderia se tratar de uma \u201cmedida preventiva\u201d, com o objetivo de impedir a venda desses documentos para o exterior.<br \/>\n<\/br> <\/p>\n<p>Da mesma forma, um autorretrato desenhado a ponta de chumbo pelo homem de teatro Antonin Artaud, vendido recentemente (5 de abril) por 2,13 milh\u00f5es de euros pela  Sotheby&#8217;s, em Paris, foi igualmente declarado Tesouro Nacional e, portanto,  est\u00e1 interditado \u00e0 exporta\u00e7\u00e3o, segundo o JOunal Officiel de s\u00e1bado.<br \/>\n<\/br> <\/p>\n<p>Este autorretrato de Antonin Artaud, adquirido por um colecionador franc\u00eas por telefone, tinha alcan\u00e7ado um recorde mundial para um desenho de Artaud. Mas dois dias antes da vinda, o Minist\u00e9rio da Cultura tinha interditado sua exporta\u00e7\u00e3o, conferindo-lhe o status de Tesouro nacional.  <\/p>\n<p><\/br><br \/>\n<strong>Michel Foucault por ele mesmo 1 &#8211;<br \/>\nDocument\u00e1rio da TV francesa  ARTE em franc\u00eas com legendas em portugu\u00eas<\/strong><br \/>\n<iframe loading=\"lazy\" title=\"Michel Foucault por ele mesmo 1\" width=\"640\" height=\"480\" src=\"https:\/\/www.youtube.com\/embed\/Oy0_KfZnlws?feature=oembed\" frameborder=\"0\" allow=\"accelerometer; autoplay; clipboard-write; encrypted-media; gyroscope; picture-in-picture; web-share\" referrerpolicy=\"strict-origin-when-cross-origin\" allowfullscreen><\/iframe><br \/>\n<\/br><br \/>\n<strong>Michel Foucault &#8211; Surveiller et punir (Vigiar  punir &#8211; em franc\u00eas)<\/strong><br \/>\n<iframe loading=\"lazy\" title=\"Michel Foucault - Surveiller et punir\" width=\"640\" height=\"360\" src=\"https:\/\/www.youtube.com\/embed\/FzIIgODvzHw?feature=oembed\" frameborder=\"0\" allow=\"accelerometer; autoplay; clipboard-write; encrypted-media; gyroscope; picture-in-picture; web-share\" referrerpolicy=\"strict-origin-when-cross-origin\" allowfullscreen><\/iframe><br \/>\n<\/br><br \/>\n<strong>Vigiar e Punir (apresenta\u00e7\u00e3o escolar de texto e imagens)<\/strong><br \/>\n<iframe loading=\"lazy\" title=\"Vigiar e Punir\" width=\"640\" height=\"480\" src=\"https:\/\/www.youtube.com\/embed\/us5q847Zc5c?feature=oembed\" frameborder=\"0\" allow=\"accelerometer; autoplay; clipboard-write; encrypted-media; gyroscope; picture-in-picture; web-share\" referrerpolicy=\"strict-origin-when-cross-origin\" allowfullscreen><\/iframe><br \/>\n<\/br> <\/p>\n","protected":false},"excerpt":{"rendered":"<p>Arquivos do fil\u00f3sofo Michel Foucault s\u00e3o classificados \u201ctesouro nacional\u201d na Fran\u00e7a Fonte: Le Monde.fr de 14.04.2012 Tradu\u00e7\u00e3o: Mario S. Mieli O Estado franc\u00eas decidiu classificar como \u201ctesouro nacional\u201d os arquivos do fil\u00f3sofo Michel Foucault, proibindo sua exporta\u00e7\u00e3o, conforme aviso publicado no s\u00e1bado, 14 de abril, no Journal Officiel. Apreendido pelo Minist\u00e9rio da Cultura, a Comiss\u00e3o [&hellip;]<\/p>\n","protected":false},"author":1,"featured_media":0,"comment_status":"open","ping_status":"open","sticky":false,"template":"","format":"standard","meta":{"footnotes":""},"categories":[9,11],"tags":[665,666,95,545],"class_list":["post-1381","post","type-post","status-publish","format-standard","hentry","category-lance-de-dados","category-sambaqui","tag-antonin-artaud","tag-escritos-de-foucault-considerados-tesouro-nacional-da-franca","tag-mario-s-mieli","tag-michel-foucault"],"_links":{"self":[{"href":"https:\/\/imediata.org\/index.php?rest_route=\/wp\/v2\/posts\/1381","targetHints":{"allow":["GET"]}}],"collection":[{"href":"https:\/\/imediata.org\/index.php?rest_route=\/wp\/v2\/posts"}],"about":[{"href":"https:\/\/imediata.org\/index.php?rest_route=\/wp\/v2\/types\/post"}],"author":[{"embeddable":true,"href":"https:\/\/imediata.org\/index.php?rest_route=\/wp\/v2\/users\/1"}],"replies":[{"embeddable":true,"href":"https:\/\/imediata.org\/index.php?rest_route=%2Fwp%2Fv2%2Fcomments&post=1381"}],"version-history":[{"count":4,"href":"https:\/\/imediata.org\/index.php?rest_route=\/wp\/v2\/posts\/1381\/revisions"}],"predecessor-version":[{"id":1385,"href":"https:\/\/imediata.org\/index.php?rest_route=\/wp\/v2\/posts\/1381\/revisions\/1385"}],"wp:attachment":[{"href":"https:\/\/imediata.org\/index.php?rest_route=%2Fwp%2Fv2%2Fmedia&parent=1381"}],"wp:term":[{"taxonomy":"category","embeddable":true,"href":"https:\/\/imediata.org\/index.php?rest_route=%2Fwp%2Fv2%2Fcategories&post=1381"},{"taxonomy":"post_tag","embeddable":true,"href":"https:\/\/imediata.org\/index.php?rest_route=%2Fwp%2Fv2%2Ftags&post=1381"}],"curies":[{"name":"wp","href":"https:\/\/api.w.org\/{rel}","templated":true}]}}