{"id":1318,"date":"2012-04-03T13:53:07","date_gmt":"2012-04-03T13:53:07","guid":{"rendered":"http:\/\/imediata.org\/?p=1318"},"modified":"2013-04-19T15:19:43","modified_gmt":"2013-04-19T15:19:43","slug":"sala-de-espera-23-%e2%80%93-lancando-luz-na-sombria-historia-nacional-%e2%80%93-levante-contra-a-tortura-o-dia-que-durou-21-anos-cidadao-boilesen","status":"publish","type":"post","link":"https:\/\/imediata.org\/?p=1318","title":{"rendered":">> Sala de Espera 23 \u2013 Lan\u00e7ando luz na sombria hist\u00f3ria nacional \u2013 Levante contra a tortura, O Dia que Durou 21 anos, Cidad\u00e3o Boilesen"},"content":{"rendered":"<p><strong>Sala de Espera 23 \u2013 Lan\u00e7ando luz sobre a era sombria da hist\u00f3ria nacional \u2013 Levante contra a tortura, O Dia que Durou 21 anos, Cidad\u00e3o Boilesen <\/strong><\/p>\n<p><\/br><br \/>\n<strong>HOJE:<\/strong><br \/>\n<\/br><br \/>\n<strong>#LEVANTECONTRATORTURA &#8211; ESCULACHO NACIONAL<\/strong><br \/>\n<iframe loading=\"lazy\" title=\"#LEVANTECONTRATORTURA - ESCULACHO NACIONAL\" width=\"640\" height=\"480\" src=\"https:\/\/www.youtube.com\/embed\/xrB6ylDF4kI?feature=oembed\" frameborder=\"0\" allow=\"accelerometer; autoplay; clipboard-write; encrypted-media; gyroscope; picture-in-picture; web-share\" referrerpolicy=\"strict-origin-when-cross-origin\" allowfullscreen><\/iframe><\/p>\n<p><\/br><br \/>\n<strong>DOCUMENT\u00c1RIOS IMPRESCIND\u00cdVEIS PARA ENTENDER O HOJE:<\/strong><br \/>\n<\/br><br \/>\n<strong>&#8220;O DIA QUE DUROU 21 ANOS&#8221; (o nacionalismo \u201cmade in USA\u201d os golpistas de 64)<\/strong><br \/>\n<strong>TV Brasil &#8211; O dia que durou 21 anos &#8211; Epis\u00f3dio 01 -A conspira\u00e7\u00e3o<\/strong><\/p>\n<p><iframe loading=\"lazy\" frameborder=\"0\" width=\"480\" height=\"270\" src=\"http:\/\/www.dailymotion.com\/embed\/video\/xtpfl0\"><\/iframe><br \/><a href=\"http:\/\/www.dailymotion.com\/video\/xtpfl0_tv-brasil-o-dia-que-durou-21-anos-episodio-01-a-conspiracao_shortfilms\" target=\"_blank\">TV Brasil &#8211; O dia que durou 21 anos &#8211; Epis&oacute;dio&#8230;<\/a> <i>by <a href=\"http:\/\/www.dailymotion.com\/Documentarios\" target=\"_blank\">Documentarios<\/a><\/i><br \/>\n<\/br><br \/>\n<strong>TV Brasil &#8211; O dia que durou 21 anos &#8211; Epis\u00f3dio 02 &#8211; Golpe de estado<\/strong><\/p>\n<p><iframe loading=\"lazy\" frameborder=\"0\" width=\"480\" height=\"270\" src=\"http:\/\/www.dailymotion.com\/embed\/video\/xtpl4p\"><\/iframe><br \/><a href=\"http:\/\/www.dailymotion.com\/video\/xtpl4p_tv-brasil-o-dia-que-durou-21-anos-episodio-02-golpe-de-estado_shortfilms\" target=\"_blank\">TV Brasil &#8211; O dia que durou 21 anos &#8211; Epis&oacute;dio&#8230;<\/a> <i>by <a href=\"http:\/\/www.dailymotion.com\/Documentarios\" target=\"_blank\">Documentarios<\/a><\/i><br \/>\n<\/br><br \/>\n<strong>TV Brasil &#8211; O dia que durou 21 anos &#8211; Epis\u00f3dio 03 &#8211; O escolhido<\/strong><br \/>\n<iframe loading=\"lazy\" frameborder=\"0\" width=\"480\" height=\"270\" src=\"http:\/\/www.dailymotion.com\/embed\/video\/xtpofe\"><\/iframe><br \/><a href=\"http:\/\/www.dailymotion.com\/video\/xtpofe_tv-brasil-o-dia-que-durou-21-anos-episodio-03-o-escolhido_shortfilms\" target=\"_blank\">TV Brasil &#8211; O dia que durou 21 anos &#8211; Epis&oacute;dio&#8230;<\/a> <i>by <a href=\"http:\/\/www.dailymotion.com\/Documentarios\" target=\"_blank\">Documentarios<\/a><\/i><\/p>\n<p><\/br><br \/>\n<strong>Document\u00e1rio &#8220;CIDAD\u00c3O BOILESEN&#8221; (Chaim Litewski)- 1\u00ba parte de 10<\/strong><br \/>\n<iframe loading=\"lazy\" title=\"Document\u00e1rio Cidad\u00e3o Boilesen 1\u00ba parte\" width=\"640\" height=\"480\" src=\"https:\/\/www.youtube.com\/embed\/G-QSD-vU38k?feature=oembed\" frameborder=\"0\" allow=\"accelerometer; autoplay; clipboard-write; encrypted-media; gyroscope; picture-in-picture; web-share\" referrerpolicy=\"strict-origin-when-cross-origin\" allowfullscreen><\/iframe><\/p>\n","protected":false},"excerpt":{"rendered":"<p>Sala de Espera 23 \u2013 Lan\u00e7ando luz sobre a era sombria da hist\u00f3ria nacional \u2013 Levante contra a tortura, O Dia que Durou 21 anos, Cidad\u00e3o Boilesen HOJE: #LEVANTECONTRATORTURA &#8211; ESCULACHO NACIONAL DOCUMENT\u00c1RIOS IMPRESCIND\u00cdVEIS PARA ENTENDER O HOJE: &#8220;O DIA QUE DUROU 21 ANOS&#8221; (o nacionalismo \u201cmade in USA\u201d os golpistas de 64) TV Brasil [&hellip;]<\/p>\n","protected":false},"author":1,"featured_media":0,"comment_status":"open","ping_status":"open","sticky":false,"template":"","format":"standard","meta":{"footnotes":""},"categories":[91,78,100],"tags":[627,625,626],"class_list":["post-1318","post","type-post","status-publish","format-standard","hentry","category-imperio_poder_globalizacao","category-ovideo","category-sala-de-espera","tag-cidadao-boilesen","tag-levante-contra-a-tortura","tag-o-dia-que-durou-21-anos"],"_links":{"self":[{"href":"https:\/\/imediata.org\/index.php?rest_route=\/wp\/v2\/posts\/1318","targetHints":{"allow":["GET"]}}],"collection":[{"href":"https:\/\/imediata.org\/index.php?rest_route=\/wp\/v2\/posts"}],"about":[{"href":"https:\/\/imediata.org\/index.php?rest_route=\/wp\/v2\/types\/post"}],"author":[{"embeddable":true,"href":"https:\/\/imediata.org\/index.php?rest_route=\/wp\/v2\/users\/1"}],"replies":[{"embeddable":true,"href":"https:\/\/imediata.org\/index.php?rest_route=%2Fwp%2Fv2%2Fcomments&post=1318"}],"version-history":[{"count":7,"href":"https:\/\/imediata.org\/index.php?rest_route=\/wp\/v2\/posts\/1318\/revisions"}],"predecessor-version":[{"id":3545,"href":"https:\/\/imediata.org\/index.php?rest_route=\/wp\/v2\/posts\/1318\/revisions\/3545"}],"wp:attachment":[{"href":"https:\/\/imediata.org\/index.php?rest_route=%2Fwp%2Fv2%2Fmedia&parent=1318"}],"wp:term":[{"taxonomy":"category","embeddable":true,"href":"https:\/\/imediata.org\/index.php?rest_route=%2Fwp%2Fv2%2Fcategories&post=1318"},{"taxonomy":"post_tag","embeddable":true,"href":"https:\/\/imediata.org\/index.php?rest_route=%2Fwp%2Fv2%2Ftags&post=1318"}],"curies":[{"name":"wp","href":"https:\/\/api.w.org\/{rel}","templated":true}]}}