{"id":1310,"date":"2012-04-02T11:54:28","date_gmt":"2012-04-02T11:54:28","guid":{"rendered":"http:\/\/imediata.org\/?p=1310"},"modified":"2012-04-02T11:54:28","modified_gmt":"2012-04-02T11:54:28","slug":"noam-chomsky-deseducacao-e-o-objetivo-da-educacao","status":"publish","type":"post","link":"https:\/\/imediata.org\/?p=1310","title":{"rendered":">> Noam Chomsky &#8211; Deseduca\u00e7\u00e3o \u00e9 o objetivo da educa\u00e7\u00e3o"},"content":{"rendered":"<p><strong> Noam Chomsky &#8211; Deseduca\u00e7\u00e3o \u00e9 o objetivo da educa\u00e7\u00e3o<\/strong><br \/>\n<\/br><br \/>\n<strong>El objetivo de la educaci\u00f3n: La deseducaci\u00f3n<br \/>\nem ingl\u00eas com legendas em espanhol<\/strong><br \/>\n<\/br><br \/>\n<iframe loading=\"lazy\" frameborder=\"0\" width=\"480\" height=\"384\" src=\"http:\/\/www.dailymotion.com\/embed\/video\/xpo68o_noan-chomsky-el-objetivo-de-la-educacion-la-deseducacion_news\"><\/iframe><br \/><a href=\"http:\/\/www.dailymotion.com\/video\/xpo68o_noan-chomsky-el-objetivo-de-la-educacion-la-deseducacion_news\" target=\"_blank\">Noan Chomsky: El objetivo de la educaci&oacute;n: La&#8230;<\/a> <i>by <a href=\"http:\/\/www.dailymotion.com\/filosofiacr\" target=\"_blank\">filosofiacr<\/a><\/i><\/p>\n","protected":false},"excerpt":{"rendered":"<p>Noam Chomsky &#8211; Deseduca\u00e7\u00e3o \u00e9 o objetivo da educa\u00e7\u00e3o El objetivo de la educaci\u00f3n: La deseducaci\u00f3n em ingl\u00eas com legendas em espanhol Noan Chomsky: El objetivo de la educaci&oacute;n: La&#8230; by filosofiacr<\/p>\n","protected":false},"author":1,"featured_media":0,"comment_status":"open","ping_status":"open","sticky":false,"template":"","format":"standard","meta":{"footnotes":""},"categories":[9],"tags":[619,620,618],"class_list":["post-1310","post","type-post","status-publish","format-standard","hentry","category-lance-de-dados","tag-deseducacao","tag-educacao","tag-noam-chomsky"],"_links":{"self":[{"href":"https:\/\/imediata.org\/index.php?rest_route=\/wp\/v2\/posts\/1310","targetHints":{"allow":["GET"]}}],"collection":[{"href":"https:\/\/imediata.org\/index.php?rest_route=\/wp\/v2\/posts"}],"about":[{"href":"https:\/\/imediata.org\/index.php?rest_route=\/wp\/v2\/types\/post"}],"author":[{"embeddable":true,"href":"https:\/\/imediata.org\/index.php?rest_route=\/wp\/v2\/users\/1"}],"replies":[{"embeddable":true,"href":"https:\/\/imediata.org\/index.php?rest_route=%2Fwp%2Fv2%2Fcomments&post=1310"}],"version-history":[{"count":1,"href":"https:\/\/imediata.org\/index.php?rest_route=\/wp\/v2\/posts\/1310\/revisions"}],"predecessor-version":[{"id":1311,"href":"https:\/\/imediata.org\/index.php?rest_route=\/wp\/v2\/posts\/1310\/revisions\/1311"}],"wp:attachment":[{"href":"https:\/\/imediata.org\/index.php?rest_route=%2Fwp%2Fv2%2Fmedia&parent=1310"}],"wp:term":[{"taxonomy":"category","embeddable":true,"href":"https:\/\/imediata.org\/index.php?rest_route=%2Fwp%2Fv2%2Fcategories&post=1310"},{"taxonomy":"post_tag","embeddable":true,"href":"https:\/\/imediata.org\/index.php?rest_route=%2Fwp%2Fv2%2Ftags&post=1310"}],"curies":[{"name":"wp","href":"https:\/\/api.w.org\/{rel}","templated":true}]}}