{"id":1307,"date":"2012-04-02T11:50:13","date_gmt":"2012-04-02T11:50:13","guid":{"rendered":"http:\/\/imediata.org\/?p=1307"},"modified":"2012-04-02T11:50:55","modified_gmt":"2012-04-02T11:50:55","slug":"sala-de-espera-22-temos-todos-a-mesma-idade-a-idade-da-espera","status":"publish","type":"post","link":"https:\/\/imediata.org\/?p=1307","title":{"rendered":">> Sala de Espera 22 &#8211; TEMOS TODOS A MESMA IDADE &#8211;  A IDADE DA ESPERA"},"content":{"rendered":"<p><strong>Sala de Espera 22 &#8211; TEMOS TODOS A MESMA IDADE &#8211;  A IDADE DA ESPERA<\/strong><br \/>\n<\/br><br \/>\n<strong>1. Um minuto de entrevista do escritor italiano Silvano Agosti (sobre um de seus livros):<\/strong><br \/>\n<\/br><br \/>\n<strong>abbiamo tutti la stessa et\u00e0<\/strong><br \/>\n<iframe loading=\"lazy\" title=\"abbiamo tutti la stessa et\u00e0\" width=\"640\" height=\"480\" src=\"https:\/\/www.youtube.com\/embed\/gQLD_AaW5g0?feature=oembed\" frameborder=\"0\" allow=\"accelerometer; autoplay; clipboard-write; encrypted-media; gyroscope; picture-in-picture; web-share\" referrerpolicy=\"strict-origin-when-cross-origin\" allowfullscreen><\/iframe><br \/>\n<\/br><br \/>\n<strong>Transcri\u00e7\u00e3o traduzida:<\/strong><br \/>\n<\/br><br \/>\n&#8230;Como (se fosse) um di\u00e1logo entre um cara de 17 e outro de 99 anos. E os dois s\u00e3o eu mesmo.<br \/>\nO de 17 diz:<br \/>\n\u201cComo voc\u00ea \u00e9 jovem, voc\u00ea que \u00e9 t\u00e3o velho.\u201d<br \/>\nDigo-lhe, fascinado pela sua serenidade.<br \/>\n<\/br><br \/>\nE o velho diz:<br \/>\n<strong>\u201cN\u00c3O TEM JOVEM.  N\u00c3O TEM VELHO.\u201d<br \/>\nTEMOS TODOS A MESMA IDADE.<br \/>\nA IDADE DA ESPERA.<\/strong><br \/>\n<\/br><br \/>\nE o rapaz diz: \u201cE se no cora\u00e7\u00e3o eu tiver o desespero?\u201d<br \/>\n <\/br><br \/>\n\u201cEnt\u00e3o voc\u00ea deve ficar feliz. Quer dizer que o seu Deus est\u00e1 lhe colocando \u00e0 prova.\u201d<br \/>\n <\/br><br \/>\nE o rapaz responde:<br \/>\n\u201cMas n\u00e3o tenho nenhum deus.\u201d<br \/>\n<\/br><br \/>\n\u201cEnt\u00e3o senta, e olha bastante dentro de si mesmo. At\u00e9 ver aparecer o rosto das pessoas que voc\u00ea ama.<br \/>\nS\u00e3o elas as guardi\u00e3s das suas esperan\u00e7as.<br \/>\n\u00c9 nelas que voc\u00ea deve acreditar.\u201d<br \/>\n<\/br><br \/>\n<strong>2. CORA CORALINA &#8211; SABER VIVER:<\/strong><br \/>\n<\/br><br \/>\n<strong>Cora Coralina: Saber viver<\/strong><br \/>\n<iframe loading=\"lazy\" title=\"Cora Coralina saber viver\" width=\"640\" height=\"480\" src=\"https:\/\/www.youtube.com\/embed\/iWF9-5J4ldo?feature=oembed\" frameborder=\"0\" allow=\"accelerometer; autoplay; clipboard-write; encrypted-media; gyroscope; picture-in-picture; web-share\" referrerpolicy=\"strict-origin-when-cross-origin\" allowfullscreen><\/iframe><\/p>\n","protected":false},"excerpt":{"rendered":"<p>Sala de Espera 22 &#8211; TEMOS TODOS A MESMA IDADE &#8211; A IDADE DA ESPERA 1. Um minuto de entrevista do escritor italiano Silvano Agosti (sobre um de seus livros): abbiamo tutti la stessa et\u00e0 Transcri\u00e7\u00e3o traduzida: &#8230;Como (se fosse) um di\u00e1logo entre um cara de 17 e outro de 99 anos. E os dois [&hellip;]<\/p>\n","protected":false},"author":1,"featured_media":0,"comment_status":"open","ping_status":"open","sticky":false,"template":"","format":"standard","meta":{"footnotes":""},"categories":[100],"tags":[616,614,617,613,615],"class_list":["post-1307","post","type-post","status-publish","format-standard","hentry","category-sala-de-espera","tag-a-idade-da-espera","tag-cora-coralina","tag-saber-viver","tag-silvano-agosti","tag-temos-todos-a-mesma-idade"],"_links":{"self":[{"href":"https:\/\/imediata.org\/index.php?rest_route=\/wp\/v2\/posts\/1307","targetHints":{"allow":["GET"]}}],"collection":[{"href":"https:\/\/imediata.org\/index.php?rest_route=\/wp\/v2\/posts"}],"about":[{"href":"https:\/\/imediata.org\/index.php?rest_route=\/wp\/v2\/types\/post"}],"author":[{"embeddable":true,"href":"https:\/\/imediata.org\/index.php?rest_route=\/wp\/v2\/users\/1"}],"replies":[{"embeddable":true,"href":"https:\/\/imediata.org\/index.php?rest_route=%2Fwp%2Fv2%2Fcomments&post=1307"}],"version-history":[{"count":2,"href":"https:\/\/imediata.org\/index.php?rest_route=\/wp\/v2\/posts\/1307\/revisions"}],"predecessor-version":[{"id":1309,"href":"https:\/\/imediata.org\/index.php?rest_route=\/wp\/v2\/posts\/1307\/revisions\/1309"}],"wp:attachment":[{"href":"https:\/\/imediata.org\/index.php?rest_route=%2Fwp%2Fv2%2Fmedia&parent=1307"}],"wp:term":[{"taxonomy":"category","embeddable":true,"href":"https:\/\/imediata.org\/index.php?rest_route=%2Fwp%2Fv2%2Fcategories&post=1307"},{"taxonomy":"post_tag","embeddable":true,"href":"https:\/\/imediata.org\/index.php?rest_route=%2Fwp%2Fv2%2Ftags&post=1307"}],"curies":[{"name":"wp","href":"https:\/\/api.w.org\/{rel}","templated":true}]}}