{"id":1299,"date":"2012-03-13T16:02:44","date_gmt":"2012-03-13T16:02:44","guid":{"rendered":"http:\/\/imediata.org\/?p=1299"},"modified":"2012-03-13T16:04:35","modified_gmt":"2012-03-13T16:04:35","slug":"forum-mundial-alternativo-da-agua-marselha-franca-14-17-de-marco-de-2012","status":"publish","type":"post","link":"https:\/\/imediata.org\/?p=1299","title":{"rendered":">> FORUM MUNDIAL ALTERNATIVO DA \u00c1GUA &#8211; Marselha, Fran\u00e7a 14-17 de mar\u00e7o de 2012"},"content":{"rendered":"<p><strong>FORUM MUNDIAL ALTERNATIVO DA \u00c1GUA &#8211; Marselha, Fran\u00e7a, 14-17 de mar\u00e7o de 2012<\/strong><br \/>\n<\/br><br \/>\n<strong>V\u00eddeo: Manifesta\u00e7\u00e3o do povo italiano em Roma, em 26 de novembro do ano passado, a favor da \u00e1gua p\u00fablica e contra a \u00e1gua privatizada, em prepara\u00e7\u00e3o ao F\u00f3rum Mundial Alternativo de Marselha, de 14 a 17 de mar\u00e7o de 2012.<\/strong><br \/>\n<\/br><br \/>\n<iframe loading=\"lazy\" src=\"http:\/\/player.vimeo.com\/video\/33278152?title=0&amp;byline=0&amp;portrait=0\" width=\"400\" height=\"320\" frameborder=\"0\" webkitAllowFullScreen mozallowfullscreen allowFullScreen><\/iframe><\/p>\n<p><a href=\"http:\/\/vimeo.com\/33278152\">ROM, 26 Nov 2011<\/a> from <a href=\"http:\/\/vimeo.com\/user7788872\">FAME 2012<\/a> on <a href=\"http:\/\/vimeo.com\">Vimeo<\/a>.<\/p>\n<p><\/br><\/p>\n<p><\/br><br \/>\n<strong>Site oficial do F\u00f3rum:<br \/>\ningl\u00eas:<\/strong><br \/>\n<a href=\"http:\/\/www.fame2012.org\/en\/\">http:\/\/www.fame2012.org\/en\/<\/a><br \/>\n<strong>espanhol:<\/strong><br \/>\n<a href=\"http:\/\/www.fame2012.org\/es\/\">http:\/\/www.fame2012.org\/es\/<\/a><br \/>\n<strong>franc\u00eas:<\/strong><br \/>\n<a href=\"http:\/\/www.fame2012.org\/fr\/\">http:\/\/www.fame2012.org\/fr\/<\/a><br \/>\n<strong>italiano:<\/strong><br \/>\n<a href=\"http:\/\/www.fame2012.org\/it\/\">http:\/\/www.fame2012.org\/it\/<\/a><br \/>\n<\/br><br \/>\n<strong>&#8220;A \u00e1gua \u00e9 a fonte de toda a vida.&#8221; \u2013 Alcor\u00e3o<\/strong><br \/>\n<\/br><br \/>\n<strong>&#8220;Apo hi stha mayobhuvas&#8221;<br \/>\n(&#8220;A \u00e1gua \u00e9 a maior sustentadora, portanto, \u00e9 como uma m\u00e3e.&#8221;)<br \/>\nTaittiriya Samhita<\/strong><br \/>\n<\/br><br \/>\n<strong>Se o corpo humano \u00e9 constitu\u00eddo, em 70%, de \u00e1gua<br \/>\nprivatizar  a \u00e1gua \u00e9 privatizar-nos em 70% tamb\u00e9m?<\/strong><br \/>\n<\/br><br \/>\n<a href=\"http:\/\/imediata.org\/wp-content\/uploads\/2012\/03\/agua_s1.gif\"><img loading=\"lazy\" decoding=\"async\" src=\"http:\/\/imediata.org\/wp-content\/uploads\/2012\/03\/agua_s1.gif\" alt=\"\" title=\"agua_s1\" width=\"384\" height=\"257\" class=\"alignright size-full wp-image-1300\" srcset=\"https:\/\/imediata.org\/wp-content\/uploads\/2012\/03\/agua_s1.gif 384w, https:\/\/imediata.org\/wp-content\/uploads\/2012\/03\/agua_s1-300x200.gif 300w\" sizes=\"auto, (max-width: 384px) 100vw, 384px\" \/><\/a><br \/>\n<\/br><br \/>\n<a href=\"http:\/\/imediata.org\/wp-content\/uploads\/2012\/03\/corpo_humano1.jpg\"><img loading=\"lazy\" decoding=\"async\" src=\"http:\/\/imediata.org\/wp-content\/uploads\/2012\/03\/corpo_humano1.jpg\" alt=\"\" title=\"corpo_humano\" width=\"623\" height=\"464\" class=\"alignright size-full wp-image-1302\" srcset=\"https:\/\/imediata.org\/wp-content\/uploads\/2012\/03\/corpo_humano1.jpg 623w, https:\/\/imediata.org\/wp-content\/uploads\/2012\/03\/corpo_humano1-300x223.jpg 300w\" sizes=\"auto, (max-width: 623px) 100vw, 623px\" \/><\/a><br \/>\n<\/br><br \/>\n<\/br><br \/>\n<strong>LEITURAS E VISUALIZA\u00c7\u00d5ES SUGERIDAS:<br \/>\n<\/br><br \/>\n\u00c1GUAS SAGRADAS<br \/>\nVandana Shiva<\/strong><br \/>\nEste \u00e9 o s\u00e9timo e \u00faltimo cap\u00edtulo do livro &#8220;Water Wars \u2014 Privatization, Pollution, and Profit&#8221; (Guerras pela \u00c1gua \u2014 Privatiza\u00e7\u00e3o, Polui\u00e7\u00e3o e Lucro)<br \/>\n<a href=\"http:\/\/imediata.org\/biodiv\/shiva_aguassagradas.html\">http:\/\/imediata.org\/biodiv\/shiva_aguassagradas.html<\/a><br \/>\n<\/br><br \/>\n<strong>LO-GO-GODSM (em ingl\u00eas) &#8211; Artur d&#8217;Amaru<br \/>\nThe word of God brought to you by:<br \/>\n<\/br><br \/>\nPure Arsenic Springs<br \/>\nAnti-Kyoto Proto-Cola<br \/>\nAcid Rain Sewerade<br \/>\n<\/br><br \/>\nsubsidiaries of The Very Holy General Waters, Inc.<\/strong><br \/>\n<a href=\"http:\/\/imediata.org\/biodiv\/LOGOGOD\/LO-GO-GOD(eng).html\">http:\/\/imediata.org\/biodiv\/LOGOGOD\/LO-GO-GOD(eng).html<\/a><br \/>\n<\/br><br \/>\n<strong>LO-GO-GODSM (em portugu\u00eas) &#8211; Artur d&#8217;Amaru<br \/>\n <\/br><br \/>\nA palavra do Senhor que chega at\u00e9 voc\u00ea gra\u00e7as ao patroc\u00ednio de:<br \/>\n<\/br><br \/>\nPure Arsenic Springs<br \/>\nAnti-Kyoto Proto-Cola<br \/>\nAcid Rain Sewerade<br \/>\n<\/br><br \/>\nsubsidi\u00e1rias da The Very Holy General Waters, Inc.<\/strong><br \/>\n<a href=\"http:\/\/imediata.org\/biodiv\/LOGOGOD\/LO-GO-GOD(port).html\">http:\/\/imediata.org\/biodiv\/LOGOGOD\/LO-GO-GOD(port).html<\/a><br \/>\n<\/br><br \/>\n<strong>A privatiza\u00e7\u00e3o e as guerras da \u00e1gua<br \/>\nVandana Shiva<\/strong><br \/>\n<a href=\"http:\/\/imediata.org\/biodiv\/shiva_guerrasagua.html\">http:\/\/imediata.org\/biodiv\/shiva_guerrasagua.html<\/a><br \/>\n<\/br><br \/>\n<strong>As caras da privatiza\u00e7\u00e3o da \u00e1gua<br \/>\npor Silvia Ribeiro<\/strong><br \/>\n<a href=\"http:\/\/imediata.org\/biodiv\/silviaribeiro_caraspriva.html\">http:\/\/imediata.org\/biodiv\/silviaribeiro_caraspriva.html<\/a><br \/>\n<\/br><br \/>\n<strong>\u00c1gua, transnacionais e nanotecnologia<br \/>\npor Silvia Ribeiro<\/strong><br \/>\n<a href=\"http:\/\/imediata.org\/biodiv\/silviaribeiro_aura&#038;nanotec.html\">http:\/\/imediata.org\/biodiv\/silviaribeiro_aura&#038;nanotec.html<\/a><br \/>\n<\/br><br \/>\n<strong>Construindo uma democracia da \u00e1gua: a vit\u00f3ria do povo contra a Coca-Cola em Plachimada<br \/>\nVandana Shiva<\/strong><br \/>\n<a href=\"http:\/\/imediata.org\/biodiv\/shiva_demoagua.html\">http:\/\/imediata.org\/biodiv\/shiva_demoagua.html<\/a><br \/>\n<\/br><br \/>\n<strong>A Bechtel e o Sangue pela \u00c1gua: a guerra como pretexto para ampliar o controle corporativo<br \/>\nVandana Shiva<\/strong><br \/>\n<a href=\"http:\/\/imediata.org\/biodiv\/shiva_sanguepelaagua.html\">http:\/\/imediata.org\/biodiv\/shiva_sanguepelaagua.html<\/a><br \/>\n<\/br><br \/>\n<a href=\"http:\/\/imediata.org\/wp-content\/uploads\/2012\/03\/arsenic.gif\"><img loading=\"lazy\" decoding=\"async\" src=\"http:\/\/imediata.org\/wp-content\/uploads\/2012\/03\/arsenic.gif\" alt=\"\" title=\"arsenic\" width=\"349\" height=\"242\" class=\"alignright size-full wp-image-1303\" srcset=\"https:\/\/imediata.org\/wp-content\/uploads\/2012\/03\/arsenic.gif 349w, https:\/\/imediata.org\/wp-content\/uploads\/2012\/03\/arsenic-300x208.gif 300w\" sizes=\"auto, (max-width: 349px) 100vw, 349px\" \/><\/a><\/p>\n","protected":false},"excerpt":{"rendered":"<p>FORUM MUNDIAL ALTERNATIVO DA \u00c1GUA &#8211; Marselha, Fran\u00e7a, 14-17 de mar\u00e7o de 2012 V\u00eddeo: Manifesta\u00e7\u00e3o do povo italiano em Roma, em 26 de novembro do ano passado, a favor da \u00e1gua p\u00fablica e contra a \u00e1gua privatizada, em prepara\u00e7\u00e3o ao F\u00f3rum Mundial Alternativo de Marselha, de 14 a 17 de mar\u00e7o de 2012. ROM, 26 [&hellip;]<\/p>\n","protected":false},"author":1,"featured_media":0,"comment_status":"open","ping_status":"open","sticky":false,"template":"","format":"standard","meta":{"footnotes":""},"categories":[5,9,82],"tags":[157,612,331,25,174],"class_list":["post-1299","post","type-post","status-publish","format-standard","hentry","category-biodiversidade-imediata","category-lance-de-dados","category-midia_corporativa","tag-artur-damaru","tag-forum-mundial-alternativo-da-agua","tag-privatizacao-da-agua","tag-silvia-ribeiro","tag-vandana-shiva"],"_links":{"self":[{"href":"https:\/\/imediata.org\/index.php?rest_route=\/wp\/v2\/posts\/1299","targetHints":{"allow":["GET"]}}],"collection":[{"href":"https:\/\/imediata.org\/index.php?rest_route=\/wp\/v2\/posts"}],"about":[{"href":"https:\/\/imediata.org\/index.php?rest_route=\/wp\/v2\/types\/post"}],"author":[{"embeddable":true,"href":"https:\/\/imediata.org\/index.php?rest_route=\/wp\/v2\/users\/1"}],"replies":[{"embeddable":true,"href":"https:\/\/imediata.org\/index.php?rest_route=%2Fwp%2Fv2%2Fcomments&post=1299"}],"version-history":[{"count":2,"href":"https:\/\/imediata.org\/index.php?rest_route=\/wp\/v2\/posts\/1299\/revisions"}],"predecessor-version":[{"id":1305,"href":"https:\/\/imediata.org\/index.php?rest_route=\/wp\/v2\/posts\/1299\/revisions\/1305"}],"wp:attachment":[{"href":"https:\/\/imediata.org\/index.php?rest_route=%2Fwp%2Fv2%2Fmedia&parent=1299"}],"wp:term":[{"taxonomy":"category","embeddable":true,"href":"https:\/\/imediata.org\/index.php?rest_route=%2Fwp%2Fv2%2Fcategories&post=1299"},{"taxonomy":"post_tag","embeddable":true,"href":"https:\/\/imediata.org\/index.php?rest_route=%2Fwp%2Fv2%2Ftags&post=1299"}],"curies":[{"name":"wp","href":"https:\/\/api.w.org\/{rel}","templated":true}]}}