{"id":1262,"date":"2012-03-01T20:20:53","date_gmt":"2012-03-01T20:20:53","guid":{"rendered":"http:\/\/imediata.org\/?p=1262"},"modified":"2012-03-01T20:23:23","modified_gmt":"2012-03-01T20:23:23","slug":"cinco-minutos-para-dizer-%e2%80%98ciao%e2%80%99-a-lucio-dalla","status":"publish","type":"post","link":"https:\/\/imediata.org\/?p=1262","title":{"rendered":">> Cinco minutos para dizer \u2018Ciao\u2019 a Lucio Dalla"},"content":{"rendered":"<p><strong>Cinco minutos para dizer \u2018Ciao\u2019 a Lucio Dalla<\/strong><br \/>\n<\/br><br \/>\n<a href=\"http:\/\/imediata.org\/wp-content\/uploads\/2012\/03\/51618ZZPBAL._SL500_AA240_.jpg\"><img loading=\"lazy\" decoding=\"async\" src=\"http:\/\/imediata.org\/wp-content\/uploads\/2012\/03\/51618ZZPBAL._SL500_AA240_.jpg\" alt=\"\" title=\"51618ZZPBAL._SL500_AA240_\" width=\"240\" height=\"240\" class=\"alignright size-full wp-image-1263\" srcset=\"https:\/\/imediata.org\/wp-content\/uploads\/2012\/03\/51618ZZPBAL._SL500_AA240_.jpg 240w, https:\/\/imediata.org\/wp-content\/uploads\/2012\/03\/51618ZZPBAL._SL500_AA240_-150x150.jpg 150w\" sizes=\"auto, (max-width: 240px) 100vw, 240px\" \/><\/a><br \/>\n<\/br><br \/>\nFaltavam tr\u00eas dias para o cantor e compositor italiano completar mais um anivers\u00e1rio, dia 4 de mar\u00e7o, parte do t\u00edtulo de uma de suas mais antigas e conhecidas can\u00e7\u00f5es.<br \/>\nFoi-se.<br \/>\nImprevisto como foi em vida. E tamb\u00e9m sarc\u00e1stico, ir\u00f4nico, debochado, experimentador, poeta, comunicador, m\u00fasico, corajoso, contracorrente, divertido. &#8216;Ciao&#8217;, caro amigo&#8230;<br \/>\n<\/br><br \/>\n<strong>\u2018Ciao\u2019<\/strong><br \/>\n<iframe loading=\"lazy\" title=\"Lucio Dalla - Ciao (Videoclip)\" width=\"640\" height=\"480\" src=\"https:\/\/www.youtube.com\/embed\/Hu80uDzh8RY?feature=oembed\" frameborder=\"0\" allow=\"accelerometer; autoplay; clipboard-write; encrypted-media; gyroscope; picture-in-picture; web-share\" referrerpolicy=\"strict-origin-when-cross-origin\" allowfullscreen><\/iframe><\/p>\n<p><\/br><br \/>\n<strong>4 Marzo 1943<\/strong><br \/>\n<iframe loading=\"lazy\" title=\"lucio dalla 4 Marzo 1943 storia d&#039;oggi\" width=\"640\" height=\"480\" src=\"https:\/\/www.youtube.com\/embed\/pGv2JbIpy24?feature=oembed\" frameborder=\"0\" allow=\"accelerometer; autoplay; clipboard-write; encrypted-media; gyroscope; picture-in-picture; web-share\" referrerpolicy=\"strict-origin-when-cross-origin\" allowfullscreen><\/iframe><\/p>\n<p><\/br><br \/>\n<strong>4 Marzo 1943 \u2013 \u201cMinha Hist\u00f3ria\u201d em vers\u00e3o de Chico Buarque para o portugu\u00eas<\/strong><br \/>\n<iframe loading=\"lazy\" title=\"Minha hist\u00f3ria - Chico Buarque\" width=\"640\" height=\"480\" src=\"https:\/\/www.youtube.com\/embed\/PY320gfpTCA?feature=oembed\" frameborder=\"0\" allow=\"accelerometer; autoplay; clipboard-write; encrypted-media; gyroscope; picture-in-picture; web-share\" referrerpolicy=\"strict-origin-when-cross-origin\" allowfullscreen><\/iframe><\/p>\n<p><\/br><br \/>\n<strong>Lucio Dalla &#8211; La Borsa Valori (A Bolsa de Valores)<\/strong><br \/>\n<iframe loading=\"lazy\" title=\"Lucio Dalla - La Borsa Valori\" width=\"640\" height=\"480\" src=\"https:\/\/www.youtube.com\/embed\/0mUARXKGhMM?feature=oembed\" frameborder=\"0\" allow=\"accelerometer; autoplay; clipboard-write; encrypted-media; gyroscope; picture-in-picture; web-share\" referrerpolicy=\"strict-origin-when-cross-origin\" allowfullscreen><\/iframe><\/p>\n","protected":false},"excerpt":{"rendered":"<p>Cinco minutos para dizer \u2018Ciao\u2019 a Lucio Dalla Faltavam tr\u00eas dias para o cantor e compositor italiano completar mais um anivers\u00e1rio, dia 4 de mar\u00e7o, parte do t\u00edtulo de uma de suas mais antigas e conhecidas can\u00e7\u00f5es. Foi-se. Imprevisto como foi em vida. E tamb\u00e9m sarc\u00e1stico, ir\u00f4nico, debochado, experimentador, poeta, comunicador, m\u00fasico, corajoso, contracorrente, divertido. [&hellip;]<\/p>\n","protected":false},"author":1,"featured_media":0,"comment_status":"open","ping_status":"open","sticky":false,"template":"","format":"standard","meta":{"footnotes":""},"categories":[212],"tags":[591,590,589,255,588],"class_list":["post-1262","post","type-post","status-publish","format-standard","hentry","category-cinco-minutos","tag-4-marzo-1943","tag-chico-buarque","tag-ciao","tag-lucio-dalla","tag-morte-de-lucio-dalla"],"_links":{"self":[{"href":"https:\/\/imediata.org\/index.php?rest_route=\/wp\/v2\/posts\/1262","targetHints":{"allow":["GET"]}}],"collection":[{"href":"https:\/\/imediata.org\/index.php?rest_route=\/wp\/v2\/posts"}],"about":[{"href":"https:\/\/imediata.org\/index.php?rest_route=\/wp\/v2\/types\/post"}],"author":[{"embeddable":true,"href":"https:\/\/imediata.org\/index.php?rest_route=\/wp\/v2\/users\/1"}],"replies":[{"embeddable":true,"href":"https:\/\/imediata.org\/index.php?rest_route=%2Fwp%2Fv2%2Fcomments&post=1262"}],"version-history":[{"count":3,"href":"https:\/\/imediata.org\/index.php?rest_route=\/wp\/v2\/posts\/1262\/revisions"}],"predecessor-version":[{"id":1266,"href":"https:\/\/imediata.org\/index.php?rest_route=\/wp\/v2\/posts\/1262\/revisions\/1266"}],"wp:attachment":[{"href":"https:\/\/imediata.org\/index.php?rest_route=%2Fwp%2Fv2%2Fmedia&parent=1262"}],"wp:term":[{"taxonomy":"category","embeddable":true,"href":"https:\/\/imediata.org\/index.php?rest_route=%2Fwp%2Fv2%2Fcategories&post=1262"},{"taxonomy":"post_tag","embeddable":true,"href":"https:\/\/imediata.org\/index.php?rest_route=%2Fwp%2Fv2%2Ftags&post=1262"}],"curies":[{"name":"wp","href":"https:\/\/api.w.org\/{rel}","templated":true}]}}