{"id":1246,"date":"2012-03-01T10:47:20","date_gmt":"2012-03-01T10:47:20","guid":{"rendered":"http:\/\/imediata.org\/?p=1246"},"modified":"2012-03-01T10:53:22","modified_gmt":"2012-03-01T10:53:22","slug":"mensagem-aos-%e2%80%9cheroicos%e2%80%9d-trucidadores-de-criancas","status":"publish","type":"post","link":"https:\/\/imediata.org\/?p=1246","title":{"rendered":">> Mensagem aos \u201cheroicos\u201d trucidadores de crian\u00e7as, por Mauro Santayana"},"content":{"rendered":"<p><strong>Mensagem aos \u201cheroicos\u201d trucidadores de crian\u00e7as<\/strong><br \/>\n<\/br><br \/>\n<strong>Por: Mauro Santayana<br \/>\nFonte: <a href=\"http:\/\/www.jb.com.br\/coisas-da-politica\/noticias\/2011\/11\/08\/mensagem-aos-heroicos-trucidadores-de-criancas\/\">Jornal do Brasil 08\/11\/2011<\/a><\/strong><br \/>\n<\/br><br \/>\n<a href=\"http:\/\/imediata.org\/wp-content\/uploads\/2012\/03\/6800893_4DCfT.jpeg\"><img loading=\"lazy\" decoding=\"async\" src=\"http:\/\/imediata.org\/wp-content\/uploads\/2012\/03\/6800893_4DCfT.jpeg\" alt=\"\" title=\"6800893_4DCfT\" width=\"400\" height=\"302\" class=\"alignright size-full wp-image-1248\" srcset=\"https:\/\/imediata.org\/wp-content\/uploads\/2012\/03\/6800893_4DCfT.jpeg 400w, https:\/\/imediata.org\/wp-content\/uploads\/2012\/03\/6800893_4DCfT-300x226.jpg 300w\" sizes=\"auto, (max-width: 400px) 100vw, 400px\" \/><\/a><br \/>\n<\/br><br \/>\nCircula pela internet v\u00eddeo de alguns segundos, que mostra duas crian\u00e7as de Sirte sendo atendidas em algum lugar que lembra um ambulat\u00f3rio improvisado. S\u00e3o o menino, de 5 ou 6 anos, e a menina, de idade parecida. O menino grita de dor, ainda que tenha as duas mand\u00edbulas, o queixo e a garganta dilacerados, provavelmente por estilha\u00e7os de bomba. A menina est\u00e1 em sil\u00eancio, olhando o nada, como se o nada pudesse explicar-lhe o sofrimento do menino e o seu calcanhar arrancado, o p\u00e9 quase pendente da perna. O leitor Eug\u00eanio, enviou-me os links de acesso \u00e0s imagens:<br \/>\n<\/br><br \/>\n<a href=\"http:\/\/grupobeatrice.blogspot.com\/2011\/11\/o-jornal-nacional-nao-mostrou.html#links\">http:\/\/grupobeatrice.blogspot.com\/2011\/11\/o-jornal-nacional-nao-mostrou.html#links<\/a><br \/>\n<\/br><br \/>\ne<br \/>\n<\/br><br \/>\n<a href=\"http:\/\/www.youtube.com\/watch?v=hobDCtmx0xo&#038;feature=player_embedded&#038;oref=http%3A%2F%2Fs.ytimg.com%2Fyt%2Fswfbin%2Fwatch_as3-vflrEm9Nq.swf&#038;skipcontrinter=1\">http:\/\/www.youtube.com\/watch?v=hobDCtmx0xo&#038;feature=player_embedded&#038;oref=http%3A%2F%2Fs.ytimg.com%2Fyt%2Fswfbin%2Fwatch_as3-vflrEm9Nq.swf&#038;skipcontrinter=1<\/a><br \/>\n<\/br><br \/>\nComo veterano jornalista, que cobriu crimes b\u00e1rbaros e acidentes terr\u00edveis, e a dura experi\u00eancia de guerras civis e invas\u00f5es militares \u2014 mas, acima de tudo, como pai e av\u00f4 \u2014 confesso que nada foi t\u00e3o fundo na minha tristeza do que a imagem das crian\u00e7as de Sirte. Das ainda vivas, e das mortas da fam\u00edlia Khaled. Foi poss\u00edvel imaginar os milhares de outras crian\u00e7as, mortas e feridas, na L\u00edbia, no Afeganist\u00e3o, no Iraque, na Palestina.<br \/>\n<\/br><br \/>\nDiante das cenas, revi o presidente Barack Obama, sua elegante mulher e suas duas filhas, lindas, sorridentes, que o pai presenteou com um c\u00e3o, para que o fizessem passear pelos jardins da Casa Branca. Revi-as viajando pelo mundo, e visitando escolas na \u00c1frica e na Am\u00e9rica Latina. E fiquei sabendo da alegria de monsieur Sarkozy em ser novamente pai. Em sua relativa juventude, marido de uma cantora jovem, famosa e bela, o presidente da Fran\u00e7a ter\u00e1, \u00e9 o que todos esperamos, anos felizes ao lado da filha. Ir\u00e1 conduzi-la pela m\u00e3o entre os canteiros dos jardins de Paris, e, se as coisas da pol\u00edtica lhe permitirem, a ela contar\u00e1 passagens de sua pr\u00f3pria inf\u00e2ncia. Ouvir\u00e1 a mulher, com sua voz magn\u00edfica, cantar-lhe as mais belas berceuses. E quando ela ficar mocinha, se enlevar\u00e1 com as can\u00e7\u00f5es de sua m\u00e3e, como <strong>Quelqu\u2019un m\u2019a dit<\/strong>, e seus versos abertos: \u201cAlgu\u00e9m me disse que nossas vidas n\u00e3o valem grande coisa\/ Passam em um instante, como fenecem as rosas\u201d.<br \/>\n<\/br><br \/>\nA ideia que associa a morte das crian\u00e7as \u2014 no caso, uma menina \u2014 \u00e0 brevidade das rosas, \u00e9 de Malherbe, o grande poeta franc\u00eas dos s\u00e9culos 16 e 17, a quem se atribui a inven\u00e7\u00e3o do franc\u00eas liter\u00e1rio. Ele escreveu seu famoso poema para consolar um amigo que perdera a filha de 6 anos, e resume a homenagem \u00e0 menina, que se chamava Rose, no verso conhecido: \u201cE, rosa, ela viveu o que vivem as rosas, o espa\u00e7o de uma manh\u00e3\u201d.<br \/>\n<\/br><br \/>\nUma crian\u00e7a morta, mu\u00e7ulmana ou judia, negra ou n\u00f3rdica, de fome, de endemias ou de acidentes, em qualquer parte do mundo, \u00e9 uma viol\u00eancia insuport\u00e1vel contra a vida. As crian\u00e7as mortas em guerras s\u00e3o insulto \u00e0s raz\u00f5es da vida, e uma grande d\u00favida sobre a exist\u00eancia de Deus \u2014 a n\u00e3o ser a do Deus dos Ex\u00e9rcitos.<br \/>\n<\/br><br \/>\nDavid Cameron, parceiro e competidor de Sarkozy na aventura l\u00edbia, \u00e9 um pai que sofreu a dolorosa perda de um filho, Ivan, tamb\u00e9m aos 6 anos \u2014 em fevereiro de 2009 \u2014 acometido de uma forma rara de epilepsia. N\u00e3o \u00e9 poss\u00edvel que, diante das cenas de Sirte, e na lembran\u00e7a do filho, n\u00e3o sinta, no cora\u00e7\u00e3o, o peso de sua culpa, ao usar as armas brit\u00e2nicas, nos bombardeios sistem\u00e1ticos contra as cidades l\u00edbias \u2014 entre elas, Sirte, a que mais sofreu, e sem tr\u00e9gua, com as bombas e m\u00edsseis.<br \/>\n<\/br><br \/>\nA L\u00edbia e as outras na\u00e7\u00f5es da regi\u00e3o foram bombardeadas e ocupadas pelas na\u00e7\u00f5es mais poderosas do Ocidente, porque t\u00eam suas areias encharcadas de petr\u00f3leo. O petr\u00f3leo, na vis\u00e3o dessas na\u00e7\u00f5es, \u00e9 um dos direitos humanos dos ricos e bem armados.<br \/>\n<\/br><br \/>\nA esp\u00e9cie humana s\u00f3 sobrevive porque ela se renova em cada crian\u00e7a que nasce. Como nas reflex\u00f5es de Riobaldo, em uma vereda do grande sert\u00e3o, diante da paup\u00e9rrima mulher que d\u00e1 \u00e0 luz: <strong>\u201cN\u00e3o chore n\u00e3o, dona senhora; uma crian\u00e7a nasceu, o mundo come\u00e7ou outra vez\u201d<\/strong>.<br \/>\n<\/br><br \/>\n<a href=\"http:\/\/imediata.org\/wp-content\/uploads\/2012\/03\/spoiler.jpg\"><img loading=\"lazy\" decoding=\"async\" src=\"http:\/\/imediata.org\/wp-content\/uploads\/2012\/03\/spoiler.jpg\" alt=\"\" title=\"spoiler\" width=\"450\" height=\"120\" class=\"alignright size-full wp-image-1251\" srcset=\"https:\/\/imediata.org\/wp-content\/uploads\/2012\/03\/spoiler.jpg 450w, https:\/\/imediata.org\/wp-content\/uploads\/2012\/03\/spoiler-300x80.jpg 300w\" sizes=\"auto, (max-width: 450px) 100vw, 450px\" \/><\/a><br \/>\n<\/br><br \/>\nOs doutores em jornalismo atual, que recomendam textos frios, podem ver nessas reflex\u00f5es o in\u00fatil sentimentalismo de um veterano \u2014 diante da realidade do mundo. Mas houve um tempo, e n\u00e3o muito distante, em que o jornalismo era solid\u00e1rio com o sofrimento dos mais d\u00e9beis, com os perseguidos e famintos de p\u00e3o e de justi\u00e7a.<br \/>\n<\/br><br \/>\nEnfim, <strong>God bless America. E God save the Queen.<\/strong><br \/>\n<\/br><\/p>\n","protected":false},"excerpt":{"rendered":"<p>Mensagem aos \u201cheroicos\u201d trucidadores de crian\u00e7as Por: Mauro Santayana Fonte: Jornal do Brasil 08\/11\/2011 Circula pela internet v\u00eddeo de alguns segundos, que mostra duas crian\u00e7as de Sirte sendo atendidas em algum lugar que lembra um ambulat\u00f3rio improvisado. S\u00e3o o menino, de 5 ou 6 anos, e a menina, de idade parecida. O menino grita de [&hellip;]<\/p>\n","protected":false},"author":1,"featured_media":0,"comment_status":"open","ping_status":"open","sticky":false,"template":"","format":"standard","meta":{"footnotes":""},"categories":[9],"tags":[580,234,28,581],"class_list":["post-1246","post","type-post","status-publish","format-standard","hentry","category-lance-de-dados","tag-crimes-barbaros","tag-libia","tag-petroleo","tag-sirte"],"_links":{"self":[{"href":"https:\/\/imediata.org\/index.php?rest_route=\/wp\/v2\/posts\/1246","targetHints":{"allow":["GET"]}}],"collection":[{"href":"https:\/\/imediata.org\/index.php?rest_route=\/wp\/v2\/posts"}],"about":[{"href":"https:\/\/imediata.org\/index.php?rest_route=\/wp\/v2\/types\/post"}],"author":[{"embeddable":true,"href":"https:\/\/imediata.org\/index.php?rest_route=\/wp\/v2\/users\/1"}],"replies":[{"embeddable":true,"href":"https:\/\/imediata.org\/index.php?rest_route=%2Fwp%2Fv2%2Fcomments&post=1246"}],"version-history":[{"count":4,"href":"https:\/\/imediata.org\/index.php?rest_route=\/wp\/v2\/posts\/1246\/revisions"}],"predecessor-version":[{"id":1252,"href":"https:\/\/imediata.org\/index.php?rest_route=\/wp\/v2\/posts\/1246\/revisions\/1252"}],"wp:attachment":[{"href":"https:\/\/imediata.org\/index.php?rest_route=%2Fwp%2Fv2%2Fmedia&parent=1246"}],"wp:term":[{"taxonomy":"category","embeddable":true,"href":"https:\/\/imediata.org\/index.php?rest_route=%2Fwp%2Fv2%2Fcategories&post=1246"},{"taxonomy":"post_tag","embeddable":true,"href":"https:\/\/imediata.org\/index.php?rest_route=%2Fwp%2Fv2%2Ftags&post=1246"}],"curies":[{"name":"wp","href":"https:\/\/api.w.org\/{rel}","templated":true}]}}