{"id":1241,"date":"2012-02-25T10:25:08","date_gmt":"2012-02-25T10:25:08","guid":{"rendered":"http:\/\/imediata.org\/?p=1241"},"modified":"2012-02-25T10:37:01","modified_gmt":"2012-02-25T10:37:01","slug":"nao-vou-pagar","status":"publish","type":"post","link":"https:\/\/imediata.org\/?p=1241","title":{"rendered":">> N\u00c3O VOU PAGAR!"},"content":{"rendered":"<p><strong>N\u00c3O VOU PAGAR!<\/strong><br \/>\n<\/br><br \/>\n<strong>Fonte: <a href=\"http:\/\/www.adbusters.org\/blogs\/adbusters-blog\/i-dont-pay.html\">adbusters 24 de fevereiro de 2012<\/a><br \/>\nTradu\u00e7\u00e3o: Imediata<\/strong><br \/>\n<\/br><br \/>\n<a href=\"http:\/\/imediata.org\/wp-content\/uploads\/2012\/02\/a-money.jpg\"><img loading=\"lazy\" decoding=\"async\" src=\"http:\/\/imediata.org\/wp-content\/uploads\/2012\/02\/a-money.jpg\" alt=\"\" title=\"a-money\" width=\"550\" height=\"420\" class=\"alignright size-full wp-image-1242\" srcset=\"https:\/\/imediata.org\/wp-content\/uploads\/2012\/02\/a-money.jpg 550w, https:\/\/imediata.org\/wp-content\/uploads\/2012\/02\/a-money-300x229.jpg 300w\" sizes=\"auto, (max-width: 550px) 100vw, 550px\" \/><\/a><br \/>\n<\/br><br \/>\nEm vez de mendigar seus governos por uma miseric\u00f3rdia inexistente, ativistas em importantes cidades europeias est\u00e3o tomando os servi\u00e7os p\u00fablicos em suas pr\u00f3prias m\u00e3os. Est\u00e3o se engajando em resist\u00eancia criativa, do tipo que inicia e faz em vez de solicitar. Tr\u00e2nsito, sa\u00fade, servi\u00e7os de utilidade p\u00fablica, nada est\u00e1 fora do alcance. Veja e se inspire por esta crescente  bagun\u00e7ada de coreto. Pessoas vivendo o que Franco Berardi Bifo chama de nossa nova tarefa cultural:<br \/>\n<\/br><br \/>\n\u201cViver o inevit\u00e1vel com uma alma relaxada. Invocar uma grande onda de retirada, de dissocia\u00e7\u00e3o maci\u00e7a, de deser\u00e7\u00e3o da cena econ\u00f4mica, de n\u00e3o participa\u00e7\u00e3o no falso show da pol\u00edtica. O foco crucial de transforma\u00e7\u00e3o social \u00e9 a singularidade criativa. A exist\u00eancia de singularidades n\u00e3o deve ser concebida como um modo pessoal de salva\u00e7\u00e3o, elas podem se tornar uma for\u00e7a contagiosa.\u201d<\/p>\n<p><\/br><br \/>\n<strong>Movement &#8220;I DON&#8217;T PAY&#8221; is spreading across Europe \u2013 Movimento \u201cN\u00e3o vou pagar!\u201d se espalha pela Europa (legendas em ingl\u00eas)<\/strong><br \/>\n<iframe loading=\"lazy\" title=\"Movement &quot;I DON&#039;T PAY&quot; is spreading across Europe (english subs)\" width=\"640\" height=\"360\" src=\"https:\/\/www.youtube.com\/embed\/tqeTGTU6FFg?feature=oembed\" frameborder=\"0\" allow=\"accelerometer; autoplay; clipboard-write; encrypted-media; gyroscope; picture-in-picture; web-share\" referrerpolicy=\"strict-origin-when-cross-origin\" allowfullscreen><\/iframe><br \/>\n<\/br><\/p>\n<p><strong>Ver tamb\u00e9m:<\/strong><br \/>\n<\/br><br \/>\n<strong>>> Terapia pol\u00edtica \u2013 A arte da dissocia\u00e7\u00e3o de massas, por Franco Berardi Bifo<\/strong><br \/>\n<a href=\"http:\/\/imediata.org\/?p=1177\">http:\/\/imediata.org\/?p=1177<\/a><br \/>\n<\/br><br \/>\n<strong>>> T\u00e1 tudo bem?\u2026 INSURREI\u00c7\u00c3O ESPIRITUAL \u2013 o modo supremo para bagun\u00e7ar o coreto<\/strong><br \/>\n<a href=\"http:\/\/imediata.org\/?p=1169\">http:\/\/imediata.org\/?p=1169<\/a><\/p>\n","protected":false},"excerpt":{"rendered":"<p>N\u00c3O VOU PAGAR! Fonte: adbusters 24 de fevereiro de 2012 Tradu\u00e7\u00e3o: Imediata Em vez de mendigar seus governos por uma miseric\u00f3rdia inexistente, ativistas em importantes cidades europeias est\u00e3o tomando os servi\u00e7os p\u00fablicos em suas pr\u00f3prias m\u00e3os. Est\u00e3o se engajando em resist\u00eancia criativa, do tipo que inicia e faz em vez de solicitar. Tr\u00e2nsito, sa\u00fade, servi\u00e7os [&hellip;]<\/p>\n","protected":false},"author":1,"featured_media":0,"comment_status":"open","ping_status":"open","sticky":false,"template":"","format":"standard","meta":{"footnotes":""},"categories":[8,81],"tags":[577,579,578,122,575,576],"class_list":["post-1241","post","type-post","status-publish","format-standard","hentry","category-anarcom","category-imediartivismo","tag-adbusters","tag-baguncando-o-coreto","tag-culture-jam","tag-franco-berardi-bifo","tag-i-dont-pay","tag-nao-vou-pagar"],"_links":{"self":[{"href":"https:\/\/imediata.org\/index.php?rest_route=\/wp\/v2\/posts\/1241","targetHints":{"allow":["GET"]}}],"collection":[{"href":"https:\/\/imediata.org\/index.php?rest_route=\/wp\/v2\/posts"}],"about":[{"href":"https:\/\/imediata.org\/index.php?rest_route=\/wp\/v2\/types\/post"}],"author":[{"embeddable":true,"href":"https:\/\/imediata.org\/index.php?rest_route=\/wp\/v2\/users\/1"}],"replies":[{"embeddable":true,"href":"https:\/\/imediata.org\/index.php?rest_route=%2Fwp%2Fv2%2Fcomments&post=1241"}],"version-history":[{"count":2,"href":"https:\/\/imediata.org\/index.php?rest_route=\/wp\/v2\/posts\/1241\/revisions"}],"predecessor-version":[{"id":1244,"href":"https:\/\/imediata.org\/index.php?rest_route=\/wp\/v2\/posts\/1241\/revisions\/1244"}],"wp:attachment":[{"href":"https:\/\/imediata.org\/index.php?rest_route=%2Fwp%2Fv2%2Fmedia&parent=1241"}],"wp:term":[{"taxonomy":"category","embeddable":true,"href":"https:\/\/imediata.org\/index.php?rest_route=%2Fwp%2Fv2%2Fcategories&post=1241"},{"taxonomy":"post_tag","embeddable":true,"href":"https:\/\/imediata.org\/index.php?rest_route=%2Fwp%2Fv2%2Ftags&post=1241"}],"curies":[{"name":"wp","href":"https:\/\/api.w.org\/{rel}","templated":true}]}}