{"id":1228,"date":"2012-02-14T12:24:20","date_gmt":"2012-02-14T12:24:20","guid":{"rendered":"http:\/\/imediata.org\/?p=1228"},"modified":"2012-02-14T12:24:20","modified_gmt":"2012-02-14T12:24:20","slug":"ditadura-financeira-e-preciso-para-los","status":"publish","type":"post","link":"https:\/\/imediata.org\/?p=1228","title":{"rendered":">> DITADURA FINANCEIRA &#8211; \u00c9 preciso par\u00e1-los!"},"content":{"rendered":"<p><strong>DITADURA FINANCEIRA &#8211; \u00c9 preciso par\u00e1-los!<br \/>\n<\/br><br \/>\nPor Giorgio Cremaschi<br \/>\nFonte: rete28aprile via <a href=\"http:\/\/www.megachip.info\/tematiche\/kill-pil\/7721-dobbiamo-fermarli.html\">megachip.info<\/a><br \/>\nTradu\u00e7\u00e3o: Imediata<\/strong><br \/>\n<\/br><br \/>\n<a href=\"http:\/\/imediata.org\/wp-content\/uploads\/2012\/02\/288034_1.jpg\"><img loading=\"lazy\" decoding=\"async\" src=\"http:\/\/imediata.org\/wp-content\/uploads\/2012\/02\/288034_1.jpg\" alt=\"\" title=\"288034_1\" width=\"600\" height=\"288\" class=\"alignright size-full wp-image-1229\" srcset=\"https:\/\/imediata.org\/wp-content\/uploads\/2012\/02\/288034_1.jpg 600w, https:\/\/imediata.org\/wp-content\/uploads\/2012\/02\/288034_1-300x144.jpg 300w\" sizes=\"auto, (max-width: 600px) 100vw, 600px\" \/><\/a><br \/>\n<\/br><br \/>\n<a href=\"http:\/\/imediata.org\/wp-content\/uploads\/2012\/02\/Glezos_20120213.jpg\"><img loading=\"lazy\" decoding=\"async\" src=\"http:\/\/imediata.org\/wp-content\/uploads\/2012\/02\/Glezos_20120213.jpg\" alt=\"\" title=\"Glezos_20120213\" width=\"308\" height=\"150\" class=\"alignright size-full wp-image-1230\" srcset=\"https:\/\/imediata.org\/wp-content\/uploads\/2012\/02\/Glezos_20120213.jpg 308w, https:\/\/imediata.org\/wp-content\/uploads\/2012\/02\/Glezos_20120213-300x146.jpg 300w\" sizes=\"auto, (max-width: 308px) 100vw, 308px\" \/><\/a><br \/>\n<\/br><br \/>\nEm 1941, <strong>Manolis Glezos<\/strong> conseguiu remover a bandeira nazista da Acr\u00f3pole de Atenas, ocupada pelos alem\u00e3es. Ele se tornou um l\u00edder e um her\u00f3i da Resist\u00eancia. Ontem \u00e0 noite (12 de abril), Glezos, com 91 anos, estava na rua para lutar contra as medidas impostas pela Europa \u00e0 Gr\u00e9cia, tendo sido atingido pela pol\u00edcia e agora est\u00e1 internado num hospital. Se eu estivesse na pra\u00e7a Sintagma, eu tamb\u00e9m teria aplaudido os \u201cblack blocks\u201d.<br \/>\n<\/br><br \/>\nO que est\u00e1 sendo feito na Gr\u00e9cia \u00e9 uma viol\u00eancia autorit\u00e1ria sem precedentes na Europa ocidental, desde 1945 at\u00e9 hoje. A \u00fanica compara\u00e7\u00e3o que me ocorre foi quando, em 1938, em Munique, as grandes pot\u00eancias europeias humilharam a pequena Tchecoslov\u00e1quia, constringindo-a a ceder a regi\u00e3o dos Sudeten (N. do T.: em tcheco: Krkono\u0161sko-jesenick\u00e1 ou Sudety) para Hitler. Na \u00e9poca, foi dito que a Europa tinha escolhido a desonra para evitar a guerra, quando na realidade acabou tendo as duas. <strong>Hoje os governos europeus e os bancos escolhem o massacre social para evitar a fal\u00eancia, e acabar\u00e3o tendo ambos. <\/strong><br \/>\n<\/br><br \/>\nAgora est\u00e1 claro que se trata de criminalidade econ\u00f4mica, o que \u00e9 imposto pela Troika (Fundo Monet\u00e1rio Internacional, Banco Europeu e Comiss\u00e3o Europeia), em alian\u00e7a com os governos de direita da Europa, de Merkel a Monti. Essa linha de atua\u00e7\u00e3o provoca terr\u00edveis devasta\u00e7\u00f5es mas n\u00e3o tem nenhuma possibilidade de relan\u00e7ar o t\u00e3o decantado crescimento; nesse sentido est\u00e1 se dirigindo para um clamoroso fracasso. Essa linha de atua\u00e7\u00e3o destr\u00f3i sem produzir o que quer que seja, com exce\u00e7\u00e3o dos ganhos encharcados de sangue das Bolsas, que hoje festejam o massacre grego.<br \/>\n<\/br><br \/>\nParece que agora, ainda n\u00e3o satisfeitos, os burocratas e os governos europeus pedir\u00e3o aos partidos gregos para endossar os empenhos, votados por um parlamento totalmente deslegitimado, mesmo depois das elei\u00e7\u00f5es. E se por acaso o voto cancelasse, como \u00e9 quase certo, esses partidos servos da Europa dos bancos? <strong>Ent\u00e3o, o que ser\u00e1 que a Europa vai pedir, um governo t\u00e9cnico de coron\u00e9is?<\/strong><br \/>\n<\/br><br \/>\nAs barricadas gregas s\u00e3o o sinal da derrota da Europa das finan\u00e7as e dos bancos; seus est\u00fapidos ganhos t\u00eam vida curta. Claro que se quer golpear a Gr\u00e9cia para fazer pensar aos italianos que, no fundo, a ren\u00fancia ao artigo 18 \u00e9 um pre\u00e7o toler\u00e1vel, visto o que aconteceu naquele pa\u00eds. E pode at\u00e9 ser que num parlamento italiano, sujeitado e deslegitimado como o grego, essa estupidez encontre um amplo consenso.<br \/>\n<\/br><br \/>\n<strong>Mas o essencial \u00e9 que a revolta grega \u00e9 somente o an\u00fancio da revolta europeia contra a ditadura financeira que est\u00e1 destruindo a democracia e o estado social.<\/strong> \u00c9 s\u00f3 quest\u00e3o de tempo e a revolta na Europa crescer\u00e1 e destruir\u00e1 os governos t\u00e9cnicos e aqueles que os apoiam.<br \/>\n<\/br><br \/>\n<strong>\u00c9 preciso par\u00e1-los. Comecemos agora. <\/strong><br \/>\n<\/br><br \/>\n<a href=\"http:\/\/imediata.org\/wp-content\/uploads\/2012\/02\/Book-review-Cannibal-Capitalism-is-timely-FEOE2D6-x-large.jpg\"><img loading=\"lazy\" decoding=\"async\" src=\"http:\/\/imediata.org\/wp-content\/uploads\/2012\/02\/Book-review-Cannibal-Capitalism-is-timely-FEOE2D6-x-large.jpg\" alt=\"\" title=\"Book-review-Cannibal-Capitalism-is-timely-FEOE2D6-x-large\" width=\"490\" height=\"360\" class=\"alignright size-full wp-image-1231\" srcset=\"https:\/\/imediata.org\/wp-content\/uploads\/2012\/02\/Book-review-Cannibal-Capitalism-is-timely-FEOE2D6-x-large.jpg 490w, https:\/\/imediata.org\/wp-content\/uploads\/2012\/02\/Book-review-Cannibal-Capitalism-is-timely-FEOE2D6-x-large-300x220.jpg 300w\" sizes=\"auto, (max-width: 490px) 100vw, 490px\" \/><\/a><\/p>\n","protected":false},"excerpt":{"rendered":"<p>DITADURA FINANCEIRA &#8211; \u00c9 preciso par\u00e1-los! Por Giorgio Cremaschi Fonte: rete28aprile via megachip.info Tradu\u00e7\u00e3o: Imediata Em 1941, Manolis Glezos conseguiu remover a bandeira nazista da Acr\u00f3pole de Atenas, ocupada pelos alem\u00e3es. Ele se tornou um l\u00edder e um her\u00f3i da Resist\u00eancia. Ontem \u00e0 noite (12 de abril), Glezos, com 91 anos, estava na rua para [&hellip;]<\/p>\n","protected":false},"author":1,"featured_media":0,"comment_status":"open","ping_status":"open","sticky":false,"template":"","format":"standard","meta":{"footnotes":""},"categories":[68,9],"tags":[69,257,562,561,560],"class_list":["post-1228","post","type-post","status-publish","format-standard","hentry","category-dossie-queda-da-rua-do-muro","category-lance-de-dados","tag-crise-financeira","tag-ditadura-financeira","tag-euro","tag-grecia","tag-manolis-glezos"],"_links":{"self":[{"href":"https:\/\/imediata.org\/index.php?rest_route=\/wp\/v2\/posts\/1228","targetHints":{"allow":["GET"]}}],"collection":[{"href":"https:\/\/imediata.org\/index.php?rest_route=\/wp\/v2\/posts"}],"about":[{"href":"https:\/\/imediata.org\/index.php?rest_route=\/wp\/v2\/types\/post"}],"author":[{"embeddable":true,"href":"https:\/\/imediata.org\/index.php?rest_route=\/wp\/v2\/users\/1"}],"replies":[{"embeddable":true,"href":"https:\/\/imediata.org\/index.php?rest_route=%2Fwp%2Fv2%2Fcomments&post=1228"}],"version-history":[{"count":1,"href":"https:\/\/imediata.org\/index.php?rest_route=\/wp\/v2\/posts\/1228\/revisions"}],"predecessor-version":[{"id":1232,"href":"https:\/\/imediata.org\/index.php?rest_route=\/wp\/v2\/posts\/1228\/revisions\/1232"}],"wp:attachment":[{"href":"https:\/\/imediata.org\/index.php?rest_route=%2Fwp%2Fv2%2Fmedia&parent=1228"}],"wp:term":[{"taxonomy":"category","embeddable":true,"href":"https:\/\/imediata.org\/index.php?rest_route=%2Fwp%2Fv2%2Fcategories&post=1228"},{"taxonomy":"post_tag","embeddable":true,"href":"https:\/\/imediata.org\/index.php?rest_route=%2Fwp%2Fv2%2Ftags&post=1228"}],"curies":[{"name":"wp","href":"https:\/\/api.w.org\/{rel}","templated":true}]}}