{"id":1211,"date":"2012-02-09T00:31:39","date_gmt":"2012-02-09T00:31:39","guid":{"rendered":"http:\/\/imediata.org\/?p=1211"},"modified":"2013-12-26T01:31:31","modified_gmt":"2013-12-26T01:31:31","slug":"cabecas-que-fazem-falta-n-12-carmem-miranda-com-ou-sem-chapeu-rodando-rodando-que-nem-rumi","status":"publish","type":"post","link":"https:\/\/imediata.org\/?p=1211","title":{"rendered":">> CABE\u00c7AS QUE FAZEM FALTA n. 12 &#8211; Carmem Miranda com ou sem chap\u00e9u rodando, rodando, que nem Rumi"},"content":{"rendered":"<p><strong>CABE\u00c7AS QUE FAZEM FALTA n. 12 &#8211; Carmem Miranda com ou sem chap\u00e9u rodando, rodando, que nem Rumi<\/strong><br \/>\n<\/br><br \/>\n<strong>Por: Mario S. Mieli<br \/>\nMensagem de 8\/8\/2011, poema de 9\/2\/2009, repostados em 9\/2\/2012, data de anivers\u00e1rio de Carmem Miranda<\/strong><br \/>\n<\/br><br \/>\n<a href=\"http:\/\/imediata.org\/wp-content\/uploads\/2012\/02\/CarmemMiranda2.jpg\"><img loading=\"lazy\" decoding=\"async\" src=\"http:\/\/imediata.org\/wp-content\/uploads\/2012\/02\/CarmemMiranda2.jpg\" alt=\"\" title=\"CarmemMiranda2\" width=\"179\" height=\"251\" class=\"alignright size-full wp-image-1213\" \/><\/a><br \/>\n<\/br><br \/>\nQuanto eu n\u00e3o daria para ver a Carmem<br \/>\nrodando rodando rodando colorid\u00edssima<br \/>\nentre os dervixes de branco enchapelados e vestidos\u2026<br \/>\n <\/br><br \/>\nDizem que a origem da dan\u00e7a dos dervixes<br \/>\nfoi fruto de uma forte depress\u00e3o que atingiu o Rumi.<br \/>\n <\/br><br \/>\n<a href=\"http:\/\/imediata.org\/wp-content\/uploads\/2012\/02\/mevlevi-semazen.gif\"><img loading=\"lazy\" decoding=\"async\" src=\"http:\/\/imediata.org\/wp-content\/uploads\/2012\/02\/mevlevi-semazen.gif\" alt=\"\" title=\"mevlevi semazen\" width=\"336\" height=\"420\" class=\"alignright size-full wp-image-1212\" srcset=\"https:\/\/imediata.org\/wp-content\/uploads\/2012\/02\/mevlevi-semazen.gif 336w, https:\/\/imediata.org\/wp-content\/uploads\/2012\/02\/mevlevi-semazen-240x300.gif 240w\" sizes=\"auto, (max-width: 336px) 100vw, 336px\" \/><\/a><br \/>\n<\/br><br \/>\nEle estava muito desolado e no meio do p\u00e1tio onde se encontrava<br \/>\nhavia um tronco de \u00e1rvore ao qual se agarrou com uma m\u00e3o.<br \/>\nSegurando-se ao tronco com uma m\u00e3o e deixando o resto do corpo pender,<br \/>\ncome\u00e7ou a girar e girar em volta da \u00e1rvore em sentido anti-hor\u00e1rio.<br \/>\nNotava que quanto mais girava, mais sentia um grande barato,<br \/>\ncomo se a rota\u00e7\u00e3o acelerada lhe recuperasse o humor, a paz interior.<br \/>\nQuanto mais girava, mais r\u00e1pido girava\u2026 e sentia que vibrava na mesma frequ\u00eancia do universo.<br \/>\n<\/br><br \/>\nPor insond\u00e1veis caminhos do destino,<br \/>\nRodar rodar rodar como o Rumi<br \/>\n\u00e9 o primeiro exerc\u00edcio do Yoga Tibetano.<br \/>\n(Eles dizem que n\u00e3o h\u00e1 nada melhor para rejuvenescer, repranificar e reavivar os \u00e1tomos do corpo e da mente! No fim, uma demonstra\u00e7\u00e3o did\u00e1tica das 5 posturas do yoga tibetano &#8211; para dar a ideia &#8211;  num dos v\u00eddeos anexos).<br \/>\n<\/br><br \/>\nAssim, do poem\u00e1rio do Rumi \u00e0 cabe\u00e7a que faz falta da Carmem \u2013 por uma fra\u00e7\u00e3o de segundo \u201crealizei\u201d os dois rodando e rodando numa \u201cciranda de j\u00fabilo infinita\u201d!!!<br \/>\n<\/br><br \/>\nSobre a Carmem envio (ou reenvio) o texto escrito  no dia do centen\u00e1rio de seu nascimento, h\u00e1 tr\u00eas anos\u2026 Obrigado Irm\u00e3 Antiga. N\u00e3o custa agradec\u00ea-la mais uma vez.<br \/>\n<\/br><br \/>\n<a href=\"http:\/\/imediata.org\/wp-content\/uploads\/2012\/02\/5fGLkrxEqtWy4.jpg\"><img loading=\"lazy\" decoding=\"async\" src=\"http:\/\/imediata.org\/wp-content\/uploads\/2012\/02\/5fGLkrxEqtWy4.jpg\" alt=\"\" title=\"5fGLkrxEqtWy4\" width=\"130\" height=\"97\" class=\"alignright size-full wp-image-1217\" \/><\/a><br \/>\n<\/br><br \/>\n<strong>OBRIGADO IRM\u00c3 ANTIGA<\/strong><br \/>\n <\/br><br \/>\n<strong>de Mario S. Mieli<br \/>\n Terra Brasilis, 9 de fevereiro de 2009<\/strong><br \/>\n <\/br><br \/>\n<strong>\u201cEste \u00e9 o campo sem fim de onde n\u00e3o retornam<br \/>\nternuras!<br \/>\nEntornai-vos, ondas eternas!<br \/>\n                                    (Cec\u00edlia Meirelles)<\/strong><br \/>\n<\/br><br \/>\nForam essas palavras<br \/>\nque reservou,<br \/>\nno dia de hoje,<br \/>\npara ti<br \/>\na minha matem\u00e1gica pr\u00e1tica da bibliomancia\u2026<br \/>\n\u2026abrir uma p\u00e1gina qualquer de um qualquer  livro<br \/>\ne deixar  o acaso oracular\u2026<br \/>\n <\/br><br \/>\nhoje, 09 de 02 de 2009,<br \/>\ndia de n\u00fameros que parecem desbancar, debochados,<br \/>\no ran\u00e7o s\u00e9rio das datas e comemora\u00e7\u00f5es\u2026<br \/>\ne lembrar que toda a numerologia da matem\u00e1tica<br \/>\nn\u00e3o \u00e9 mais que conven\u00e7\u00e3o, inven\u00e7\u00e3o\u2026 m\u00e9trica\u2026<br \/>\ncan\u00e7\u00e3o\u2026 cora\u00e7\u00e3o\u2026 tic-tac\u2026 governador da embarca\u00e7\u00e3o\u2026<br \/>\n<\/br><br \/>\ncifras brincalhonas, mas  que marcam a gra\u00e7a<br \/>\ndos cem anos que farias desde o \u201cdia em que apareceste no mundo\u201d<br \/>\nse te defrontasses ainda com teu dotado corpinho f\u00edsico<br \/>\n\u201cna batucada da vida\u201d\u2026<br \/>\n<\/br><br \/>\nmas \u00e9s mais que matem\u00e1ticamat\u00e9ria desencarnada\u2026<br \/>\nmesmo sem a Carmemcarca\u00e7a te mirando, Miranda\u2026.<br \/>\n\u00c9s a quintess\u00eancia do \u201cbalanc\u00ea\u201d,<br \/>\nbem al\u00e9m do \u201crecenseamento\u201d\u2026<br \/>\n<\/br><br \/>\n\u00c9s a shakti encarnada do Brasil.<br \/>\nTu que nem brasileira eras\u2026<br \/>\n\u00c9s a onda eterna que entorna Brasil.<br \/>\n<\/br><br \/>\nQuero-te sempre escapul\u00e1rio<br \/>\nsussurrando no meu ombro,<br \/>\nsob a \u201ccamisa listada\u201d de \u201cquerido ad\u00e3o\u201d<br \/>\nteus puramente en-canta-dos encantamentos<br \/>\nde irm\u00e3 antiga envolta em labareda de luminosidades<br \/>\niluminadas  modernidades<br \/>\namor-tern\u2019idades<br \/>\nCac\u00f3fonarinaureolada dos aromas frut\u00edferos de teus<br \/>\nchap\u00e9us de tirar o(s) chap\u00e9u(s) e teus \u201ctabuleiros da baiana\u201d\u2026<br \/>\n<\/br><br \/>\nChispas, fa\u00edscas, fagulhas em cada piscada de olho infinita<br \/>\ngesticula\u00e7\u00f5es trejeitosas consagradas em mudras fecundos<br \/>\nGl\u00f3ria dos sentidos<br \/>\nque consolam da solid\u00e3o e abrem a possibilidade da<br \/>\nciranda de j\u00fabilo infinita<br \/>\nsubstanciada pela expressividade humana\u2026<br \/>\n<\/br><br \/>\nIrm\u00e3 antiga e transgressora, transencantadora, transcantora transbailarina transcomunicadora, transonda, transtrans-\u201cFon-Fon!\u201d<br \/>\n<\/br><br \/>\nCelebro tuas vibra\u00e7\u00f5es presentes nessa data jocosa<br \/>\nde teus trans-cem-anos\u2026<br \/>\ncascatas desprendidas de flores, frutas, sons, cores\u2026<br \/>\nde \u201cbonecas de pixe\u201d, de \u201ccantoras do r\u00e1dio\u201d, de \u201cuvas de caminh\u00e3o\u201d\u2026<br \/>\n<\/br><br \/>\nIrm\u00e3- \u00edm\u00e3<br \/>\nque atrai<br \/>\nirresistivelmente<br \/>\npara<br \/>\no emanar<br \/>\no escorrer<br \/>\nde maravilhas da cria-a\u00e7\u00e3o<br \/>\nt\u00e3o ao alcance da \u00e9-mo\u00e7\u00e3o!<br \/>\n <\/br><br \/>\nObrigado, irm\u00e3 antiga,<br \/>\npor despertar por todos os meios<br \/>\na carmemiranda da \u201cminha embaixada chegou\u201d,<br \/>\ndo realce, do reavivar,  do se superar<br \/>\ndo \u201ccachorro vira-lata\u201d, do \u201cisso \u00e9 l\u00e1 com Santo Ant\u00f4nio\u201d<br \/>\ndo \u201cpra voc\u00ea gostar de mim\u201d\u2026<br \/>\n<\/br><br \/>\nda ida e da volta<br \/>\nda reviravolta<br \/>\nda re-vida-a-volta<br \/>\nda vida solta<br \/>\n <\/br><br \/>\npela alegria<br \/>\npelo divertimento<br \/>\npelo prazer<br \/>\nda lucidez<br \/>\ndionis\u00edaca<br \/>\ninterior<br \/>\ne<br \/>\ntrans-ascendente.<br \/>\n <\/br><br \/>\nSempre<br \/>\n\u201csem coleira e sem patr\u00e3o\u201d<br \/>\ne porque, como tu, \u201co mundo n\u00e3o se acabou\u201d.<br \/>\n<\/br><br \/>\nEntorna-te,<br \/>\nEntorna-te,<br \/>\nEntorna-te,<br \/>\n<\/br><br \/>\nonda eterna\u2026<br \/>\n<\/br><br \/>\n<a href=\"http:\/\/imediata.org\/wp-content\/uploads\/2012\/02\/carmem+miranda+colecao+de+filmes+antigos+todos+os+filmes+em+dvd+em+recife+recife+pe+brasil__6D4796_1.jpg\"><img loading=\"lazy\" decoding=\"async\" src=\"http:\/\/imediata.org\/wp-content\/uploads\/2012\/02\/carmem+miranda+colecao+de+filmes+antigos+todos+os+filmes+em+dvd+em+recife+recife+pe+brasil__6D4796_1.jpg\" alt=\"\" title=\"carmem+miranda+colecao+de+filmes+antigos+todos+os+filmes+em+dvd+em+recife+recife+pe+brasil__6D4796_1\" width=\"440\" height=\"302\" class=\"alignright size-full wp-image-1214\" srcset=\"https:\/\/imediata.org\/wp-content\/uploads\/2012\/02\/carmem+miranda+colecao+de+filmes+antigos+todos+os+filmes+em+dvd+em+recife+recife+pe+brasil__6D4796_1.jpg 440w, https:\/\/imediata.org\/wp-content\/uploads\/2012\/02\/carmem+miranda+colecao+de+filmes+antigos+todos+os+filmes+em+dvd+em+recife+recife+pe+brasil__6D4796_1-300x205.jpg 300w\" sizes=\"auto, (max-width: 440px) 100vw, 440px\" \/><\/a><br \/>\n<\/br><br \/>\n<a href=\"http:\/\/imediata.org\/wp-content\/uploads\/2012\/02\/Rumi.gif\"><img loading=\"lazy\" decoding=\"async\" src=\"http:\/\/imediata.org\/wp-content\/uploads\/2012\/02\/Rumi.gif\" alt=\"\" title=\"Rumi\" width=\"320\" height=\"380\" class=\"alignright size-full wp-image-1215\" srcset=\"https:\/\/imediata.org\/wp-content\/uploads\/2012\/02\/Rumi.gif 320w, https:\/\/imediata.org\/wp-content\/uploads\/2012\/02\/Rumi-252x300.gif 252w\" sizes=\"auto, (max-width: 320px) 100vw, 320px\" \/><\/a><br \/>\n<\/br><br \/>\n<strong>Carmen Miranda &#8211; Cachorro Vira-Lata (1937)<\/strong><br \/>\nhttp:\/\/youtu.be\/UNwWw3C_gIo<br \/>\n<\/br><br \/>\n<strong>Carmen Miranda &#8211; Tic Tac Do Meu Cora\u00e7\u00e3o<\/strong><br \/>\nhttp:\/\/youtu.be\/o3Gouwyc8Ik<br \/>\n<\/br><br \/>\n<strong>Carmen Miranda &#8211; Camisa listrada (1937)<\/strong><br \/>\nhttp:\/\/youtu.be\/ifJrKOB6TFU<br \/>\n<\/br><br \/>\n<strong>Carmen Miranda &#8211; Rebola a Bola<\/strong><br \/>\n<iframe loading=\"lazy\" title=\"Carmen Miranda - Rebola a Bola\" width=\"640\" height=\"480\" src=\"https:\/\/www.youtube.com\/embed\/JiO1PeE5u-w?feature=oembed\" frameborder=\"0\" allow=\"accelerometer; autoplay; clipboard-write; encrypted-media; gyroscope; picture-in-picture; web-share\" referrerpolicy=\"strict-origin-when-cross-origin\" allowfullscreen><\/iframe><br \/>\n<\/br><br \/>\n<strong>Carmen Miranda &#8211; E o mundo n\u00e3o se acabou.<\/strong><br \/>\n<iframe loading=\"lazy\" title=\"CARMEN MIRANDA | E o mundo n\u00e3o se acabou (1938)\" width=\"640\" height=\"480\" src=\"https:\/\/www.youtube.com\/embed\/5GxA4Elbx80?feature=oembed\" frameborder=\"0\" allow=\"accelerometer; autoplay; clipboard-write; encrypted-media; gyroscope; picture-in-picture; web-share\" referrerpolicy=\"strict-origin-when-cross-origin\" allowfullscreen><\/iframe><br \/>\n<\/br><br \/>\n<strong>Carmen Miranda &#8230; Adeus, Batucada!<\/strong><br \/>\nhttp:\/\/youtu.be\/-fWtoHDdWz8<br \/>\n<\/br><br \/>\n<strong>Mercan Dede &#8211; The Sun Rises in the East<\/strong><br \/>\n<iframe loading=\"lazy\" title=\"Mercan Dede - The Sun Rises in the East \/ G\u00fcne? Do?udan do?ar\" width=\"640\" height=\"360\" src=\"https:\/\/www.youtube.com\/embed\/ZQXTysGR7i8?feature=oembed\" frameborder=\"0\" allow=\"accelerometer; autoplay; clipboard-write; encrypted-media; gyroscope; picture-in-picture; web-share\" referrerpolicy=\"strict-origin-when-cross-origin\" allowfullscreen><\/iframe><br \/>\n<\/br><br \/>\n<strong>Derviches tourneurs \u00e0 Konya<\/strong><br \/>\nhttp:\/\/youtu.be\/arcpFVWfUeY<br \/>\n<\/br><br \/>\n<strong>The 5 Tibetan Yoga Poses<\/strong><br \/>\n<iframe loading=\"lazy\" title=\"Thierry Brouwers, shaman ALATOM, the 5 Tibetan Poses YOGA\" width=\"640\" height=\"360\" src=\"https:\/\/www.youtube.com\/embed\/Dtdxygscbow?feature=oembed\" frameborder=\"0\" allow=\"accelerometer; autoplay; clipboard-write; encrypted-media; gyroscope; picture-in-picture; web-share\" referrerpolicy=\"strict-origin-when-cross-origin\" allowfullscreen><\/iframe><br \/>\n <\/br><\/p>\n","protected":false},"excerpt":{"rendered":"<p>CABE\u00c7AS QUE FAZEM FALTA n. 12 &#8211; Carmem Miranda com ou sem chap\u00e9u rodando, rodando, que nem Rumi Por: Mario S. Mieli Mensagem de 8\/8\/2011, poema de 9\/2\/2009, repostados em 9\/2\/2012, data de anivers\u00e1rio de Carmem Miranda Quanto eu n\u00e3o daria para ver a Carmem rodando rodando rodando colorid\u00edssima entre os dervixes de branco enchapelados [&hellip;]<\/p>\n","protected":false},"author":1,"featured_media":0,"comment_status":"open","ping_status":"open","sticky":false,"template":"","format":"standard","meta":{"footnotes":""},"categories":[94,11],"tags":[555,557,2544,95,558,556,559],"class_list":["post-1211","post","type-post","status-publish","format-standard","hentry","category-cabecas-que-fazem-falta","category-sambaqui","tag-carmem-miranda","tag-cecilia-meirelles","tag-homenagem-a-carmem-miranda","tag-mario-s-mieli","tag-obrigado-irma-antiga","tag-rumi","tag-yoga-tibetano"],"_links":{"self":[{"href":"https:\/\/imediata.org\/index.php?rest_route=\/wp\/v2\/posts\/1211","targetHints":{"allow":["GET"]}}],"collection":[{"href":"https:\/\/imediata.org\/index.php?rest_route=\/wp\/v2\/posts"}],"about":[{"href":"https:\/\/imediata.org\/index.php?rest_route=\/wp\/v2\/types\/post"}],"author":[{"embeddable":true,"href":"https:\/\/imediata.org\/index.php?rest_route=\/wp\/v2\/users\/1"}],"replies":[{"embeddable":true,"href":"https:\/\/imediata.org\/index.php?rest_route=%2Fwp%2Fv2%2Fcomments&post=1211"}],"version-history":[{"count":6,"href":"https:\/\/imediata.org\/index.php?rest_route=\/wp\/v2\/posts\/1211\/revisions"}],"predecessor-version":[{"id":4610,"href":"https:\/\/imediata.org\/index.php?rest_route=\/wp\/v2\/posts\/1211\/revisions\/4610"}],"wp:attachment":[{"href":"https:\/\/imediata.org\/index.php?rest_route=%2Fwp%2Fv2%2Fmedia&parent=1211"}],"wp:term":[{"taxonomy":"category","embeddable":true,"href":"https:\/\/imediata.org\/index.php?rest_route=%2Fwp%2Fv2%2Fcategories&post=1211"},{"taxonomy":"post_tag","embeddable":true,"href":"https:\/\/imediata.org\/index.php?rest_route=%2Fwp%2Fv2%2Ftags&post=1211"}],"curies":[{"name":"wp","href":"https:\/\/api.w.org\/{rel}","templated":true}]}}