{"id":1207,"date":"2012-02-08T16:04:53","date_gmt":"2012-02-08T16:04:53","guid":{"rendered":"http:\/\/imediata.org\/?p=1207"},"modified":"2012-02-08T16:04:53","modified_gmt":"2012-02-08T16:04:53","slug":"cinco-minutos-de-adeus-a-antoni-tapies-e-um-sempre-boas-vindas-a-obra-que-nos-deixou","status":"publish","type":"post","link":"https:\/\/imediata.org\/?p=1207","title":{"rendered":">> Cinco minutos de adeus a Antoni T\u00e0pies e um sempre boas-vindas \u00e0 obra que nos deixou"},"content":{"rendered":"<p><strong>Cinco minutos de adeus a Antoni T\u00e0pies e um sempre boas-vindas \u00e0 obra que nos deixou<\/strong><br \/>\n<\/br><br \/>\n<strong>Por: Mario S. Mieli<br \/>\n8 de fevereiro de 2012<\/strong><br \/>\n<\/br><br \/>\n<a href=\"http:\/\/imediata.org\/wp-content\/uploads\/2012\/02\/antoni-tc3a0pies.jpg\"><img loading=\"lazy\" decoding=\"async\" src=\"http:\/\/imediata.org\/wp-content\/uploads\/2012\/02\/antoni-tc3a0pies.jpg\" alt=\"\" title=\"antoni-tc3a0pies\" width=\"300\" height=\"245\" class=\"alignright size-full wp-image-1208\" \/><\/a><br \/>\n<\/br><br \/>\n<strong>Antoni T\u00e0pies, nascido em Barcelona em 13 de dezembro de 1923 e falecido em 6 de fevereiro de 2012, um dos grandes artistas do s\u00e9culo XX que se foi.  <\/strong><br \/>\n<\/br><br \/>\n<strong>Antoni T\u00e1pies &#8211; Reportaje 3\/3<\/strong><br \/>\nhttp:\/\/youtu.be\/MFFD1Xgi4S0<br \/>\n<\/br><br \/>\n<strong>Antoni T\u00e0pies<\/strong><br \/>\n<iframe loading=\"lazy\" title=\"Antoni T\u00e0pies\" width=\"640\" height=\"480\" src=\"https:\/\/www.youtube.com\/embed\/iw2dhHrRBNg?feature=oembed\" frameborder=\"0\" allow=\"accelerometer; autoplay; clipboard-write; encrypted-media; gyroscope; picture-in-picture; web-share\" referrerpolicy=\"strict-origin-when-cross-origin\" allowfullscreen><\/iframe><br \/>\n<\/br><br \/>\n<strong>O artista e sua obra por ocasi\u00e3o da retrospectiva no Jeu de Paume \u2013 arquivo do INA.<\/strong><br \/>\n<a href=\"http:\/\/www.ina.fr\/art-et-culture\/musees-et-expositions\/video\/CAB94095365\/antoni-tapies.fr.html\">http:\/\/www.ina.fr\/art-et-culture\/musees-et-expositions\/video\/CAB94095365\/antoni-tapies.fr.html<\/a><br \/>\n<\/br><br \/>\n<strong>Para saber mais sobre T\u00e0pies<\/strong><br \/>\n<a href=\"http:\/\/pt.wikipedia.org\/wiki\/Antoni_T\u00e0pies\">http:\/\/pt.wikipedia.org\/wiki\/Antoni_T\u00e0pies<\/a><\/p>\n<p><a href=\"http:\/\/imediata.org\/wp-content\/uploads\/2012\/02\/AT_Journal_G166.jpg\"><img loading=\"lazy\" decoding=\"async\" src=\"http:\/\/imediata.org\/wp-content\/uploads\/2012\/02\/AT_Journal_G166-300x200.jpg\" alt=\"\" title=\"AT_Journal_G166\" width=\"300\" height=\"200\" class=\"alignright size-medium wp-image-1209\" srcset=\"https:\/\/imediata.org\/wp-content\/uploads\/2012\/02\/AT_Journal_G166-300x200.jpg 300w, https:\/\/imediata.org\/wp-content\/uploads\/2012\/02\/AT_Journal_G166.jpg 650w\" sizes=\"auto, (max-width: 300px) 100vw, 300px\" \/><\/a><\/p>\n","protected":false},"excerpt":{"rendered":"<p>Cinco minutos de adeus a Antoni T\u00e0pies e um sempre boas-vindas \u00e0 obra que nos deixou Por: Mario S. Mieli 8 de fevereiro de 2012 Antoni T\u00e0pies, nascido em Barcelona em 13 de dezembro de 1923 e falecido em 6 de fevereiro de 2012, um dos grandes artistas do s\u00e9culo XX que se foi. Antoni [&hellip;]<\/p>\n","protected":false},"author":1,"featured_media":0,"comment_status":"open","ping_status":"open","sticky":false,"template":"","format":"standard","meta":{"footnotes":""},"categories":[212,11],"tags":[554,95],"class_list":["post-1207","post","type-post","status-publish","format-standard","hentry","category-cinco-minutos","category-sambaqui","tag-antoni-tapies","tag-mario-s-mieli"],"_links":{"self":[{"href":"https:\/\/imediata.org\/index.php?rest_route=\/wp\/v2\/posts\/1207","targetHints":{"allow":["GET"]}}],"collection":[{"href":"https:\/\/imediata.org\/index.php?rest_route=\/wp\/v2\/posts"}],"about":[{"href":"https:\/\/imediata.org\/index.php?rest_route=\/wp\/v2\/types\/post"}],"author":[{"embeddable":true,"href":"https:\/\/imediata.org\/index.php?rest_route=\/wp\/v2\/users\/1"}],"replies":[{"embeddable":true,"href":"https:\/\/imediata.org\/index.php?rest_route=%2Fwp%2Fv2%2Fcomments&post=1207"}],"version-history":[{"count":1,"href":"https:\/\/imediata.org\/index.php?rest_route=\/wp\/v2\/posts\/1207\/revisions"}],"predecessor-version":[{"id":1210,"href":"https:\/\/imediata.org\/index.php?rest_route=\/wp\/v2\/posts\/1207\/revisions\/1210"}],"wp:attachment":[{"href":"https:\/\/imediata.org\/index.php?rest_route=%2Fwp%2Fv2%2Fmedia&parent=1207"}],"wp:term":[{"taxonomy":"category","embeddable":true,"href":"https:\/\/imediata.org\/index.php?rest_route=%2Fwp%2Fv2%2Fcategories&post=1207"},{"taxonomy":"post_tag","embeddable":true,"href":"https:\/\/imediata.org\/index.php?rest_route=%2Fwp%2Fv2%2Ftags&post=1207"}],"curies":[{"name":"wp","href":"https:\/\/api.w.org\/{rel}","templated":true}]}}