{"id":1127,"date":"2012-01-27T01:46:42","date_gmt":"2012-01-27T01:46:42","guid":{"rendered":"http:\/\/imediata.org\/?p=1127"},"modified":"2012-01-27T02:16:42","modified_gmt":"2012-01-27T02:16:42","slug":"amores-insolitos-10-resgatando-um-brasil-que-muitos-querem-enterrar-vivo","status":"publish","type":"post","link":"https:\/\/imediata.org\/?p=1127","title":{"rendered":">> AMORES INS\u00d3LITOS 10 &#8211; Resgatando um Brasil que muitos querem enterrar vivo"},"content":{"rendered":"<p><strong>AMORES INS\u00d3LITOS 10 &#8211; Resgatando um Brasil que muitos querem enterrar vivo. <\/strong><br \/>\n<\/br><br \/>\nPor: Mario S. Mieli<br \/>\n26 de janeiro de 2012<br \/>\n<\/br><br \/>\n<strong>E NA LINHA DE FRENTE DOS COVEIROS CULTURAIS EST\u00c3O AQUELES QUE TACHAM DE SAUDOSISTAS A TODOS OS QUE DISTINGUEM O TSUNAMI DE LIXO COMERCIAL DAS EXPRESS\u00d5ES DE GENUINA QUALIDADE. EIS ALGUNS GANCHOS DE RESGATE:<\/strong><br \/>\n<\/br><br \/>\n<strong>A M\u00fasica Segundo Tom Jobim, de Nelson Pereira dos Santos | Trailer Oficial | 20 de janeiro nos cinemas<\/strong><br \/>\n<iframe loading=\"lazy\" title=\"A M\u00fasica Segundo Tom Jobim | Trailer Oficial | Em exibi\u00e7\u00e3o nos cinemas\" width=\"640\" height=\"360\" src=\"https:\/\/www.youtube.com\/embed\/QNvrQ4yJQZY?feature=oembed\" frameborder=\"0\" allow=\"accelerometer; autoplay; clipboard-write; encrypted-media; gyroscope; picture-in-picture; web-share\" referrerpolicy=\"strict-origin-when-cross-origin\" allowfullscreen><\/iframe><br \/>\n <\/br><br \/>\n<strong>A M\u00fasica Segundo Tom Jobim &#8211; Pr\u00e9-Estr\u00e9ia em S\u00e3o Paulo<\/strong><br \/>\n<iframe loading=\"lazy\" title=\"A M\u00fasica Segundo Tom Jobim - Pr\u00e9-Estreia em S\u00e3o Paulo\" width=\"640\" height=\"360\" src=\"https:\/\/www.youtube.com\/embed\/UTRLM-JF00Y?feature=oembed\" frameborder=\"0\" allow=\"accelerometer; autoplay; clipboard-write; encrypted-media; gyroscope; picture-in-picture; web-share\" referrerpolicy=\"strict-origin-when-cross-origin\" allowfullscreen><\/iframe><br \/>\n <\/br><br \/>\n<strong>Trailer &#8211; As Can\u00e7\u00f5es de Eduardo Coutinho<\/strong><br \/>\n<iframe loading=\"lazy\" title=\"Trailer As Can\u00e7\u00f5es\" width=\"640\" height=\"360\" src=\"https:\/\/www.youtube.com\/embed\/XxckBHKLluU?feature=oembed\" frameborder=\"0\" allow=\"accelerometer; autoplay; clipboard-write; encrypted-media; gyroscope; picture-in-picture; web-share\" referrerpolicy=\"strict-origin-when-cross-origin\" allowfullscreen><\/iframe><br \/>\n<\/br><br \/>\n<strong>Um pensador do Brasil nas telas, por Orlando Margarido, em Carta Capital:<\/strong><br \/>\n<a href=\"http:\/\/www.cartacapital.com.br\/cultura\/um-pensador-do-brasil-nas-telas\/\">http:\/\/www.cartacapital.com.br\/cultura\/um-pensador-do-brasil-nas-telas\/<\/a><br \/>\n<\/br><br \/>\n<strong>A presidenta Dilma e Paulinho da Viola, por Urariano Mota, em Direto da Reda\u00e7\u00e3o:<\/strong><br \/>\n<a href=\"http:\/\/www.diretodaredacao.com\/noticia\/a-presidenta-dilma-e-paulinho-da-viola\">http:\/\/www.diretodaredacao.com\/noticia\/a-presidenta-dilma-e-paulinho-da-viola<\/a><br \/>\n<\/br><br \/>\n<strong>Para Um Amor no Recife &#8211; Paulinho da Viola &#8211; 1971<\/strong><br \/>\n<iframe loading=\"lazy\" title=\"Para Um Amor no Recife - Paulinho da Viola - 1971\" width=\"640\" height=\"480\" src=\"https:\/\/www.youtube.com\/embed\/PClFteQLPxI?feature=oembed\" frameborder=\"0\" allow=\"accelerometer; autoplay; clipboard-write; encrypted-media; gyroscope; picture-in-picture; web-share\" referrerpolicy=\"strict-origin-when-cross-origin\" allowfullscreen><\/iframe><\/p>\n","protected":false},"excerpt":{"rendered":"<p>AMORES INS\u00d3LITOS 10 &#8211; Resgatando um Brasil que muitos querem enterrar vivo. Por: Mario S. Mieli 26 de janeiro de 2012 E NA LINHA DE FRENTE DOS COVEIROS CULTURAIS EST\u00c3O AQUELES QUE TACHAM DE SAUDOSISTAS A TODOS OS QUE DISTINGUEM O TSUNAMI DE LIXO COMERCIAL DAS EXPRESS\u00d5ES DE GENUINA QUALIDADE. EIS ALGUNS GANCHOS DE RESGATE: [&hellip;]<\/p>\n","protected":false},"author":1,"featured_media":0,"comment_status":"open","ping_status":"open","sticky":false,"template":"","format":"standard","meta":{"footnotes":""},"categories":[98,11],"tags":[502,504,500,496,503,499,95,497,498,505,507,501,506],"class_list":["post-1127","post","type-post","status-publish","format-standard","hentry","category-amores-insolitos-6","category-sambaqui","tag-a-musica-segundo-tom-jobim","tag-as-cancoes","tag-cineastas-brasileiros","tag-cultura-brasileira","tag-eduardo-coutinho","tag-filmes-brasileiros","tag-mario-s-mieli","tag-musica-popular-brasileira","tag-nelson-pereira-dos-santos","tag-orlando-margarido","tag-paulinho-da-viola","tag-tom-jobm","tag-urariano-mota"],"_links":{"self":[{"href":"https:\/\/imediata.org\/index.php?rest_route=\/wp\/v2\/posts\/1127","targetHints":{"allow":["GET"]}}],"collection":[{"href":"https:\/\/imediata.org\/index.php?rest_route=\/wp\/v2\/posts"}],"about":[{"href":"https:\/\/imediata.org\/index.php?rest_route=\/wp\/v2\/types\/post"}],"author":[{"embeddable":true,"href":"https:\/\/imediata.org\/index.php?rest_route=\/wp\/v2\/users\/1"}],"replies":[{"embeddable":true,"href":"https:\/\/imediata.org\/index.php?rest_route=%2Fwp%2Fv2%2Fcomments&post=1127"}],"version-history":[{"count":4,"href":"https:\/\/imediata.org\/index.php?rest_route=\/wp\/v2\/posts\/1127\/revisions"}],"predecessor-version":[{"id":1131,"href":"https:\/\/imediata.org\/index.php?rest_route=\/wp\/v2\/posts\/1127\/revisions\/1131"}],"wp:attachment":[{"href":"https:\/\/imediata.org\/index.php?rest_route=%2Fwp%2Fv2%2Fmedia&parent=1127"}],"wp:term":[{"taxonomy":"category","embeddable":true,"href":"https:\/\/imediata.org\/index.php?rest_route=%2Fwp%2Fv2%2Fcategories&post=1127"},{"taxonomy":"post_tag","embeddable":true,"href":"https:\/\/imediata.org\/index.php?rest_route=%2Fwp%2Fv2%2Ftags&post=1127"}],"curies":[{"name":"wp","href":"https:\/\/api.w.org\/{rel}","templated":true}]}}